{"id":26588,"date":"2026-08-31T13:34:41","date_gmt":"2026-08-31T19:34:41","guid":{"rendered":"https:\/\/wp.uaslp.mx\/noticias\/?p=26588"},"modified":"2026-08-31T13:34:43","modified_gmt":"2026-08-31T19:34:43","slug":"fen-ofrece-programa-de-actualizacion-para-enfermeras-y-enfermeros-con-fines-de-titulacion","status":"publish","type":"post","link":"https:\/\/wp.uaslp.mx\/noticias\/academica\/fen-ofrece-programa-de-actualizacion-para-enfermeras-y-enfermeros-con-fines-de-titulacion\/","title":{"rendered":"FEN ofrece programa de actualizaci\u00f3n para enfermeras y enfermeros con fines de titulaci\u00f3n"},"content":{"rendered":"\n<p class=\"wp-block-paragraph\">La Universidad Aut\u00f3noma de San Luis Potos\u00ed (UASLP), a trav\u00e9s de la <a href=\"https:\/\/www.facebook.com\/enfermeriaynutricionUASLP\/?locale=es_LA\">Facultad de Enfermer\u00eda y Nutrici\u00f3n<\/a> (FEN), ofrece el Programa de Actualizaci\u00f3n y Desarrollo de Competencias para Enfermeras y Enfermeros con fines de Titulaci\u00f3n, dirigido principalmente a egresados que concluyeron su formaci\u00f3n acad\u00e9mica y servicio social, pero que por diversas circunstancias se encuentran en rezago de titulaci\u00f3n.<\/p>\n\n\n\n<p class=\"wp-block-paragraph\">El maestro Pedro Gonz\u00e1lez Silva, responsable de Educaci\u00f3n Continua de la Facultad de Enfermer\u00eda y Nutrici\u00f3n, explic\u00f3 que esta propuesta busca brindar un trayecto formativo que permita a egresados de diferentes generaciones actualizar sus conocimientos y homologar sus competencias con las exigencias actuales de la profesi\u00f3n.<\/p>\n\n\n\n<p class=\"wp-block-paragraph\">Se\u00f1al\u00f3 que el programa no establece una generaci\u00f3n espec\u00edfica como requisito de ingreso, debido a los cambios que han experimentado los planes curriculares de la Facultad a lo largo de los a\u00f1os. Por ello, uno de sus principales objetivos es establecer una homologaci\u00f3n entre la formaci\u00f3n que recibieron los egresados y las competencias que actualmente demanda la licenciatura en Enfermer\u00eda.<\/p>\n\n\n\n<p class=\"wp-block-paragraph\">\u201cLo que se pretende es que haya una homologaci\u00f3n en cuanto a las competencias actuales que pide la Facultad\u201d, destac\u00f3 el maestro Gonz\u00e1lez Silva.<\/p>\n\n\n\n<p class=\"wp-block-paragraph\">Para participar, los interesados deben haber concluido su plan curricular y servicio social, adem\u00e1s de cumplir con el proceso establecido para determinar su incorporaci\u00f3n al programa. Esta alternativa representa una oportunidad para quienes desean concluir su proceso de titulaci\u00f3n y, al mismo tiempo, fortalecer su preparaci\u00f3n profesional.<\/p>\n\n\n\n<p class=\"wp-block-paragraph\">El diplomado contempla 196 horas distribuidas en cinco meses y est\u00e1 organizado en tres m\u00f3dulos que integran los ejes disciplinar, humano y social. La modalidad es h\u00edbrida, con predominio de actividades virtuales y sesiones presenciales al finalizar cada eje, adem\u00e1s de espacios de pr\u00e1ctica y laboratorios de simulaci\u00f3n en la Facultad.<\/p>\n\n\n\n<p class=\"wp-block-paragraph\">Entre los contenidos se encuentran epidemiolog\u00eda, bioestad\u00edstica, gerencia, bio\u00e9tica en enfermer\u00eda, procesos psicosociales, psiquiatr\u00eda, atenci\u00f3n en las diferentes etapas de la vida, salud mental y promoci\u00f3n de la salud.<\/p>\n\n\n\n<p class=\"wp-block-paragraph\">El responsable de Educaci\u00f3n Continua destac\u00f3 que la modalidad est\u00e1 dise\u00f1ada para facilitar la participaci\u00f3n de profesionales que actualmente se encuentran incorporados al \u00e1mbito laboral, de manera que puedan continuar con sus actividades mientras fortalecen sus competencias.<\/p>\n\n\n\n<p class=\"wp-block-paragraph\">\u201cEs una gran oportunidad para que terminen este ciclo, se titulen y opten por puestos m\u00e1s altos en el \u00e1mbito de la salud\u201d, afirm\u00f3.<\/p>\n\n\n\n<p class=\"wp-block-paragraph\">Las personas interesadas pueden consultar la convocatoria y los requisitos a trav\u00e9s de las redes sociales y p\u00e1gina de la Facultad de Enfermer\u00eda y Nutrici\u00f3n de la UASLP, donde se encuentra disponible un formulario de registro, que permite conocer el a\u00f1o de generaci\u00f3n, verificar la conclusi\u00f3n del plan curricular y servicio social, y establecer contacto con los aspirantes.<\/p>\n\n\n\n<p class=\"wp-block-paragraph\">El maestro Pedro Gonz\u00e1lez Silva tambi\u00e9n brinda informaci\u00f3n de manera presencial en el m\u00f3dulo 1 del edificio A de la Facultad de Enfermer\u00eda y Nutrici\u00f3n, principalmente los viernes, as\u00ed como a trav\u00e9s del correo electr\u00f3nico <a href=\"mailto:pedro.silva@uaslp.mx\">pedro.silva@uaslp.mx<\/a> y en el tel\u00e9fono 444 826 2300 extensi\u00f3n 5015.<\/p>\n\n\n\n<p class=\"has-text-align-right wp-block-paragraph\"><em>Paola Mu\u00f1oz<\/em><\/p>\n\n\n<div class=\"pgc-sgb-cb wp-block-pgcsimplygalleryblock-masonry \" data-gallery-id=\"94986092\"><div class=\"sgb-preloader\" id=\"pr_94986092\">\n\t<div class=\"sgb-square\" style=\"background:#d4d4d4\"><\/div>\n\t<div class=\"sgb-square\" style=\"background:#d4d4d4\"><\/div>\n\t<div class=\"sgb-square\" style=\"background:#d4d4d4\"><\/div>\n\t<div class=\"sgb-square\" style=\"background:#d4d4d4\"><\/div><\/div><div class=\"simply-gallery-amp pgc_sgb_slider \"><noscript><div class=\"sgb-gallery\"><div class=\"sgb-item\"><a href=\"https:\/\/wp.uaslp.mx\/noticias\/wp-content\/uploads\/sites\/5\/2026\/08\/WhatsApp-Image-2026-08-31-at-12.16.05-PM.jpeg\"><img decoding=\"async\" alt=\"\" width=\"768\" height=\"1024\" loading=\"lazy\" src=\"https:\/\/wp.uaslp.mx\/noticias\/wp-content\/uploads\/sites\/5\/2026\/08\/WhatsApp-Image-2026-08-31-at-12.16.05-PM-768x1024.jpeg\" srcset=\"https:\/\/wp.uaslp.mx\/noticias\/wp-content\/uploads\/sites\/5\/2026\/08\/WhatsApp-Image-2026-08-31-at-12.16.05-PM-768x1024.jpeg 768w,https:\/\/wp.uaslp.mx\/noticias\/wp-content\/uploads\/sites\/5\/2026\/08\/WhatsApp-Image-2026-08-31-at-12.16.05-PM.jpeg 1080w\" sizes=\"auto, 250px\"\/><\/a><\/div><\/div><\/noscript><\/div><script type=\"application\/json\" class=\"sgb-data\">{\"galleryType\":\"pgc_sgb_masonry\",\"galleryId\":\"94986092\",\"images\":[{\"id\":26590,\"title\":\"WhatsApp Image 2026-08-31 at 12.16.05 PM\",\"url\":\"https:\/\/wp.uaslp.mx\/noticias\/wp-content\/uploads\/sites\/5\/2026\/08\/WhatsApp-Image-2026-08-31-at-12.16.05-PM.jpeg\",\"link\":\"https:\/\/wp.uaslp.mx\/noticias\/?attachment_id=26590\",\"alt\":\"\",\"description\":\"\",\"caption\":\"\",\"mime\":\"image\/jpeg\",\"type\":\"image\",\"width\":1080,\"height\":1440,\"sizes\":{\"thumbnail\":{\"height\":150,\"width\":150,\"url\":\"https:\/\/wp.uaslp.mx\/noticias\/wp-content\/uploads\/sites\/5\/2026\/08\/WhatsApp-Image-2026-08-31-at-12.16.05-PM-150x150.jpeg\",\"orientation\":\"landscape\"},\"medium\":{\"height\":1024,\"width\":768,\"url\":\"https:\/\/wp.uaslp.mx\/noticias\/wp-content\/uploads\/sites\/5\/2026\/08\/WhatsApp-Image-2026-08-31-at-12.16.05-PM-768x1024.jpeg\",\"orientation\":\"portrait\"},\"full\":{\"url\":\"https:\/\/wp.uaslp.mx\/noticias\/wp-content\/uploads\/sites\/5\/2026\/08\/WhatsApp-Image-2026-08-31-at-12.16.05-PM.jpeg\",\"height\":1440,\"width\":1080,\"orientation\":\"portrait\"}},\"imageMeta\":{\"aperture\":\"0\",\"credit\":\"\",\"camera\":\"\",\"caption\":\"\",\"created_timestamp\":\"0\",\"copyright\":\"\",\"focal_length\":\"0\",\"iso\":\"0\",\"shutter_speed\":\"0\",\"title\":\"\",\"orientation\":\"0\",\"keywords\":[],\"alt\":\"\"},\"meta\":false}],\"itemsMetaDataCollection\":[]}<\/script><script>(function(){if(window.PGC_SGB && window.PGC_SGB.searcher){window.PGC_SGB.searcher.initBlocks()}})()<\/script><\/div>","protected":false},"excerpt":{"rendered":"<p>La Universidad Aut\u00f3noma de San Luis Potos\u00ed (UASLP), a trav\u00e9s de la Facultad de Enfermer\u00eda&#8230;<\/p>\n","protected":false},"author":12,"featured_media":26589,"comment_status":"closed","ping_status":"closed","sticky":false,"template":"","format":"standard","meta":{"pgc_sgb_lightbox_settings":"","footnotes":"","_members_access_role":[],"_members_access_error":""},"categories":[2],"tags":[1923],"class_list":["post-26588","post","type-post","status-publish","format-standard","has-post-thumbnail","hentry","category-academica","tag-enfermeriauaslp"],"featured_image_urls":{"full":["https:\/\/wp.uaslp.mx\/noticias\/wp-content\/uploads\/sites\/5\/2026\/08\/WhatsApp-Image-2026-08-31-at-12.16.04-PM.jpeg",1600,1198,false],"thumbnail":["https:\/\/wp.uaslp.mx\/noticias\/wp-content\/uploads\/sites\/5\/2026\/08\/WhatsApp-Image-2026-08-31-at-12.16.04-PM-150x150.jpeg",150,150,true],"medium":["https:\/\/wp.uaslp.mx\/noticias\/wp-content\/uploads\/sites\/5\/2026\/08\/WhatsApp-Image-2026-08-31-at-12.16.04-PM-1024x767.jpeg",1024,767,true],"medium_large":["https:\/\/wp.uaslp.mx\/noticias\/wp-content\/uploads\/sites\/5\/2026\/08\/WhatsApp-Image-2026-08-31-at-12.16.04-PM-768x575.jpeg",640,479,true],"large":["https:\/\/wp.uaslp.mx\/noticias\/wp-content\/uploads\/sites\/5\/2026\/08\/WhatsApp-Image-2026-08-31-at-12.16.04-PM.jpeg",1600,1198,false],"1536x1536":["https:\/\/wp.uaslp.mx\/noticias\/wp-content\/uploads\/sites\/5\/2026\/08\/WhatsApp-Image-2026-08-31-at-12.16.04-PM-1536x1150.jpeg",1536,1150,true],"2048x2048":["https:\/\/wp.uaslp.mx\/noticias\/wp-content\/uploads\/sites\/5\/2026\/08\/WhatsApp-Image-2026-08-31-at-12.16.04-PM.jpeg",1600,1198,false],"newsever-slider-full":["https:\/\/wp.uaslp.mx\/noticias\/wp-content\/uploads\/sites\/5\/2026\/08\/WhatsApp-Image-2026-08-31-at-12.16.04-PM-1280x845.jpeg",1280,845,true],"newsever-featured":["https:\/\/wp.uaslp.mx\/noticias\/wp-content\/uploads\/sites\/5\/2026\/08\/WhatsApp-Image-2026-08-31-at-12.16.04-PM-1024x767.jpeg",1024,767,true],"newsever-medium":["https:\/\/wp.uaslp.mx\/noticias\/wp-content\/uploads\/sites\/5\/2026\/08\/WhatsApp-Image-2026-08-31-at-12.16.04-PM-720x475.jpeg",720,475,true],"mailpoet_newsletter_max":["https:\/\/wp.uaslp.mx\/noticias\/wp-content\/uploads\/sites\/5\/2026\/08\/WhatsApp-Image-2026-08-31-at-12.16.04-PM-1320x988.jpeg",1320,988,true]},"author_info":{"display_name":"Prensa y difusi\u00f3n","author_link":"https:\/\/wp.uaslp.mx\/noticias\/author\/giovannamorales\/"},"category_info":"<a href=\"https:\/\/wp.uaslp.mx\/noticias\/category\/academica\/\" rel=\"category tag\">Acad\u00e9mica<\/a>","tag_info":"Acad\u00e9mica","comment_count":"0","_links":{"self":[{"href":"https:\/\/wp.uaslp.mx\/noticias\/wp-json\/wp\/v2\/posts\/26588","targetHints":{"allow":["GET"]}}],"collection":[{"href":"https:\/\/wp.uaslp.mx\/noticias\/wp-json\/wp\/v2\/posts"}],"about":[{"href":"https:\/\/wp.uaslp.mx\/noticias\/wp-json\/wp\/v2\/types\/post"}],"author":[{"embeddable":true,"href":"https:\/\/wp.uaslp.mx\/noticias\/wp-json\/wp\/v2\/users\/12"}],"replies":[{"embeddable":true,"href":"https:\/\/wp.uaslp.mx\/noticias\/wp-json\/wp\/v2\/comments?post=26588"}],"version-history":[{"count":1,"href":"https:\/\/wp.uaslp.mx\/noticias\/wp-json\/wp\/v2\/posts\/26588\/revisions"}],"predecessor-version":[{"id":26591,"href":"https:\/\/wp.uaslp.mx\/noticias\/wp-json\/wp\/v2\/posts\/26588\/revisions\/26591"}],"wp:featuredmedia":[{"embeddable":true,"href":"https:\/\/wp.uaslp.mx\/noticias\/wp-json\/wp\/v2\/media\/26589"}],"wp:attachment":[{"href":"https:\/\/wp.uaslp.mx\/noticias\/wp-json\/wp\/v2\/media?parent=26588"}],"wp:term":[{"taxonomy":"category","embeddable":true,"href":"https:\/\/wp.uaslp.mx\/noticias\/wp-json\/wp\/v2\/categories?post=26588"},{"taxonomy":"post_tag","embeddable":true,"href":"https:\/\/wp.uaslp.mx\/noticias\/wp-json\/wp\/v2\/tags?post=26588"}],"curies":[{"name":"wp","href":"https:\/\/api.w.org\/{rel}","templated":true}]}}