{"id":26584,"date":"2026-08-31T13:29:37","date_gmt":"2026-08-31T19:29:37","guid":{"rendered":"https:\/\/wp.uaslp.mx\/noticias\/?p=26584"},"modified":"2026-08-31T13:29:39","modified_gmt":"2026-08-31T19:29:39","slug":"en-sesion-ordinaria-de-agosto-cdu-de-la-uaslp-aprobo-diversos-temas-que-benefician-a-su-comunidad","status":"publish","type":"post","link":"https:\/\/wp.uaslp.mx\/noticias\/cdu\/en-sesion-ordinaria-de-agosto-cdu-de-la-uaslp-aprobo-diversos-temas-que-benefician-a-su-comunidad\/","title":{"rendered":"En sesi\u00f3n ordinaria de agosto, CDU de la UASLP aprob\u00f3 diversos temas que benefician a su comunidad"},"content":{"rendered":"\n<p class=\"wp-block-paragraph\">Este lunes, durante la sesi\u00f3n ordinaria de agosto las y los integrantes del<a href=\"https:\/\/www.facebook.com\/LaUASLP\/posts\/-en-sesi%C3%B3n-ordinaria-de-julio-de-2026-el-h-consejo-directivo-universitario-aprob\/1512572724245420\/\"> Consejo Directivo Universitario<\/a> (CDU) de la Universidad Aut\u00f3noma de San Luis Potos\u00ed (UASLP), aprobaron diversos temas en beneficio de la comunidad, como el proyecto de diagn\u00f3stico de Salud Mental 2026 y su plan de trabajo, presentados por la Rector\u00eda.<\/p>\n\n\n\n<p class=\"wp-block-paragraph\">Realizada en la sala Manuel Mar\u00eda Gorri\u00f1o y Arduengo, del Edificio Central, la sesi\u00f3n fue presidida por el rector doctor Alejandro Javier Zerme\u00f1o Guerra y el secretario general maestro Federico Garza Herrera. Como lo marca el reglamento, se cont\u00f3 con la presencia de directoras y directores, consejeras y consejeros tanto maestros como alumnos, de las diferentes entidades acad\u00e9micas.<\/p>\n\n\n\n<p class=\"wp-block-paragraph\">En este sentido, fueron aprobadas tambi\u00e9n las solicitudes de expedici\u00f3n de diplomas de 3 especialidad, 17 t\u00edtulos de grado de maestr\u00eda, y 5 t\u00edtulos de grado de doctorado, que present\u00f3 la Secretar\u00eda de Servicios Escolares. As\u00ed como 16 dict\u00e1menes de jubilaci\u00f3n y 6 de pensi\u00f3n presentados por la Comisi\u00f3n Institucional de Pensiones, que benefician a trabajadoras y trabajadores de diferentes \u00e1reas, quienes cumplieron con la normativa universitaria.<\/p>\n\n\n\n<p class=\"wp-block-paragraph\">Asimismo, se autoriz\u00f3 la modificaci\u00f3n curricular de la Maestr\u00eda en Derechos Humanos, as\u00ed como la incorporaci\u00f3n de la Facultad de Estudios Profesionales Zona Huasteca como nueva sede de este programa educativo y la propuesta curricular y los programas de asignatura a impartirse del primer al tercer cuatrimestre, del nuevo programa educativo Licenciatura en Administraci\u00f3n en Tecnolog\u00edas Empresariales, que present\u00f3 la Coordinaci\u00f3n Acad\u00e9mica Regi\u00f3n Altiplano Oeste.<\/p>\n\n\n\n<p class=\"wp-block-paragraph\">Tambi\u00e9n el programa de asignatura de Probabilidad y estad\u00edstica 2 a impartirse a partir del tercer semestre, de la Licenciatura en Comercio y Negocios Internacionales, de la Facultad de Econom\u00eda; y la propuesta curricular y los programas de asignatura a impartirse del primer al tercer cuatrimestre, del nuevo programa educativo Licenciatura en Direcci\u00f3n y Gesti\u00f3n Empresarial, de la Facultad de Estudios Profesionales Zona Media.<\/p>\n\n\n\n<p class=\"wp-block-paragraph\">Finalmente, el CDU consinti\u00f3 la reforma relativa a los art\u00edculos 9, fracci\u00f3n XXVI, 63 fracci\u00f3n XIII bis, 113 y 123 bis del Estatuto Org\u00e1nico, respecto del cambio de rango de Divisi\u00f3n de Inform\u00e1tica a Secretar\u00eda de Inform\u00e1tica y Gobierno Digital.<\/p>\n\n\n\n<p class=\"has-text-align-right wp-block-paragraph\"><em>Talia Corpus<\/em><\/p>\n\n\n<div class=\"pgc-sgb-cb wp-block-pgcsimplygalleryblock-justified \" data-gallery-id=\"11455962\"><div class=\"sgb-preloader\" id=\"pr_11455962\">\n\t<div class=\"sgb-square\" style=\"background:#d4d4d4\"><\/div>\n\t<div class=\"sgb-square\" style=\"background:#d4d4d4\"><\/div>\n\t<div class=\"sgb-square\" style=\"background:#d4d4d4\"><\/div>\n\t<div class=\"sgb-square\" style=\"background:#d4d4d4\"><\/div><\/div><div class=\"simply-gallery-amp pgc_sgb_slider \"><noscript><div class=\"sgb-gallery\"><div class=\"sgb-item\"><a href=\"https:\/\/wp.uaslp.mx\/noticias\/wp-content\/uploads\/sites\/5\/2026\/08\/WhatsApp-Image-2026-08-31-at-11.57.38-AM.jpeg\"><img decoding=\"async\" alt=\"\" width=\"1024\" height=\"717\" loading=\"lazy\" src=\"https:\/\/wp.uaslp.mx\/noticias\/wp-content\/uploads\/sites\/5\/2026\/08\/WhatsApp-Image-2026-08-31-at-11.57.38-AM-1024x717.jpeg\" srcset=\"https:\/\/wp.uaslp.mx\/noticias\/wp-content\/uploads\/sites\/5\/2026\/08\/WhatsApp-Image-2026-08-31-at-11.57.38-AM-1024x717.jpeg 1024w,https:\/\/wp.uaslp.mx\/noticias\/wp-content\/uploads\/sites\/5\/2026\/08\/WhatsApp-Image-2026-08-31-at-11.57.38-AM.jpeg 1389w\" sizes=\"auto, 250px\"\/><\/a><\/div><\/div><\/noscript><\/div><script type=\"application\/json\" class=\"sgb-data\">{\"galleryType\":\"pgc_sgb_justified\",\"galleryId\":\"11455962\",\"images\":[{\"id\":26585,\"title\":\"WhatsApp Image 2026-08-31 at 11.57.38 AM\",\"url\":\"https:\/\/wp.uaslp.mx\/noticias\/wp-content\/uploads\/sites\/5\/2026\/08\/WhatsApp-Image-2026-08-31-at-11.57.38-AM.jpeg\",\"link\":\"https:\/\/wp.uaslp.mx\/noticias\/?attachment_id=26585\",\"alt\":\"\",\"description\":\"\",\"caption\":\"\",\"mime\":\"image\/jpeg\",\"type\":\"image\",\"width\":1389,\"height\":973,\"sizes\":{\"thumbnail\":{\"height\":150,\"width\":150,\"url\":\"https:\/\/wp.uaslp.mx\/noticias\/wp-content\/uploads\/sites\/5\/2026\/08\/WhatsApp-Image-2026-08-31-at-11.57.38-AM-150x150.jpeg\",\"orientation\":\"landscape\"},\"medium\":{\"height\":717,\"width\":1024,\"url\":\"https:\/\/wp.uaslp.mx\/noticias\/wp-content\/uploads\/sites\/5\/2026\/08\/WhatsApp-Image-2026-08-31-at-11.57.38-AM-1024x717.jpeg\",\"orientation\":\"landscape\"},\"full\":{\"url\":\"https:\/\/wp.uaslp.mx\/noticias\/wp-content\/uploads\/sites\/5\/2026\/08\/WhatsApp-Image-2026-08-31-at-11.57.38-AM.jpeg\",\"height\":973,\"width\":1389,\"orientation\":\"landscape\"}},\"imageMeta\":{\"aperture\":\"0\",\"credit\":\"\",\"camera\":\"\",\"caption\":\"\",\"created_timestamp\":\"0\",\"copyright\":\"\",\"focal_length\":\"0\",\"iso\":\"0\",\"shutter_speed\":\"0\",\"title\":\"\",\"orientation\":\"0\",\"keywords\":[],\"alt\":\"\"},\"meta\":false}],\"itemsMetaDataCollection\":[]}<\/script><script>(function(){if(window.PGC_SGB && window.PGC_SGB.searcher){window.PGC_SGB.searcher.initBlocks()}})()<\/script><\/div>","protected":false},"excerpt":{"rendered":"<p>Este lunes, durante la sesi\u00f3n ordinaria de agosto las y los integrantes del Consejo Directivo&#8230;<\/p>\n","protected":false},"author":12,"featured_media":26586,"comment_status":"closed","ping_status":"closed","sticky":false,"template":"","format":"standard","meta":{"pgc_sgb_lightbox_settings":"","footnotes":"","_members_access_role":[],"_members_access_error":""},"categories":[1734],"tags":[],"class_list":["post-26584","post","type-post","status-publish","format-standard","has-post-thumbnail","hentry","category-cdu"],"featured_image_urls":{"full":["https:\/\/wp.uaslp.mx\/noticias\/wp-content\/uploads\/sites\/5\/2026\/08\/WhatsApp-Image-2026-08-31-at-11.57.38-AM-1.jpeg",1442,993,false],"thumbnail":["https:\/\/wp.uaslp.mx\/noticias\/wp-content\/uploads\/sites\/5\/2026\/08\/WhatsApp-Image-2026-08-31-at-11.57.38-AM-1-150x150.jpeg",150,150,true],"medium":["https:\/\/wp.uaslp.mx\/noticias\/wp-content\/uploads\/sites\/5\/2026\/08\/WhatsApp-Image-2026-08-31-at-11.57.38-AM-1-1024x705.jpeg",1024,705,true],"medium_large":["https:\/\/wp.uaslp.mx\/noticias\/wp-content\/uploads\/sites\/5\/2026\/08\/WhatsApp-Image-2026-08-31-at-11.57.38-AM-1-767x528.jpeg",640,441,true],"large":["https:\/\/wp.uaslp.mx\/noticias\/wp-content\/uploads\/sites\/5\/2026\/08\/WhatsApp-Image-2026-08-31-at-11.57.38-AM-1.jpeg",1442,993,false],"1536x1536":["https:\/\/wp.uaslp.mx\/noticias\/wp-content\/uploads\/sites\/5\/2026\/08\/WhatsApp-Image-2026-08-31-at-11.57.38-AM-1.jpeg",1442,993,false],"2048x2048":["https:\/\/wp.uaslp.mx\/noticias\/wp-content\/uploads\/sites\/5\/2026\/08\/WhatsApp-Image-2026-08-31-at-11.57.38-AM-1.jpeg",1442,993,false],"newsever-slider-full":["https:\/\/wp.uaslp.mx\/noticias\/wp-content\/uploads\/sites\/5\/2026\/08\/WhatsApp-Image-2026-08-31-at-11.57.38-AM-1-1280x845.jpeg",1280,845,true],"newsever-featured":["https:\/\/wp.uaslp.mx\/noticias\/wp-content\/uploads\/sites\/5\/2026\/08\/WhatsApp-Image-2026-08-31-at-11.57.38-AM-1-1024x705-1.jpeg",1024,705,true],"newsever-medium":["https:\/\/wp.uaslp.mx\/noticias\/wp-content\/uploads\/sites\/5\/2026\/08\/WhatsApp-Image-2026-08-31-at-11.57.38-AM-1-720x475.jpeg",720,475,true],"mailpoet_newsletter_max":["https:\/\/wp.uaslp.mx\/noticias\/wp-content\/uploads\/sites\/5\/2026\/08\/WhatsApp-Image-2026-08-31-at-11.57.38-AM-1-1319x908.jpeg",1319,908,true]},"author_info":{"display_name":"Prensa y difusi\u00f3n","author_link":"https:\/\/wp.uaslp.mx\/noticias\/author\/giovannamorales\/"},"category_info":"<a href=\"https:\/\/wp.uaslp.mx\/noticias\/category\/cdu\/\" rel=\"category tag\">CDU<\/a>","tag_info":"CDU","comment_count":"0","_links":{"self":[{"href":"https:\/\/wp.uaslp.mx\/noticias\/wp-json\/wp\/v2\/posts\/26584","targetHints":{"allow":["GET"]}}],"collection":[{"href":"https:\/\/wp.uaslp.mx\/noticias\/wp-json\/wp\/v2\/posts"}],"about":[{"href":"https:\/\/wp.uaslp.mx\/noticias\/wp-json\/wp\/v2\/types\/post"}],"author":[{"embeddable":true,"href":"https:\/\/wp.uaslp.mx\/noticias\/wp-json\/wp\/v2\/users\/12"}],"replies":[{"embeddable":true,"href":"https:\/\/wp.uaslp.mx\/noticias\/wp-json\/wp\/v2\/comments?post=26584"}],"version-history":[{"count":1,"href":"https:\/\/wp.uaslp.mx\/noticias\/wp-json\/wp\/v2\/posts\/26584\/revisions"}],"predecessor-version":[{"id":26587,"href":"https:\/\/wp.uaslp.mx\/noticias\/wp-json\/wp\/v2\/posts\/26584\/revisions\/26587"}],"wp:featuredmedia":[{"embeddable":true,"href":"https:\/\/wp.uaslp.mx\/noticias\/wp-json\/wp\/v2\/media\/26586"}],"wp:attachment":[{"href":"https:\/\/wp.uaslp.mx\/noticias\/wp-json\/wp\/v2\/media?parent=26584"}],"wp:term":[{"taxonomy":"category","embeddable":true,"href":"https:\/\/wp.uaslp.mx\/noticias\/wp-json\/wp\/v2\/categories?post=26584"},{"taxonomy":"post_tag","embeddable":true,"href":"https:\/\/wp.uaslp.mx\/noticias\/wp-json\/wp\/v2\/tags?post=26584"}],"curies":[{"name":"wp","href":"https:\/\/api.w.org\/{rel}","templated":true}]}}