{"id":26578,"date":"2026-08-25T14:23:13","date_gmt":"2026-08-25T20:23:13","guid":{"rendered":"https:\/\/wp.uaslp.mx\/noticias\/?p=26578"},"modified":"2026-08-31T14:37:40","modified_gmt":"2026-08-31T20:37:40","slug":"uaslp-fortalece-actualizacion-juridica-con-segunda-edicion-del-diplomado-en-juicio-de-amparo","status":"publish","type":"post","link":"https:\/\/wp.uaslp.mx\/noticias\/academica\/uaslp-fortalece-actualizacion-juridica-con-segunda-edicion-del-diplomado-en-juicio-de-amparo\/","title":{"rendered":"UASLP fortalece actualizaci\u00f3n jur\u00eddica con segunda edici\u00f3n del Diplomado en Juicio de Amparo"},"content":{"rendered":"\n<p class=\"wp-block-paragraph\">La Universidad Aut\u00f3noma de San Luis Potos\u00ed (UASLP), a trav\u00e9s de la Divisi\u00f3n de Estudios de <a href=\"https:\/\/www.facebook.com\/PosgradoFDerechoUASLP\/\">Posgrado de la Facultad de Derecho Abogado Ponciano Arriaga Leija<\/a>, llevar\u00e1 a cabo la segunda edici\u00f3n del Diplomado en Juicio de Amparo, programa orientado a fortalecer la actualizaci\u00f3n de profesionales del Derecho ante las recientes reformas constitucionales y a la Ley de Amparo.<\/p>\n\n\n\n<p class=\"wp-block-paragraph\">El coordinador del diplomado, maestro Salvador \u00c1vila Lamas, destac\u00f3 que la propuesta responde a la necesidad de contar con una preparaci\u00f3n especializada y vinculada directamente con la pr\u00e1ctica jur\u00eddica. \u201cEs un diplomado muy importante, muy interesante y, sobre todo, muy necesario, porque ha habido much\u00edsimas reformas a la Constituci\u00f3n y a la propia Ley de Amparo\u201d, se\u00f1al\u00f3.<\/p>\n\n\n\n<p class=\"wp-block-paragraph\">Explic\u00f3 que el juicio de amparo constituye uno de los principales medios de control constitucional en M\u00e9xico, por lo que su conocimiento resulta indispensable para quienes ejercen el Derecho. En este sentido, indic\u00f3 que el programa busca ofrecer una alternativa de capacitaci\u00f3n para abogados y estudiantes que, por sus actividades profesionales, no pueden cursar una maestr\u00eda.<\/p>\n\n\n\n<p class=\"wp-block-paragraph\">\u201cSe vio la necesidad de darles un curso m\u00e1s pr\u00e1ctico, muy acercado a lo que es la realidad en los tribunales\u201d, afirm\u00f3 \u00c1vila Lamas, quien resalt\u00f3 que uno de los principales atributos del diplomado ser\u00e1 la participaci\u00f3n de jueces y magistrados federales como docentes.<\/p>\n\n\n\n<p class=\"wp-block-paragraph\">\u201cRealmente, a trav\u00e9s del mismo estamos llevando los juzgados de amparo al aula. Los maestros van a ser jueces y magistrados federales; entonces, mayor cercan\u00eda con la pr\u00e1ctica no podr\u00edamos tener\u201d, puntualiz\u00f3.<\/p>\n\n\n\n<p class=\"wp-block-paragraph\">El coordinador se\u00f1al\u00f3 que mantener actualizados los conocimientos en esta materia representa actualmente un reto para los profesionales, debido a la profundidad de las modificaciones recientes. \u201cHoy puedo decir que estamos en realidad en presencia de un nuevo juicio de amparo; de esta magnitud han sido las reformas\u201d, explic\u00f3.<\/p>\n\n\n\n<p class=\"wp-block-paragraph\">A\u00f1adi\u00f3 que estos cambios han transformado la din\u00e1mica del procedimiento y requieren que abogados y docentes conozcan las nuevas disposiciones para aplicarlas adecuadamente en los tribunales y transmitirlas a las nuevas generaciones.<\/p>\n\n\n\n<p class=\"wp-block-paragraph\">El diplomado est\u00e1 dirigido principalmente a profesionistas del Derecho, docentes, estudiantes y personas interesadas en la materia. El programa contempla 120 horas de formaci\u00f3n y abordar\u00e1 temas como la tutela constitucional de los derechos humanos en M\u00e9xico, juicio de amparo, tr\u00e1mite del amparo indirecto, suspensi\u00f3n, amparo directo, recursos, cumplimiento de sentencias, Sistema Interamericano de Derechos Humanos, evaluaci\u00f3n de restricciones a los derechos humanos y la influencia social del juicio de amparo.<\/p>\n\n\n\n<p class=\"wp-block-paragraph\">Las clases se desarrollar\u00e1n los viernes de 16:00 a 21:00 horas y s\u00e1bados de 9:00 a 14:00 horas, a partir del 28 de agosto y hasta el 14 de noviembre de 2026. Las inscripciones permanecer\u00e1n abiertas hasta el 27 de agosto. Informes con Lilian Garc\u00eda Cruz, en el correo lilian.garcia@uaslp.mx o en el tel\u00e9fono 444 826 1450 extensi\u00f3n 8371.<\/p>\n\n\n\n<p class=\"wp-block-paragraph\">Finalmente, \u00c1vila Lamas invit\u00f3 a las personas interesadas a aprovechar esta oportunidad de formaci\u00f3n. \u201cLe aseguro que ser\u00e1 de gran utilidad, de gran provecho y beneficio en lo profesional y en lo acad\u00e9mico\u201d, concluy\u00f3.<\/p>\n\n\n<div class=\"pgc-sgb-cb wp-block-pgcsimplygalleryblock-masonry \" data-gallery-id=\"b8149895\"><div class=\"sgb-preloader\" id=\"pr_b8149895\">\n\t<div class=\"sgb-square\" style=\"background:#d4d4d4\"><\/div>\n\t<div class=\"sgb-square\" style=\"background:#d4d4d4\"><\/div>\n\t<div class=\"sgb-square\" style=\"background:#d4d4d4\"><\/div>\n\t<div class=\"sgb-square\" style=\"background:#d4d4d4\"><\/div><\/div><div class=\"simply-gallery-amp pgc_sgb_slider \"><noscript><div class=\"sgb-gallery\"><div class=\"sgb-item\"><a href=\"https:\/\/wp.uaslp.mx\/noticias\/wp-content\/uploads\/sites\/5\/2026\/08\/WhatsApp-Image-2026-08-25-at-11.26.27-AM-1.jpeg\"><img decoding=\"async\" alt=\"\" width=\"587\" height=\"1024\" loading=\"lazy\" src=\"https:\/\/wp.uaslp.mx\/noticias\/wp-content\/uploads\/sites\/5\/2026\/08\/WhatsApp-Image-2026-08-25-at-11.26.27-AM-1-587x1024.jpeg\" srcset=\"https:\/\/wp.uaslp.mx\/noticias\/wp-content\/uploads\/sites\/5\/2026\/08\/WhatsApp-Image-2026-08-25-at-11.26.27-AM-1-587x1024.jpeg 587w,https:\/\/wp.uaslp.mx\/noticias\/wp-content\/uploads\/sites\/5\/2026\/08\/WhatsApp-Image-2026-08-25-at-11.26.27-AM-1.jpeg 917w\" sizes=\"auto, 250px\"\/><\/a><\/div><\/div><\/noscript><\/div><script type=\"application\/json\" class=\"sgb-data\">{\"galleryType\":\"pgc_sgb_masonry\",\"galleryId\":\"b8149895\",\"images\":[{\"id\":26642,\"title\":\"WhatsApp Image 2026-08-25 at 11.26.27 AM (1)\",\"url\":\"https:\/\/wp.uaslp.mx\/noticias\/wp-content\/uploads\/sites\/5\/2026\/08\/WhatsApp-Image-2026-08-25-at-11.26.27-AM-1.jpeg\",\"link\":\"https:\/\/wp.uaslp.mx\/noticias\/?attachment_id=26642\",\"alt\":\"\",\"description\":\"\",\"caption\":\"\",\"mime\":\"image\/jpeg\",\"type\":\"image\",\"width\":917,\"height\":1600,\"sizes\":{\"thumbnail\":{\"height\":150,\"width\":150,\"url\":\"https:\/\/wp.uaslp.mx\/noticias\/wp-content\/uploads\/sites\/5\/2026\/08\/WhatsApp-Image-2026-08-25-at-11.26.27-AM-1-150x150.jpeg\",\"orientation\":\"landscape\"},\"medium\":{\"height\":1024,\"width\":587,\"url\":\"https:\/\/wp.uaslp.mx\/noticias\/wp-content\/uploads\/sites\/5\/2026\/08\/WhatsApp-Image-2026-08-25-at-11.26.27-AM-1-587x1024.jpeg\",\"orientation\":\"portrait\"},\"full\":{\"url\":\"https:\/\/wp.uaslp.mx\/noticias\/wp-content\/uploads\/sites\/5\/2026\/08\/WhatsApp-Image-2026-08-25-at-11.26.27-AM-1.jpeg\",\"height\":1600,\"width\":917,\"orientation\":\"portrait\"}},\"imageMeta\":{\"aperture\":\"0\",\"credit\":\"\",\"camera\":\"\",\"caption\":\"\",\"created_timestamp\":\"0\",\"copyright\":\"\",\"focal_length\":\"0\",\"iso\":\"0\",\"shutter_speed\":\"0\",\"title\":\"\",\"orientation\":\"0\",\"keywords\":[],\"alt\":\"\"},\"meta\":false}],\"itemsMetaDataCollection\":[]}<\/script><script>(function(){if(window.PGC_SGB && window.PGC_SGB.searcher){window.PGC_SGB.searcher.initBlocks()}})()<\/script><\/div>","protected":false},"excerpt":{"rendered":"<p>La Universidad Aut\u00f3noma de San Luis Potos\u00ed (UASLP), a trav\u00e9s de la Divisi\u00f3n de Estudios&#8230;<\/p>\n","protected":false},"author":12,"featured_media":26643,"comment_status":"closed","ping_status":"closed","sticky":false,"template":"","format":"standard","meta":{"pgc_sgb_lightbox_settings":"","footnotes":"","_members_access_role":[],"_members_access_error":""},"categories":[2],"tags":[2612],"class_list":["post-26578","post","type-post","status-publish","format-standard","has-post-thumbnail","hentry","category-academica","tag-diplomadouaslp"],"featured_image_urls":{"full":["https:\/\/wp.uaslp.mx\/noticias\/wp-content\/uploads\/sites\/5\/2026\/08\/WhatsApp-Image-2026-08-25-at-11.26.27-AM-2.jpeg",1600,903,false],"thumbnail":["https:\/\/wp.uaslp.mx\/noticias\/wp-content\/uploads\/sites\/5\/2026\/08\/WhatsApp-Image-2026-08-25-at-11.26.27-AM-2-150x150.jpeg",150,150,true],"medium":["https:\/\/wp.uaslp.mx\/noticias\/wp-content\/uploads\/sites\/5\/2026\/08\/WhatsApp-Image-2026-08-25-at-11.26.27-AM-2-1024x578.jpeg",1024,578,true],"medium_large":["https:\/\/wp.uaslp.mx\/noticias\/wp-content\/uploads\/sites\/5\/2026\/08\/WhatsApp-Image-2026-08-25-at-11.26.27-AM-2-768x433.jpeg",640,361,true],"large":["https:\/\/wp.uaslp.mx\/noticias\/wp-content\/uploads\/sites\/5\/2026\/08\/WhatsApp-Image-2026-08-25-at-11.26.27-AM-2.jpeg",1600,903,false],"1536x1536":["https:\/\/wp.uaslp.mx\/noticias\/wp-content\/uploads\/sites\/5\/2026\/08\/WhatsApp-Image-2026-08-25-at-11.26.27-AM-2-1536x867.jpeg",1536,867,true],"2048x2048":["https:\/\/wp.uaslp.mx\/noticias\/wp-content\/uploads\/sites\/5\/2026\/08\/WhatsApp-Image-2026-08-25-at-11.26.27-AM-2.jpeg",1600,903,false],"newsever-slider-full":["https:\/\/wp.uaslp.mx\/noticias\/wp-content\/uploads\/sites\/5\/2026\/08\/WhatsApp-Image-2026-08-25-at-11.26.27-AM-2-1280x845.jpeg",1280,845,true],"newsever-featured":["https:\/\/wp.uaslp.mx\/noticias\/wp-content\/uploads\/sites\/5\/2026\/08\/WhatsApp-Image-2026-08-25-at-11.26.27-AM-2-1024x578.jpeg",1024,578,true],"newsever-medium":["https:\/\/wp.uaslp.mx\/noticias\/wp-content\/uploads\/sites\/5\/2026\/08\/WhatsApp-Image-2026-08-25-at-11.26.27-AM-2-720x475.jpeg",720,475,true],"mailpoet_newsletter_max":["https:\/\/wp.uaslp.mx\/noticias\/wp-content\/uploads\/sites\/5\/2026\/08\/WhatsApp-Image-2026-08-25-at-11.26.27-AM-2-1320x745.jpeg",1320,745,true]},"author_info":{"display_name":"Prensa y difusi\u00f3n","author_link":"https:\/\/wp.uaslp.mx\/noticias\/author\/giovannamorales\/"},"category_info":"<a href=\"https:\/\/wp.uaslp.mx\/noticias\/category\/academica\/\" rel=\"category tag\">Acad\u00e9mica<\/a>","tag_info":"Acad\u00e9mica","comment_count":"0","_links":{"self":[{"href":"https:\/\/wp.uaslp.mx\/noticias\/wp-json\/wp\/v2\/posts\/26578","targetHints":{"allow":["GET"]}}],"collection":[{"href":"https:\/\/wp.uaslp.mx\/noticias\/wp-json\/wp\/v2\/posts"}],"about":[{"href":"https:\/\/wp.uaslp.mx\/noticias\/wp-json\/wp\/v2\/types\/post"}],"author":[{"embeddable":true,"href":"https:\/\/wp.uaslp.mx\/noticias\/wp-json\/wp\/v2\/users\/12"}],"replies":[{"embeddable":true,"href":"https:\/\/wp.uaslp.mx\/noticias\/wp-json\/wp\/v2\/comments?post=26578"}],"version-history":[{"count":1,"href":"https:\/\/wp.uaslp.mx\/noticias\/wp-json\/wp\/v2\/posts\/26578\/revisions"}],"predecessor-version":[{"id":26644,"href":"https:\/\/wp.uaslp.mx\/noticias\/wp-json\/wp\/v2\/posts\/26578\/revisions\/26644"}],"wp:featuredmedia":[{"embeddable":true,"href":"https:\/\/wp.uaslp.mx\/noticias\/wp-json\/wp\/v2\/media\/26643"}],"wp:attachment":[{"href":"https:\/\/wp.uaslp.mx\/noticias\/wp-json\/wp\/v2\/media?parent=26578"}],"wp:term":[{"taxonomy":"category","embeddable":true,"href":"https:\/\/wp.uaslp.mx\/noticias\/wp-json\/wp\/v2\/categories?post=26578"},{"taxonomy":"post_tag","embeddable":true,"href":"https:\/\/wp.uaslp.mx\/noticias\/wp-json\/wp\/v2\/tags?post=26578"}],"curies":[{"name":"wp","href":"https:\/\/api.w.org\/{rel}","templated":true}]}}