{"id":2655,"date":"2020-10-05T14:00:00","date_gmt":"2020-10-05T19:00:00","guid":{"rendered":"http:\/\/www.noticiasuaslp.com\/?p=2655"},"modified":"2020-10-05T14:00:00","modified_gmt":"2020-10-05T19:00:00","slug":"invitan-a-vacunar-contra-influenza-a-la-poblacion-infantil-piden-no-tener-temor-al-acudir","status":"publish","type":"post","link":"https:\/\/wp.uaslp.mx\/noticias\/uaslp\/invitan-a-vacunar-contra-influenza-a-la-poblacion-infantil-piden-no-tener-temor-al-acudir\/","title":{"rendered":"Invitan a vacunar contra influenza a la poblaci\u00f3n infantil, piden no tener temor al acudir"},"content":{"rendered":"\n<p><\/p>\n\n\n\n<p>El director de la Facultad de Medicina de la Universidad Aut\u00f3noma de San Luis Potos\u00ed, doctor Ismael Herrera Benavente, coment\u00f3 que debido al temor por el Covid-19\u00a0 se est\u00e1 reduciendo la cobertura de vacunaci\u00f3n contra la influenza, afectando considerablemente a ni\u00f1os menores de cinco a\u00f1os, lo que se refleja en cartillas incompletas.<\/p>\n\n\n\n<p>Se\u00f1al\u00f3 que por un lado afect\u00f3 la escasez de vacuna en un principio, y despu\u00e9s el temor de las personas por llevar a vacunar a los ni\u00f1os en los hospitales u otras \u00e1reas de salud.<\/p>\n\n\n\n<p>Herrera Benavente pidi\u00f3 a los padres de familia y a la poblaci\u00f3n en general no alarmarse en acudir, ya que todos los hospitales est\u00e1n aplicando las medidas sanitarias, \u201chay que promover la vacunaci\u00f3n en ni\u00f1os menores de 5 a\u00f1os, y tambi\u00e9n los que puedan aplicarse la vacuna contra la influenza\u201d.<\/p>\n\n\n\n<p>Ante este panorama invit\u00f3 a la poblaci\u00f3n a no desaprovechar la oportunidad de vacunarse, aunque dijo tener conocimiento de que se compraron pocas vacunas a nivel nacional.<\/p>\n\n\n\n<p>\u201cDesafortunadamente, volvemos a caer en lo mismo, el presupuesto ha bajado, entonces debe aprovecharse la vacuna que se tiene, sobre todo las personas vulnerables\u201d, consider\u00f3 que es muy importante la aplicaci\u00f3n de la vacuna contra la influenza en la poblaci\u00f3n infantil.<\/p>\n","protected":false},"excerpt":{"rendered":"<p>El director de la Facultad de Medicina de la Universidad Aut\u00f3noma de San Luis Potos\u00ed,&#8230;<\/p>\n","protected":false},"author":2,"featured_media":2656,"comment_status":"closed","ping_status":"closed","sticky":false,"template":"","format":"standard","meta":{"pgc_sgb_lightbox_settings":"","footnotes":""},"categories":[782],"tags":[168,611],"class_list":["post-2655","post","type-post","status-publish","format-standard","has-post-thumbnail","hentry","category-uaslp","tag-comunidad","tag-salud"],"featured_image_urls":{"full":["https:\/\/wp.uaslp.mx\/noticias\/wp-content\/uploads\/sites\/5\/2022\/04\/Invitan-a-vacunar-contra-influenza-a-la-poblacion-infantil-piden-no-tener-temor-al-acudir.jpeg",1280,853,false],"thumbnail":["https:\/\/wp.uaslp.mx\/noticias\/wp-content\/uploads\/sites\/5\/2022\/04\/Invitan-a-vacunar-contra-influenza-a-la-poblacion-infantil-piden-no-tener-temor-al-acudir-150x150.jpeg",150,150,true],"medium":["https:\/\/wp.uaslp.mx\/noticias\/wp-content\/uploads\/sites\/5\/2022\/04\/Invitan-a-vacunar-contra-influenza-a-la-poblacion-infantil-piden-no-tener-temor-al-acudir-300x200.jpeg",300,200,true],"medium_large":["https:\/\/wp.uaslp.mx\/noticias\/wp-content\/uploads\/sites\/5\/2022\/04\/Invitan-a-vacunar-contra-influenza-a-la-poblacion-infantil-piden-no-tener-temor-al-acudir-768x512.jpeg",640,427,true],"large":["https:\/\/wp.uaslp.mx\/noticias\/wp-content\/uploads\/sites\/5\/2022\/04\/Invitan-a-vacunar-contra-influenza-a-la-poblacion-infantil-piden-no-tener-temor-al-acudir-1024x682.jpeg",1024,682,true],"1536x1536":["https:\/\/wp.uaslp.mx\/noticias\/wp-content\/uploads\/sites\/5\/2022\/04\/Invitan-a-vacunar-contra-influenza-a-la-poblacion-infantil-piden-no-tener-temor-al-acudir.jpeg",1280,853,false],"2048x2048":["https:\/\/wp.uaslp.mx\/noticias\/wp-content\/uploads\/sites\/5\/2022\/04\/Invitan-a-vacunar-contra-influenza-a-la-poblacion-infantil-piden-no-tener-temor-al-acudir.jpeg",1280,853,false],"newsever-slider-full":["https:\/\/wp.uaslp.mx\/noticias\/wp-content\/uploads\/sites\/5\/2022\/04\/Invitan-a-vacunar-contra-influenza-a-la-poblacion-infantil-piden-no-tener-temor-al-acudir-1280x845.jpeg",1280,845,true],"newsever-featured":["https:\/\/wp.uaslp.mx\/noticias\/wp-content\/uploads\/sites\/5\/2022\/04\/Invitan-a-vacunar-contra-influenza-a-la-poblacion-infantil-piden-no-tener-temor-al-acudir-1024x682.jpeg",1024,682,true],"newsever-medium":["https:\/\/wp.uaslp.mx\/noticias\/wp-content\/uploads\/sites\/5\/2022\/04\/Invitan-a-vacunar-contra-influenza-a-la-poblacion-infantil-piden-no-tener-temor-al-acudir-720x475.jpeg",720,475,true],"mailpoet_newsletter_max":["https:\/\/wp.uaslp.mx\/noticias\/wp-content\/uploads\/sites\/5\/2022\/04\/Invitan-a-vacunar-contra-influenza-a-la-poblacion-infantil-piden-no-tener-temor-al-acudir.jpeg",1280,853,false]},"author_info":{"display_name":"Prensa y difusi\u00f3n","author_link":"https:\/\/wp.uaslp.mx\/noticias\/author\/joelcancino\/"},"category_info":"<a href=\"https:\/\/wp.uaslp.mx\/noticias\/category\/uaslp\/\" rel=\"category tag\">UASLP<\/a>","tag_info":"UASLP","comment_count":"0","_links":{"self":[{"href":"https:\/\/wp.uaslp.mx\/noticias\/wp-json\/wp\/v2\/posts\/2655","targetHints":{"allow":["GET"]}}],"collection":[{"href":"https:\/\/wp.uaslp.mx\/noticias\/wp-json\/wp\/v2\/posts"}],"about":[{"href":"https:\/\/wp.uaslp.mx\/noticias\/wp-json\/wp\/v2\/types\/post"}],"author":[{"embeddable":true,"href":"https:\/\/wp.uaslp.mx\/noticias\/wp-json\/wp\/v2\/users\/2"}],"replies":[{"embeddable":true,"href":"https:\/\/wp.uaslp.mx\/noticias\/wp-json\/wp\/v2\/comments?post=2655"}],"version-history":[{"count":0,"href":"https:\/\/wp.uaslp.mx\/noticias\/wp-json\/wp\/v2\/posts\/2655\/revisions"}],"wp:featuredmedia":[{"embeddable":true,"href":"https:\/\/wp.uaslp.mx\/noticias\/wp-json\/wp\/v2\/media\/2656"}],"wp:attachment":[{"href":"https:\/\/wp.uaslp.mx\/noticias\/wp-json\/wp\/v2\/media?parent=2655"}],"wp:term":[{"taxonomy":"category","embeddable":true,"href":"https:\/\/wp.uaslp.mx\/noticias\/wp-json\/wp\/v2\/categories?post=2655"},{"taxonomy":"post_tag","embeddable":true,"href":"https:\/\/wp.uaslp.mx\/noticias\/wp-json\/wp\/v2\/tags?post=2655"}],"curies":[{"name":"wp","href":"https:\/\/api.w.org\/{rel}","templated":true}]}}