{"id":24254,"date":"2026-04-29T14:13:30","date_gmt":"2026-04-29T20:13:30","guid":{"rendered":"https:\/\/wp.uaslp.mx\/noticias\/?p=24254"},"modified":"2026-04-29T14:17:50","modified_gmt":"2026-04-29T20:17:50","slug":"participa-titular-de-radio-y-television-universitaria-en-encuentro-regional-de-rrum-en-durango","status":"publish","type":"post","link":"https:\/\/wp.uaslp.mx\/noticias\/orgullouaslp\/participa-titular-de-radio-y-television-universitaria-en-encuentro-regional-de-rrum-en-durango\/","title":{"rendered":"Participa titular de Radio y Televisi\u00f3n Universitaria en encuentro regional de RRUM en Durango"},"content":{"rendered":"\n<p>La LCC Gabriela Hern\u00e1ndez Nieto, presidenta de la <a href=\"https:\/\/rrum.mx\/\">Red de Radios Universitarias de M\u00e9xico <\/a>(RRUM), particip\u00f3 en el 4.\u00ba Encuentro Regional de esta organizaci\u00f3n, realizado en la Universidad Ju\u00e1rez del Estado de Durango (UJED), un espacio de di\u00e1logo y reflexi\u00f3n enfocado en fortalecer la comunicaci\u00f3n p\u00fablica con sentido social.<\/p>\n\n\n\n<p>Durante este encuentro, comparti\u00f3 escenario con el maestro Ram\u00f3n Garc\u00eda Rivera, rector de la UJED, y el doctor Alberto de la Rosa Olvera, director de Radio Universidad, con quienes destac\u00f3 la relevancia de generar y sostener espacios donde la comunicaci\u00f3n p\u00fablica con enfoque social sea el eje de reflexi\u00f3n y acci\u00f3n.<\/p>\n\n\n\n<p>En su intervenci\u00f3n, Hern\u00e1ndez Nieto subray\u00f3 que la RRUM es una red viva y diversa que articula m\u00e1s de 50 proyectos radiof\u00f3nicos, entre tradicionales, digitales y p\u00fablicos, que a trav\u00e9s de 109 frecuencias construyen comunidad, comparten contenidos y fortalecen narrativas universitarias desde una visi\u00f3n colectiva. Coment\u00f3 que se trata de una red donde la colaboraci\u00f3n y el intercambio de saberes son fundamentales para su permanencia, crecimiento y evoluci\u00f3n.<\/p>\n\n\n\n<p>Asimismo, plante\u00f3 la necesidad de replantear la conversaci\u00f3n sobre el futuro de la radio universitaria, no desde la l\u00f3gica del consumo masivo, sino a partir de su valor social. \u201cLa radio universitaria no compite, sino que propone contenidos de contraste, abre espacios a voces diversas y construye alternativas frente a la homogeneidad medi\u00e1tica\u201d, dijo.<\/p>\n\n\n\n<p>Finalmente, resalt\u00f3 que el verdadero valor de estos proyectos no radica \u00fanicamente en el n\u00famero de personas que escuchan, sino en cu\u00e1ntas pueden participar activamente en la construcci\u00f3n de contenidos. \u201cApostar por la ciudadan\u00eda como parte activa en estos procesos representa, hoy m\u00e1s que nunca, una postura que fortalece el derecho a la comunicaci\u00f3n y reafirma el sentido p\u00fablico de la radio universitaria\u201d, finaliz\u00f3.<\/p>\n\n\n<div class=\"pgc-sgb-cb wp-block-pgcsimplygalleryblock-masonry \" data-gallery-id=\"c1959591\"><div class=\"sgb-preloader\" id=\"pr_c1959591\">\n\t<div class=\"sgb-square\" style=\"background:#d4d4d4\"><\/div>\n\t<div class=\"sgb-square\" style=\"background:#d4d4d4\"><\/div>\n\t<div class=\"sgb-square\" style=\"background:#d4d4d4\"><\/div>\n\t<div class=\"sgb-square\" style=\"background:#d4d4d4\"><\/div><\/div><div class=\"simply-gallery-amp pgc_sgb_slider \"><noscript><div class=\"sgb-gallery\"><div class=\"sgb-item\"><a href=\"https:\/\/wp.uaslp.mx\/noticias\/wp-content\/uploads\/sites\/5\/2026\/04\/WhatsApp-Image-2026-04-29-at-2.11.25-PM-1.jpeg\"><img decoding=\"async\" alt=\"\" width=\"1024\" height=\"667\" loading=\"lazy\" src=\"https:\/\/wp.uaslp.mx\/noticias\/wp-content\/uploads\/sites\/5\/2026\/04\/WhatsApp-Image-2026-04-29-at-2.11.25-PM-1-1024x667.jpeg\" srcset=\"https:\/\/wp.uaslp.mx\/noticias\/wp-content\/uploads\/sites\/5\/2026\/04\/WhatsApp-Image-2026-04-29-at-2.11.25-PM-1-1024x667.jpeg 1024w,https:\/\/wp.uaslp.mx\/noticias\/wp-content\/uploads\/sites\/5\/2026\/04\/WhatsApp-Image-2026-04-29-at-2.11.25-PM-1.jpeg 2560w\" sizes=\"auto, 250px\"\/><\/a><\/div><div class=\"sgb-item\"><a href=\"https:\/\/wp.uaslp.mx\/noticias\/wp-content\/uploads\/sites\/5\/2026\/04\/WhatsApp-Image-2026-04-29-at-2.11.25-PM-2.jpeg\"><img decoding=\"async\" alt=\"\" width=\"712\" height=\"1024\" loading=\"lazy\" src=\"https:\/\/wp.uaslp.mx\/noticias\/wp-content\/uploads\/sites\/5\/2026\/04\/WhatsApp-Image-2026-04-29-at-2.11.25-PM-2-712x1024.jpeg\" srcset=\"https:\/\/wp.uaslp.mx\/noticias\/wp-content\/uploads\/sites\/5\/2026\/04\/WhatsApp-Image-2026-04-29-at-2.11.25-PM-2-712x1024.jpeg 712w,https:\/\/wp.uaslp.mx\/noticias\/wp-content\/uploads\/sites\/5\/2026\/04\/WhatsApp-Image-2026-04-29-at-2.11.25-PM-2.jpeg 1781w\" sizes=\"auto, 250px\"\/><\/a><\/div><\/div><\/noscript><\/div><script type=\"application\/json\" class=\"sgb-data\">{\"galleryType\":\"pgc_sgb_masonry\",\"galleryId\":\"c1959591\",\"images\":[{\"id\":24256,\"title\":\"WhatsApp Image 2026-04-29 at 2.11.25 PM (1)\",\"url\":\"https:\/\/wp.uaslp.mx\/noticias\/wp-content\/uploads\/sites\/5\/2026\/04\/WhatsApp-Image-2026-04-29-at-2.11.25-PM-1.jpeg\",\"link\":\"https:\/\/wp.uaslp.mx\/noticias\/?attachment_id=24256\",\"alt\":\"\",\"description\":\"\",\"caption\":\"\",\"mime\":\"image\/jpeg\",\"type\":\"image\",\"width\":2560,\"height\":1667,\"sizes\":{\"thumbnail\":{\"height\":150,\"width\":150,\"url\":\"https:\/\/wp.uaslp.mx\/noticias\/wp-content\/uploads\/sites\/5\/2026\/04\/WhatsApp-Image-2026-04-29-at-2.11.25-PM-1-150x150.jpeg\",\"orientation\":\"landscape\"},\"medium\":{\"height\":667,\"width\":1024,\"url\":\"https:\/\/wp.uaslp.mx\/noticias\/wp-content\/uploads\/sites\/5\/2026\/04\/WhatsApp-Image-2026-04-29-at-2.11.25-PM-1-1024x667.jpeg\",\"orientation\":\"landscape\"},\"full\":{\"url\":\"https:\/\/wp.uaslp.mx\/noticias\/wp-content\/uploads\/sites\/5\/2026\/04\/WhatsApp-Image-2026-04-29-at-2.11.25-PM-1.jpeg\",\"height\":1667,\"width\":2560,\"orientation\":\"landscape\"}},\"imageMeta\":{\"aperture\":\"0\",\"credit\":\"\",\"camera\":\"\",\"caption\":\"\",\"created_timestamp\":\"0\",\"copyright\":\"\",\"focal_length\":\"0\",\"iso\":\"0\",\"shutter_speed\":\"0\",\"title\":\"\",\"orientation\":\"0\",\"keywords\":[]},\"meta\":false},{\"id\":24257,\"title\":\"WhatsApp Image 2026-04-29 at 2.11.25 PM (2)\",\"url\":\"https:\/\/wp.uaslp.mx\/noticias\/wp-content\/uploads\/sites\/5\/2026\/04\/WhatsApp-Image-2026-04-29-at-2.11.25-PM-2.jpeg\",\"link\":\"https:\/\/wp.uaslp.mx\/noticias\/?attachment_id=24257\",\"alt\":\"\",\"description\":\"\",\"caption\":\"\",\"mime\":\"image\/jpeg\",\"type\":\"image\",\"width\":1781,\"height\":2560,\"sizes\":{\"thumbnail\":{\"height\":150,\"width\":150,\"url\":\"https:\/\/wp.uaslp.mx\/noticias\/wp-content\/uploads\/sites\/5\/2026\/04\/WhatsApp-Image-2026-04-29-at-2.11.25-PM-2-150x150.jpeg\",\"orientation\":\"landscape\"},\"medium\":{\"height\":1024,\"width\":712,\"url\":\"https:\/\/wp.uaslp.mx\/noticias\/wp-content\/uploads\/sites\/5\/2026\/04\/WhatsApp-Image-2026-04-29-at-2.11.25-PM-2-712x1024.jpeg\",\"orientation\":\"portrait\"},\"full\":{\"url\":\"https:\/\/wp.uaslp.mx\/noticias\/wp-content\/uploads\/sites\/5\/2026\/04\/WhatsApp-Image-2026-04-29-at-2.11.25-PM-2.jpeg\",\"height\":2560,\"width\":1781,\"orientation\":\"portrait\"}},\"imageMeta\":{\"aperture\":\"0\",\"credit\":\"\",\"camera\":\"\",\"caption\":\"\",\"created_timestamp\":\"0\",\"copyright\":\"\",\"focal_length\":\"0\",\"iso\":\"0\",\"shutter_speed\":\"0\",\"title\":\"\",\"orientation\":\"0\",\"keywords\":[]},\"meta\":false}],\"itemsMetaDataCollection\":[]}<\/script><script>(function(){if(window.PGC_SGB && window.PGC_SGB.searcher){window.PGC_SGB.searcher.initBlocks()}})()<\/script><\/div>","protected":false},"excerpt":{"rendered":"<p>La LCC Gabriela Hern\u00e1ndez Nieto, presidenta de la Red de Radios Universitarias de M\u00e9xico (RRUM),&#8230;<\/p>\n","protected":false},"author":12,"featured_media":24255,"comment_status":"closed","ping_status":"closed","sticky":false,"template":"","format":"standard","meta":{"pgc_sgb_lightbox_settings":"","footnotes":""},"categories":[11],"tags":[],"class_list":["post-24254","post","type-post","status-publish","format-standard","has-post-thumbnail","hentry","category-orgullouaslp"],"featured_image_urls":{"full":["https:\/\/wp.uaslp.mx\/noticias\/wp-content\/uploads\/sites\/5\/2026\/04\/WhatsApp-Image-2026-04-29-at-2.11.25-PM.jpeg",2560,1529,false],"thumbnail":["https:\/\/wp.uaslp.mx\/noticias\/wp-content\/uploads\/sites\/5\/2026\/04\/WhatsApp-Image-2026-04-29-at-2.11.25-PM-150x150.jpeg",150,150,true],"medium":["https:\/\/wp.uaslp.mx\/noticias\/wp-content\/uploads\/sites\/5\/2026\/04\/WhatsApp-Image-2026-04-29-at-2.11.25-PM-1024x612.jpeg",1024,612,true],"medium_large":["https:\/\/wp.uaslp.mx\/noticias\/wp-content\/uploads\/sites\/5\/2026\/04\/WhatsApp-Image-2026-04-29-at-2.11.25-PM-768x459.jpeg",640,383,true],"large":["https:\/\/wp.uaslp.mx\/noticias\/wp-content\/uploads\/sites\/5\/2026\/04\/WhatsApp-Image-2026-04-29-at-2.11.25-PM.jpeg",2560,1529,false],"1536x1536":["https:\/\/wp.uaslp.mx\/noticias\/wp-content\/uploads\/sites\/5\/2026\/04\/WhatsApp-Image-2026-04-29-at-2.11.25-PM-1536x917.jpeg",1536,917,true],"2048x2048":["https:\/\/wp.uaslp.mx\/noticias\/wp-content\/uploads\/sites\/5\/2026\/04\/WhatsApp-Image-2026-04-29-at-2.11.25-PM-2048x1223.jpeg",2048,1223,true],"newsever-slider-full":["https:\/\/wp.uaslp.mx\/noticias\/wp-content\/uploads\/sites\/5\/2026\/04\/WhatsApp-Image-2026-04-29-at-2.11.25-PM-1280x845.jpeg",1280,845,true],"newsever-featured":["https:\/\/wp.uaslp.mx\/noticias\/wp-content\/uploads\/sites\/5\/2026\/04\/WhatsApp-Image-2026-04-29-at-2.11.25-PM-1024x612.jpeg",1024,612,true],"newsever-medium":["https:\/\/wp.uaslp.mx\/noticias\/wp-content\/uploads\/sites\/5\/2026\/04\/WhatsApp-Image-2026-04-29-at-2.11.25-PM-720x475.jpeg",720,475,true],"mailpoet_newsletter_max":["https:\/\/wp.uaslp.mx\/noticias\/wp-content\/uploads\/sites\/5\/2026\/04\/WhatsApp-Image-2026-04-29-at-2.11.25-PM-1320x788.jpeg",1320,788,true]},"author_info":{"display_name":"Prensa y difusi\u00f3n","author_link":"https:\/\/wp.uaslp.mx\/noticias\/author\/giovannamorales\/"},"category_info":"<a href=\"https:\/\/wp.uaslp.mx\/noticias\/category\/orgullouaslp\/\" rel=\"category tag\">Orgullo UASLP<\/a>","tag_info":"Orgullo UASLP","comment_count":"0","_links":{"self":[{"href":"https:\/\/wp.uaslp.mx\/noticias\/wp-json\/wp\/v2\/posts\/24254","targetHints":{"allow":["GET"]}}],"collection":[{"href":"https:\/\/wp.uaslp.mx\/noticias\/wp-json\/wp\/v2\/posts"}],"about":[{"href":"https:\/\/wp.uaslp.mx\/noticias\/wp-json\/wp\/v2\/types\/post"}],"author":[{"embeddable":true,"href":"https:\/\/wp.uaslp.mx\/noticias\/wp-json\/wp\/v2\/users\/12"}],"replies":[{"embeddable":true,"href":"https:\/\/wp.uaslp.mx\/noticias\/wp-json\/wp\/v2\/comments?post=24254"}],"version-history":[{"count":2,"href":"https:\/\/wp.uaslp.mx\/noticias\/wp-json\/wp\/v2\/posts\/24254\/revisions"}],"predecessor-version":[{"id":24259,"href":"https:\/\/wp.uaslp.mx\/noticias\/wp-json\/wp\/v2\/posts\/24254\/revisions\/24259"}],"wp:featuredmedia":[{"embeddable":true,"href":"https:\/\/wp.uaslp.mx\/noticias\/wp-json\/wp\/v2\/media\/24255"}],"wp:attachment":[{"href":"https:\/\/wp.uaslp.mx\/noticias\/wp-json\/wp\/v2\/media?parent=24254"}],"wp:term":[{"taxonomy":"category","embeddable":true,"href":"https:\/\/wp.uaslp.mx\/noticias\/wp-json\/wp\/v2\/categories?post=24254"},{"taxonomy":"post_tag","embeddable":true,"href":"https:\/\/wp.uaslp.mx\/noticias\/wp-json\/wp\/v2\/tags?post=24254"}],"curies":[{"name":"wp","href":"https:\/\/api.w.org\/{rel}","templated":true}]}}