{"id":24250,"date":"2026-04-29T14:11:17","date_gmt":"2026-04-29T20:11:17","guid":{"rendered":"https:\/\/wp.uaslp.mx\/noticias\/?p=24250"},"modified":"2026-04-29T14:23:16","modified_gmt":"2026-04-29T20:23:16","slug":"la-uaslp-realizara-el-32-verano-de-la-ciencia-para-impulsar-vocaciones-cientificas","status":"publish","type":"post","link":"https:\/\/wp.uaslp.mx\/noticias\/investigacion\/la-uaslp-realizara-el-32-verano-de-la-ciencia-para-impulsar-vocaciones-cientificas\/","title":{"rendered":"La UASLP realizar\u00e1 el 32 Verano de la Ciencia para impulsar vocaciones cient\u00edficas"},"content":{"rendered":"\n<p>La Universidad Aut\u00f3noma de San Luis Potos\u00ed (UASLP) llevar\u00e1 a cabo del 8 de junio al 16 de julio el 32 Verano de la Ciencia, un programa que se ha consolidado como uno de los principales espacios de formaci\u00f3n para despertar vocaciones cient\u00edficas y fortalecer el inter\u00e9s por la investigaci\u00f3n entre estudiantes de licenciatura.<\/p>\n\n\n\n<p>El doctor Amaury de Jes\u00fas Pozos Guill\u00e9n, titular de la <a href=\"https:\/\/www.uaslp.mx\/investigacionyposgrado#gsc.tab=0\">Secretar\u00eda de Investigaci\u00f3n y Posgrado<\/a>, destac\u00f3 que esta iniciativa forma parte de las experiencias formativas m\u00e1s arraigadas dentro de la instituci\u00f3n. \u201cYo soy uno de ellos\u201d, expres\u00f3 al recordar c\u00f3mo este tipo de actividades influyen en la trayectoria de quienes hoy se desempe\u00f1an como investigadores, al tiempo que subray\u00f3 su gran relevancia.<\/p>\n\n\n\n<p>Explic\u00f3 que el proceso de inscripci\u00f3n se encuentra en su etapa final y consiste en el registro de datos generales, as\u00ed como en la selecci\u00f3n de hasta cinco proyectos de inter\u00e9s. Tras el cierre de la convocatoria, realizado el pasado 17 de abril, el comit\u00e9 organizador dar\u00e1 a conocer a estudiantes e investigadores seleccionados el pr\u00f3ximo 18 de mayo de 2026, a trav\u00e9s del sitio www.sip.uaslp.mx.<\/p>\n\n\n\n<p>El programa contar\u00e1 con la participaci\u00f3n de alrededor de 200 investigadores que, de manera voluntaria, registraron sus proyectos. \u201cHay que hacer match, como se dice ahora, entre estudiantes e investigadores\u201d, coment\u00f3, al referirse al proceso de vinculaci\u00f3n que busca fortalecer el trabajo colaborativo y el desarrollo cient\u00edfico en San Luis Potos\u00ed.<\/p>\n\n\n\n<p>El doctor Pozos Guill\u00e9n resalt\u00f3 que el Verano de la Ciencia es uno de los programas m\u00e1s consolidados de la universidad y ha logrado atraer tambi\u00e9n a estudiantes de otras entidades del pa\u00eds. En ediciones recientes se ha contado con la participaci\u00f3n de alumnos de la Universidad Aut\u00f3noma de Aguascalientes, de la Universidad Aut\u00f3noma de Yucat\u00e1n, as\u00ed como de j\u00f3venes provenientes de Tabasco.<\/p>\n\n\n\n<p>Finalmente, adelant\u00f3 que esta edici\u00f3n incluir\u00e1 diversas sorpresas y actividades complementarias, incluso en un contexto en el que coincidir\u00e1 con el Mundial de Futbol. \u201cMuy seguramente este a\u00f1o tendremos tambi\u00e9n estudiantes de la Universidad Aut\u00f3noma de Yucat\u00e1n\u201d, se\u00f1al\u00f3, al enfatizar que se trata de una experiencia que suele recomendarse entre los propios participantes, fortaleciendo as\u00ed su alcance y prestigio.<\/p>\n\n\n\n<p>Los detalles del 32 Verano de la Ciencia de la UASLP se encuentran disponibles en el sitio: <a href=\"https:\/\/www.uaslp.mx\/InvestigacionyPosgrado\/Paginas\/Difusion-y-divulgacion-\/3173#gsc.tab=0.\">https:\/\/www.uaslp.mx\/InvestigacionyPosgrado\/Paginas\/Difusion-y-divulgacion-\/3173#gsc.tab=0.<\/a><\/p>\n\n\n\n<p class=\"has-text-align-right\"><em>Hugo Laussin<\/em><\/p>\n\n\n<div class=\"pgc-sgb-cb wp-block-pgcsimplygalleryblock-justified \" data-gallery-id=\"2d944020\"><div class=\"sgb-preloader\" id=\"pr_2d944020\">\n\t<div class=\"sgb-square\" style=\"background:#d4d4d4\"><\/div>\n\t<div class=\"sgb-square\" style=\"background:#d4d4d4\"><\/div>\n\t<div class=\"sgb-square\" style=\"background:#d4d4d4\"><\/div>\n\t<div class=\"sgb-square\" style=\"background:#d4d4d4\"><\/div><\/div><div class=\"simply-gallery-amp pgc_sgb_slider \"><noscript><div class=\"sgb-gallery\"><div class=\"sgb-item\"><a href=\"https:\/\/wp.uaslp.mx\/noticias\/?attachment_id=24252\" target=\"_blank\"><img decoding=\"async\" alt=\"\" width=\"1024\" height=\"576\" loading=\"lazy\" src=\"https:\/\/wp.uaslp.mx\/noticias\/wp-content\/uploads\/sites\/5\/2026\/04\/WhatsApp-Image-2026-04-29-at-2.03.32-PM-1-1024x576.jpeg\" srcset=\"https:\/\/wp.uaslp.mx\/noticias\/wp-content\/uploads\/sites\/5\/2026\/04\/WhatsApp-Image-2026-04-29-at-2.03.32-PM-1-1024x576.jpeg 1024w,https:\/\/wp.uaslp.mx\/noticias\/wp-content\/uploads\/sites\/5\/2026\/04\/WhatsApp-Image-2026-04-29-at-2.03.32-PM-1.jpeg 1600w\" sizes=\"auto, 250px\"\/><\/a><\/div><\/div><\/noscript><\/div><script type=\"application\/json\" class=\"sgb-data\">{\"galleryType\":\"pgc_sgb_justified\",\"galleryId\":\"2d944020\",\"images\":[{\"id\":24252,\"title\":\"WhatsApp Image 2026-04-29 at 2.03.32 PM (1)\",\"url\":\"https:\/\/wp.uaslp.mx\/noticias\/wp-content\/uploads\/sites\/5\/2026\/04\/WhatsApp-Image-2026-04-29-at-2.03.32-PM-1.jpeg\",\"link\":\"https:\/\/wp.uaslp.mx\/noticias\/?attachment_id=24252\",\"alt\":\"\",\"description\":\"\",\"caption\":\"\",\"mime\":\"image\/jpeg\",\"type\":\"image\",\"width\":1600,\"height\":900,\"sizes\":{\"thumbnail\":{\"height\":150,\"width\":150,\"url\":\"https:\/\/wp.uaslp.mx\/noticias\/wp-content\/uploads\/sites\/5\/2026\/04\/WhatsApp-Image-2026-04-29-at-2.03.32-PM-1-150x150.jpeg\",\"orientation\":\"landscape\"},\"medium\":{\"height\":576,\"width\":1024,\"url\":\"https:\/\/wp.uaslp.mx\/noticias\/wp-content\/uploads\/sites\/5\/2026\/04\/WhatsApp-Image-2026-04-29-at-2.03.32-PM-1-1024x576.jpeg\",\"orientation\":\"landscape\"},\"full\":{\"url\":\"https:\/\/wp.uaslp.mx\/noticias\/wp-content\/uploads\/sites\/5\/2026\/04\/WhatsApp-Image-2026-04-29-at-2.03.32-PM-1.jpeg\",\"height\":900,\"width\":1600,\"orientation\":\"landscape\"}},\"imageMeta\":{\"aperture\":\"0\",\"credit\":\"\",\"camera\":\"\",\"caption\":\"\",\"created_timestamp\":\"0\",\"copyright\":\"\",\"focal_length\":\"0\",\"iso\":\"0\",\"shutter_speed\":\"0\",\"title\":\"\",\"orientation\":\"0\",\"keywords\":[]},\"meta\":false,\"postlink\":\"https:\/\/wp.uaslp.mx\/noticias\/?attachment_id=24252\"}],\"itemsMetaDataCollection\":[]}<\/script><script>(function(){if(window.PGC_SGB && window.PGC_SGB.searcher){window.PGC_SGB.searcher.initBlocks()}})()<\/script><\/div>","protected":false},"excerpt":{"rendered":"<p>La Universidad Aut\u00f3noma de San Luis Potos\u00ed (UASLP) llevar\u00e1 a cabo del 8 de junio&#8230;<\/p>\n","protected":false},"author":12,"featured_media":24251,"comment_status":"closed","ping_status":"closed","sticky":false,"template":"","format":"standard","meta":{"pgc_sgb_lightbox_settings":"","footnotes":""},"categories":[10],"tags":[1443],"class_list":["post-24250","post","type-post","status-publish","format-standard","has-post-thumbnail","hentry","category-investigacion","tag-verano-de-la-ciencia"],"featured_image_urls":{"full":["https:\/\/wp.uaslp.mx\/noticias\/wp-content\/uploads\/sites\/5\/2026\/04\/WhatsApp-Image-2026-04-29-at-2.03.19-PM-1.jpeg",1600,1200,false],"thumbnail":["https:\/\/wp.uaslp.mx\/noticias\/wp-content\/uploads\/sites\/5\/2026\/04\/WhatsApp-Image-2026-04-29-at-2.03.19-PM-1-150x150.jpeg",150,150,true],"medium":["https:\/\/wp.uaslp.mx\/noticias\/wp-content\/uploads\/sites\/5\/2026\/04\/WhatsApp-Image-2026-04-29-at-2.03.19-PM-1-1024x768.jpeg",1024,768,true],"medium_large":["https:\/\/wp.uaslp.mx\/noticias\/wp-content\/uploads\/sites\/5\/2026\/04\/WhatsApp-Image-2026-04-29-at-2.03.19-PM-1-768x576.jpeg",640,480,true],"large":["https:\/\/wp.uaslp.mx\/noticias\/wp-content\/uploads\/sites\/5\/2026\/04\/WhatsApp-Image-2026-04-29-at-2.03.19-PM-1.jpeg",1600,1200,false],"1536x1536":["https:\/\/wp.uaslp.mx\/noticias\/wp-content\/uploads\/sites\/5\/2026\/04\/WhatsApp-Image-2026-04-29-at-2.03.19-PM-1-1536x1152.jpeg",1536,1152,true],"2048x2048":["https:\/\/wp.uaslp.mx\/noticias\/wp-content\/uploads\/sites\/5\/2026\/04\/WhatsApp-Image-2026-04-29-at-2.03.19-PM-1.jpeg",1600,1200,false],"newsever-slider-full":["https:\/\/wp.uaslp.mx\/noticias\/wp-content\/uploads\/sites\/5\/2026\/04\/WhatsApp-Image-2026-04-29-at-2.03.19-PM-1-1280x845.jpeg",1280,845,true],"newsever-featured":["https:\/\/wp.uaslp.mx\/noticias\/wp-content\/uploads\/sites\/5\/2026\/04\/WhatsApp-Image-2026-04-29-at-2.03.19-PM-1-1024x768.jpeg",1024,768,true],"newsever-medium":["https:\/\/wp.uaslp.mx\/noticias\/wp-content\/uploads\/sites\/5\/2026\/04\/WhatsApp-Image-2026-04-29-at-2.03.19-PM-1-720x475.jpeg",720,475,true],"mailpoet_newsletter_max":["https:\/\/wp.uaslp.mx\/noticias\/wp-content\/uploads\/sites\/5\/2026\/04\/WhatsApp-Image-2026-04-29-at-2.03.19-PM-1-1320x990.jpeg",1320,990,true]},"author_info":{"display_name":"Prensa y difusi\u00f3n","author_link":"https:\/\/wp.uaslp.mx\/noticias\/author\/giovannamorales\/"},"category_info":"<a href=\"https:\/\/wp.uaslp.mx\/noticias\/category\/investigacion\/\" rel=\"category tag\">Investigaci\u00f3n<\/a>","tag_info":"Investigaci\u00f3n","comment_count":"0","_links":{"self":[{"href":"https:\/\/wp.uaslp.mx\/noticias\/wp-json\/wp\/v2\/posts\/24250","targetHints":{"allow":["GET"]}}],"collection":[{"href":"https:\/\/wp.uaslp.mx\/noticias\/wp-json\/wp\/v2\/posts"}],"about":[{"href":"https:\/\/wp.uaslp.mx\/noticias\/wp-json\/wp\/v2\/types\/post"}],"author":[{"embeddable":true,"href":"https:\/\/wp.uaslp.mx\/noticias\/wp-json\/wp\/v2\/users\/12"}],"replies":[{"embeddable":true,"href":"https:\/\/wp.uaslp.mx\/noticias\/wp-json\/wp\/v2\/comments?post=24250"}],"version-history":[{"count":4,"href":"https:\/\/wp.uaslp.mx\/noticias\/wp-json\/wp\/v2\/posts\/24250\/revisions"}],"predecessor-version":[{"id":24262,"href":"https:\/\/wp.uaslp.mx\/noticias\/wp-json\/wp\/v2\/posts\/24250\/revisions\/24262"}],"wp:featuredmedia":[{"embeddable":true,"href":"https:\/\/wp.uaslp.mx\/noticias\/wp-json\/wp\/v2\/media\/24251"}],"wp:attachment":[{"href":"https:\/\/wp.uaslp.mx\/noticias\/wp-json\/wp\/v2\/media?parent=24250"}],"wp:term":[{"taxonomy":"category","embeddable":true,"href":"https:\/\/wp.uaslp.mx\/noticias\/wp-json\/wp\/v2\/categories?post=24250"},{"taxonomy":"post_tag","embeddable":true,"href":"https:\/\/wp.uaslp.mx\/noticias\/wp-json\/wp\/v2\/tags?post=24250"}],"curies":[{"name":"wp","href":"https:\/\/api.w.org\/{rel}","templated":true}]}}