{"id":24233,"date":"2026-04-28T13:45:19","date_gmt":"2026-04-28T19:45:19","guid":{"rendered":"https:\/\/wp.uaslp.mx\/noticias\/?p=24233"},"modified":"2026-04-28T13:46:08","modified_gmt":"2026-04-28T19:46:08","slug":"uaslp-celebra-el-dia-internacional-de-la-danza-con-actividades-simultaneas-en-sus-campus","status":"publish","type":"post","link":"https:\/\/wp.uaslp.mx\/noticias\/arteycultura\/uaslp-celebra-el-dia-internacional-de-la-danza-con-actividades-simultaneas-en-sus-campus\/","title":{"rendered":"UASLP celebra el D\u00eda Internacional de la Danza con actividades simult\u00e1neas en sus campus"},"content":{"rendered":"\n<p>La Universidad Aut\u00f3noma de San Luis Potos\u00ed (UASLP), a trav\u00e9s de la <a href=\"https:\/\/www.uaslp.mx\/difusioncultural#gsc.tab=0\">Secretar\u00eda de Difusi\u00f3n Cultural<\/a>, conmemorar\u00e1 este mi\u00e9rcoles 29 de abril el D\u00eda Internacional de la Danza con una jornada de actividades que destacar\u00e1n el movimiento, la creatividad y la expresi\u00f3n art\u00edstica. La celebraci\u00f3n se llevar\u00e1 a cabo de manera simult\u00e1nea en los campus de la capital potosina, Matehuala y Tamazunchale, inform\u00f3 el licenciado Juan Carlos D\u00edaz Medrano, coordinador del Departamento de Arte y Cultura.<\/p>\n\n\n\n<p>El funcionario universitario record\u00f3 que esta efem\u00e9ride fue establecida en 1982 por el Comit\u00e9 Internacional de la Danza de la UNESCO, con el prop\u00f3sito de reconocer la danza como una forma esencial de expresi\u00f3n humana. En ese sentido, destac\u00f3 que este arte permite al ser humano construir un lenguaje propio, narrar historias y comunicar emociones a trav\u00e9s del cuerpo.<\/p>\n\n\n\n<p>\u201cLa danza pertenece a las personas, a la sociedad y a la humanidad; es una forma de comunicarnos, de expresar sentimientos y relaciones. Nos brinda una postura cultural, art\u00edstica e incluso pol\u00edtica, y ha trascendido fronteras\u201d, se\u00f1al\u00f3.<\/p>\n\n\n\n<p>Asimismo, subray\u00f3 que, al igual que la m\u00fasica, la danza contribuye al bienestar y tiene un car\u00e1cter liberador, por lo que la UASLP ha mantenido esta celebraci\u00f3n a lo largo de los a\u00f1os. En esta edici\u00f3n, se suman la Unidad Acad\u00e9mica Multidisciplinaria Regi\u00f3n Altiplano (UAMRA), con sede en Matehuala, y la Unidad Acad\u00e9mica Multidisciplinaria Regi\u00f3n Huasteca Sur (UAMRHS), en Tamazunchale, campus que impulsan las tradiciones mediante grupos de huapango y fortalecen la identidad cultural de San Luis Potos\u00ed y otras regiones.<\/p>\n\n\n\n<p>En la capital, la Plaza del Engrane, ubicada en la Facultad de Ingenier\u00eda en la Zona Universitaria Poniente, ser\u00e1 el escenario principal, donde se presentar\u00e1 el Ballet Folcl\u00f3rico con diversos cuadros de baile popular, as\u00ed como el grupo Unidanza Contempor\u00e1nea, bajo la direcci\u00f3n del maestro Fernando Escalante. Las actividades iniciar\u00e1n a las 13:00 horas de manera simult\u00e1nea en los tres campus.<\/p>\n\n\n\n<p>El coordinador destac\u00f3 que tanto j\u00f3venes como p\u00fablico en general muestran un creciente inter\u00e9s por el baile, por lo que extendi\u00f3 la invitaci\u00f3n a sumarse a esta celebraci\u00f3n. \u201cHoy en d\u00eda, la danza es un lenguaje universal que abarca todo tipo de expresi\u00f3n corporal dentro de esta disciplina\u201d, puntualiz\u00f3.<\/p>\n\n\n\n<p>Finalmente, reiter\u00f3 la invitaci\u00f3n a disfrutar de las actividades culturales que ofrece la ciudad, reconocida por ser cuna de importantes exponentes de la danza y sede de eventos relevantes como el Festival Lila L\u00f3pez, as\u00ed como por la tradici\u00f3n danc\u00edstica que impulsa la UASLP a trav\u00e9s de sus grupos art\u00edsticos.<\/p>\n\n\n\n<p>Las personas interesadas en integrarse a esta disciplina pueden acudir a las instalaciones de Arte y Cultura, ubicadas en Arista No. 475, en el Centro Hist\u00f3rico, o consultar las redes sociales y la p\u00e1gina oficial de Difusi\u00f3n Cultural de la UASLP.<\/p>\n\n\n\n<p class=\"has-text-align-right\"><em>Noelia Mart\u00ednez<\/em><\/p>\n\n\n\n<figure class=\"wp-block-gallery has-nested-images columns-default is-cropped wp-block-gallery-1 is-layout-flex wp-block-gallery-is-layout-flex\">\n<figure class=\"wp-block-image size-large\"><img loading=\"lazy\" decoding=\"async\" width=\"1365\" height=\"1365\" data-id=\"24234\" src=\"https:\/\/wp.uaslp.mx\/noticias\/wp-content\/uploads\/sites\/5\/2026\/04\/WhatsApp-Image-2026-04-28-at-1.39.33-PM.jpeg\" alt=\"\" class=\"wp-image-24234\" srcset=\"https:\/\/wp.uaslp.mx\/noticias\/wp-content\/uploads\/sites\/5\/2026\/04\/WhatsApp-Image-2026-04-28-at-1.39.33-PM.jpeg 1365w, https:\/\/wp.uaslp.mx\/noticias\/wp-content\/uploads\/sites\/5\/2026\/04\/WhatsApp-Image-2026-04-28-at-1.39.33-PM-1024x1024.jpeg 1024w, https:\/\/wp.uaslp.mx\/noticias\/wp-content\/uploads\/sites\/5\/2026\/04\/WhatsApp-Image-2026-04-28-at-1.39.33-PM-150x150.jpeg 150w, https:\/\/wp.uaslp.mx\/noticias\/wp-content\/uploads\/sites\/5\/2026\/04\/WhatsApp-Image-2026-04-28-at-1.39.33-PM-768x768.jpeg 768w, https:\/\/wp.uaslp.mx\/noticias\/wp-content\/uploads\/sites\/5\/2026\/04\/WhatsApp-Image-2026-04-28-at-1.39.33-PM-1320x1320.jpeg 1320w\" sizes=\"auto, (max-width: 1365px) 100vw, 1365px\" \/><\/figure>\n\n\n\n<figure class=\"wp-block-image size-full\"><img loading=\"lazy\" decoding=\"async\" width=\"1538\" height=\"1538\" data-id=\"24237\" src=\"https:\/\/wp.uaslp.mx\/noticias\/wp-content\/uploads\/sites\/5\/2026\/04\/WhatsApp-Image-2026-04-28-at-1.39.32-PM.jpeg\" alt=\"\" class=\"wp-image-24237\" srcset=\"https:\/\/wp.uaslp.mx\/noticias\/wp-content\/uploads\/sites\/5\/2026\/04\/WhatsApp-Image-2026-04-28-at-1.39.32-PM.jpeg 1538w, https:\/\/wp.uaslp.mx\/noticias\/wp-content\/uploads\/sites\/5\/2026\/04\/WhatsApp-Image-2026-04-28-at-1.39.32-PM-1024x1024.jpeg 1024w, https:\/\/wp.uaslp.mx\/noticias\/wp-content\/uploads\/sites\/5\/2026\/04\/WhatsApp-Image-2026-04-28-at-1.39.32-PM-150x150.jpeg 150w, https:\/\/wp.uaslp.mx\/noticias\/wp-content\/uploads\/sites\/5\/2026\/04\/WhatsApp-Image-2026-04-28-at-1.39.32-PM-768x768.jpeg 768w, https:\/\/wp.uaslp.mx\/noticias\/wp-content\/uploads\/sites\/5\/2026\/04\/WhatsApp-Image-2026-04-28-at-1.39.32-PM-1536x1536.jpeg 1536w, https:\/\/wp.uaslp.mx\/noticias\/wp-content\/uploads\/sites\/5\/2026\/04\/WhatsApp-Image-2026-04-28-at-1.39.32-PM-1320x1320.jpeg 1320w\" sizes=\"auto, (max-width: 1538px) 100vw, 1538px\" \/><\/figure>\n\n\n\n<figure class=\"wp-block-image size-large\"><img loading=\"lazy\" decoding=\"async\" width=\"683\" height=\"683\" data-id=\"24236\" src=\"https:\/\/wp.uaslp.mx\/noticias\/wp-content\/uploads\/sites\/5\/2026\/04\/WhatsApp-Image-2026-04-28-at-1.39.32-PM-1.jpeg\" alt=\"\" class=\"wp-image-24236\" srcset=\"https:\/\/wp.uaslp.mx\/noticias\/wp-content\/uploads\/sites\/5\/2026\/04\/WhatsApp-Image-2026-04-28-at-1.39.32-PM-1.jpeg 683w, https:\/\/wp.uaslp.mx\/noticias\/wp-content\/uploads\/sites\/5\/2026\/04\/WhatsApp-Image-2026-04-28-at-1.39.32-PM-1-150x150.jpeg 150w\" sizes=\"auto, (max-width: 683px) 100vw, 683px\" \/><\/figure>\n\n\n\n<figure class=\"wp-block-image size-large\"><img loading=\"lazy\" decoding=\"async\" width=\"1200\" height=\"1200\" data-id=\"24238\" src=\"https:\/\/wp.uaslp.mx\/noticias\/wp-content\/uploads\/sites\/5\/2026\/04\/WhatsApp-Image-2026-04-28-at-1.31.34-PM.jpeg\" alt=\"\" class=\"wp-image-24238\" srcset=\"https:\/\/wp.uaslp.mx\/noticias\/wp-content\/uploads\/sites\/5\/2026\/04\/WhatsApp-Image-2026-04-28-at-1.31.34-PM.jpeg 1200w, https:\/\/wp.uaslp.mx\/noticias\/wp-content\/uploads\/sites\/5\/2026\/04\/WhatsApp-Image-2026-04-28-at-1.31.34-PM-1024x1024.jpeg 1024w, https:\/\/wp.uaslp.mx\/noticias\/wp-content\/uploads\/sites\/5\/2026\/04\/WhatsApp-Image-2026-04-28-at-1.31.34-PM-150x150.jpeg 150w, https:\/\/wp.uaslp.mx\/noticias\/wp-content\/uploads\/sites\/5\/2026\/04\/WhatsApp-Image-2026-04-28-at-1.31.34-PM-768x768.jpeg 768w\" sizes=\"auto, (max-width: 1200px) 100vw, 1200px\" \/><\/figure>\n<\/figure>\n","protected":false},"excerpt":{"rendered":"<p>La Universidad Aut\u00f3noma de San Luis Potos\u00ed (UASLP), a trav\u00e9s de la Secretar\u00eda de Difusi\u00f3n&#8230;<\/p>\n","protected":false},"author":12,"featured_media":24235,"comment_status":"closed","ping_status":"closed","sticky":false,"template":"","format":"standard","meta":{"pgc_sgb_lightbox_settings":"","footnotes":""},"categories":[3],"tags":[1389],"class_list":["post-24233","post","type-post","status-publish","format-standard","has-post-thumbnail","hentry","category-arteycultura","tag-dia-internacional-de-la-danza"],"featured_image_urls":{"full":["https:\/\/wp.uaslp.mx\/noticias\/wp-content\/uploads\/sites\/5\/2026\/04\/WhatsApp-Image-2026-04-28-at-1.39.32-PM-2.jpeg",1080,1080,false],"thumbnail":["https:\/\/wp.uaslp.mx\/noticias\/wp-content\/uploads\/sites\/5\/2026\/04\/WhatsApp-Image-2026-04-28-at-1.39.32-PM-2-150x150.jpeg",150,150,true],"medium":["https:\/\/wp.uaslp.mx\/noticias\/wp-content\/uploads\/sites\/5\/2026\/04\/WhatsApp-Image-2026-04-28-at-1.39.32-PM-2-1024x1024.jpeg",1024,1024,true],"medium_large":["https:\/\/wp.uaslp.mx\/noticias\/wp-content\/uploads\/sites\/5\/2026\/04\/WhatsApp-Image-2026-04-28-at-1.39.32-PM-2-768x768.jpeg",640,640,true],"large":["https:\/\/wp.uaslp.mx\/noticias\/wp-content\/uploads\/sites\/5\/2026\/04\/WhatsApp-Image-2026-04-28-at-1.39.32-PM-2.jpeg",1080,1080,false],"1536x1536":["https:\/\/wp.uaslp.mx\/noticias\/wp-content\/uploads\/sites\/5\/2026\/04\/WhatsApp-Image-2026-04-28-at-1.39.32-PM-2.jpeg",1080,1080,false],"2048x2048":["https:\/\/wp.uaslp.mx\/noticias\/wp-content\/uploads\/sites\/5\/2026\/04\/WhatsApp-Image-2026-04-28-at-1.39.32-PM-2.jpeg",1080,1080,false],"newsever-slider-full":["https:\/\/wp.uaslp.mx\/noticias\/wp-content\/uploads\/sites\/5\/2026\/04\/WhatsApp-Image-2026-04-28-at-1.39.32-PM-2-1080x845.jpeg",1080,845,true],"newsever-featured":["https:\/\/wp.uaslp.mx\/noticias\/wp-content\/uploads\/sites\/5\/2026\/04\/WhatsApp-Image-2026-04-28-at-1.39.32-PM-2-1024x1024.jpeg",1024,1024,true],"newsever-medium":["https:\/\/wp.uaslp.mx\/noticias\/wp-content\/uploads\/sites\/5\/2026\/04\/WhatsApp-Image-2026-04-28-at-1.39.32-PM-2-720x475.jpeg",720,475,true],"mailpoet_newsletter_max":["https:\/\/wp.uaslp.mx\/noticias\/wp-content\/uploads\/sites\/5\/2026\/04\/WhatsApp-Image-2026-04-28-at-1.39.32-PM-2.jpeg",1080,1080,false]},"author_info":{"display_name":"Prensa y difusi\u00f3n","author_link":"https:\/\/wp.uaslp.mx\/noticias\/author\/giovannamorales\/"},"category_info":"<a href=\"https:\/\/wp.uaslp.mx\/noticias\/category\/arteycultura\/\" rel=\"category tag\">Arte y cultura<\/a>","tag_info":"Arte y cultura","comment_count":"0","_links":{"self":[{"href":"https:\/\/wp.uaslp.mx\/noticias\/wp-json\/wp\/v2\/posts\/24233","targetHints":{"allow":["GET"]}}],"collection":[{"href":"https:\/\/wp.uaslp.mx\/noticias\/wp-json\/wp\/v2\/posts"}],"about":[{"href":"https:\/\/wp.uaslp.mx\/noticias\/wp-json\/wp\/v2\/types\/post"}],"author":[{"embeddable":true,"href":"https:\/\/wp.uaslp.mx\/noticias\/wp-json\/wp\/v2\/users\/12"}],"replies":[{"embeddable":true,"href":"https:\/\/wp.uaslp.mx\/noticias\/wp-json\/wp\/v2\/comments?post=24233"}],"version-history":[{"count":2,"href":"https:\/\/wp.uaslp.mx\/noticias\/wp-json\/wp\/v2\/posts\/24233\/revisions"}],"predecessor-version":[{"id":24240,"href":"https:\/\/wp.uaslp.mx\/noticias\/wp-json\/wp\/v2\/posts\/24233\/revisions\/24240"}],"wp:featuredmedia":[{"embeddable":true,"href":"https:\/\/wp.uaslp.mx\/noticias\/wp-json\/wp\/v2\/media\/24235"}],"wp:attachment":[{"href":"https:\/\/wp.uaslp.mx\/noticias\/wp-json\/wp\/v2\/media?parent=24233"}],"wp:term":[{"taxonomy":"category","embeddable":true,"href":"https:\/\/wp.uaslp.mx\/noticias\/wp-json\/wp\/v2\/categories?post=24233"},{"taxonomy":"post_tag","embeddable":true,"href":"https:\/\/wp.uaslp.mx\/noticias\/wp-json\/wp\/v2\/tags?post=24233"}],"curies":[{"name":"wp","href":"https:\/\/api.w.org\/{rel}","templated":true}]}}