{"id":24225,"date":"2026-04-28T12:59:14","date_gmt":"2026-04-28T18:59:14","guid":{"rendered":"https:\/\/wp.uaslp.mx\/noticias\/?p=24225"},"modified":"2026-04-28T13:14:46","modified_gmt":"2026-04-28T19:14:46","slug":"desde-la-uaslp-reflexionan-sobre-el-impacto-climatico-en-los-modelos-economicos-actuales","status":"publish","type":"post","link":"https:\/\/wp.uaslp.mx\/noticias\/investigacion\/desde-la-uaslp-reflexionan-sobre-el-impacto-climatico-en-los-modelos-economicos-actuales\/","title":{"rendered":"Desde la UASLP, reflexionan sobre el impacto clim\u00e1tico en los modelos econ\u00f3micos actuales"},"content":{"rendered":"\n<p>En el marco del <a href=\"https:\/\/eventos.uaslp.mx\/fecni\">2\u00ba Foro de Econom\u00eda, Comercio y Negocios Internacionales<\/a>, la<a href=\"https:\/\/www.economia.uaslp.mx\/#gsc.tab=0\"> Facultad de Econom\u00eda de la Universidad Aut\u00f3noma de San Luis Potos\u00ed <\/a>(UASLP) fue sede de la presentaci\u00f3n del libro La \u201cEconom\u00eda en los tiempos del clima atrapa-calor. M\u00e9xico y sus renglones en la burbuja clim\u00e1tica\u201d, del doctor Vicente Germ\u00e1n Soto, investigador de la Universidad Aut\u00f3noma Agraria Antonio Narro (UAAAN), obra que propone un an\u00e1lisis cr\u00edtico sobre la relaci\u00f3n entre el desarrollo econ\u00f3mico y los fen\u00f3menos clim\u00e1ticos.<\/p>\n\n\n\n<p>Ante estudiantes, docentes, autoridades y p\u00fablico en general, el autor se\u00f1al\u00f3 que, para muchos gobiernos, el tema ambiental y sus implicaciones frente al cambio clim\u00e1tico no constituyen una prioridad, ya que se privilegia la producci\u00f3n y la generaci\u00f3n de ingresos por encima de la sostenibilidad.<\/p>\n\n\n\n<p>La presentaci\u00f3n estuvo a cargo del doctor Cuauht\u00e9moc Modesto L\u00f3pez, investigador de la Facultad de Econom\u00eda de la UASLP, quien destac\u00f3 que el libro examina las consecuencias del crecimiento econ\u00f3mico en distintas regiones del pa\u00eds, particularmente en el norte, donde fen\u00f3menos como el desplazamiento de poblaci\u00f3n, la concentraci\u00f3n urbana y la creciente demanda de servicios \u2014como electricidad y agua\u2014 evidencian la presi\u00f3n sobre los recursos naturales.<\/p>\n\n\n\n<p>Asimismo, explic\u00f3 que la obra aborda el impacto de variables clim\u00e1ticas en el crecimiento econ\u00f3mico, al tiempo que documenta el aumento de temperaturas y su relaci\u00f3n con un mayor consumo energ\u00e9tico, lo que genera tensiones en el sistema el\u00e9ctrico nacional. Tambi\u00e9n subray\u00f3 que el texto permite comprender las desigualdades clim\u00e1ticas en M\u00e9xico y sus efectos diferenciados en la poblaci\u00f3n.<\/p>\n\n\n\n<p>Por su parte, el doctor Vicente Germ\u00e1n Soto indic\u00f3 que el libro es resultado de un proyecto de investigaci\u00f3n avalado por la Secretar\u00eda de Ciencia, Humanidades, Tecnolog\u00eda e Innovaci\u00f3n (Secihti), surgido a partir de cuestionamientos sobre el incremento de las temperaturas en las \u00faltimas d\u00e9cadas. A partir del an\u00e1lisis de datos hist\u00f3ricos, la obra confirma que existe un aumento sostenido de la temperatura, estrechamente vinculado con la actividad econ\u00f3mica y la explotaci\u00f3n de recursos naturales.<\/p>\n\n\n\n<p>El autor tambi\u00e9n plantea interrogantes sobre la demanda energ\u00e9tica en la era contempor\u00e1nea y su relaci\u00f3n con los modelos de producci\u00f3n. En este sentido, el libro incorpora el an\u00e1lisis de registros de precipitaciones pluviales, donde se identifican ciclos de sequ\u00eda que, independientemente de eventos extremos como inundaciones, se presentan aproximadamente cada cien a\u00f1os.<\/p>\n\n\n\n<p>Hacia el cierre, la obra cuestiona si la producci\u00f3n masiva ha incrementado la generaci\u00f3n de contaminantes. La respuesta, desarrollada a lo largo del texto, apunta afirmativamente, al tiempo que introduce el concepto de \u201choya de calor\u201d, fen\u00f3meno que \u2014seg\u00fan especialistas\u2014 no se presentaba en el pasado con la intensidad actual.<\/p>\n\n\n\n<p class=\"has-text-align-right\"><em>Guadalupe Guevara<\/em><\/p>\n\n\n<div class=\"pgc-sgb-cb wp-block-pgcsimplygalleryblock-masonry \" data-gallery-id=\"5ad67573\"><div class=\"sgb-preloader\" id=\"pr_5ad67573\">\n\t<div class=\"sgb-square\" style=\"background:#d4d4d4\"><\/div>\n\t<div class=\"sgb-square\" style=\"background:#d4d4d4\"><\/div>\n\t<div class=\"sgb-square\" style=\"background:#d4d4d4\"><\/div>\n\t<div class=\"sgb-square\" style=\"background:#d4d4d4\"><\/div><\/div><div class=\"simply-gallery-amp pgc_sgb_slider \"><noscript><div class=\"sgb-gallery\"><div class=\"sgb-item\"><a href=\"https:\/\/wp.uaslp.mx\/noticias\/wp-content\/uploads\/sites\/5\/2026\/04\/WhatsApp-Image-2026-04-28-at-12.54.58-PM.jpeg\"><img decoding=\"async\" alt=\"\" width=\"1024\" height=\"473\" loading=\"lazy\" src=\"https:\/\/wp.uaslp.mx\/noticias\/wp-content\/uploads\/sites\/5\/2026\/04\/WhatsApp-Image-2026-04-28-at-12.54.58-PM-1024x473.jpeg\" srcset=\"https:\/\/wp.uaslp.mx\/noticias\/wp-content\/uploads\/sites\/5\/2026\/04\/WhatsApp-Image-2026-04-28-at-12.54.58-PM-1024x473.jpeg 1024w,https:\/\/wp.uaslp.mx\/noticias\/wp-content\/uploads\/sites\/5\/2026\/04\/WhatsApp-Image-2026-04-28-at-12.54.58-PM.jpeg 1600w\" sizes=\"auto, 250px\"\/><\/a><\/div><div class=\"sgb-item\"><a href=\"https:\/\/wp.uaslp.mx\/noticias\/wp-content\/uploads\/sites\/5\/2026\/04\/WhatsApp-Image-2026-04-28-at-12.54.58-PM-1.jpeg\"><img decoding=\"async\" alt=\"\" width=\"1024\" height=\"849\" loading=\"lazy\" src=\"https:\/\/wp.uaslp.mx\/noticias\/wp-content\/uploads\/sites\/5\/2026\/04\/WhatsApp-Image-2026-04-28-at-12.54.58-PM-1-1024x849.jpeg\" srcset=\"https:\/\/wp.uaslp.mx\/noticias\/wp-content\/uploads\/sites\/5\/2026\/04\/WhatsApp-Image-2026-04-28-at-12.54.58-PM-1-1024x849.jpeg 1024w,https:\/\/wp.uaslp.mx\/noticias\/wp-content\/uploads\/sites\/5\/2026\/04\/WhatsApp-Image-2026-04-28-at-12.54.58-PM-1.jpeg 1600w\" sizes=\"auto, 250px\"\/><\/a><\/div><\/div><\/noscript><\/div><script type=\"application\/json\" class=\"sgb-data\">{\"galleryType\":\"pgc_sgb_masonry\",\"galleryId\":\"5ad67573\",\"images\":[{\"id\":24228,\"title\":\"WhatsApp Image 2026-04-28 at 12.54.58 PM\",\"url\":\"https:\/\/wp.uaslp.mx\/noticias\/wp-content\/uploads\/sites\/5\/2026\/04\/WhatsApp-Image-2026-04-28-at-12.54.58-PM.jpeg\",\"link\":\"https:\/\/wp.uaslp.mx\/noticias\/investigacion\/desde-la-uaslp-reflexionan-sobre-el-impacto-climatico-en-los-modelos-economicos-actuales\/attachment\/whatsapp-image-2026-04-28-at-12-54-58-pm\/\",\"alt\":\"\",\"description\":\"\",\"caption\":\"\",\"mime\":\"image\/jpeg\",\"type\":\"image\",\"width\":1600,\"height\":739,\"sizes\":{\"thumbnail\":{\"height\":150,\"width\":150,\"url\":\"https:\/\/wp.uaslp.mx\/noticias\/wp-content\/uploads\/sites\/5\/2026\/04\/WhatsApp-Image-2026-04-28-at-12.54.58-PM-150x150.jpeg\",\"orientation\":\"landscape\"},\"medium\":{\"height\":473,\"width\":1024,\"url\":\"https:\/\/wp.uaslp.mx\/noticias\/wp-content\/uploads\/sites\/5\/2026\/04\/WhatsApp-Image-2026-04-28-at-12.54.58-PM-1024x473.jpeg\",\"orientation\":\"landscape\"},\"full\":{\"url\":\"https:\/\/wp.uaslp.mx\/noticias\/wp-content\/uploads\/sites\/5\/2026\/04\/WhatsApp-Image-2026-04-28-at-12.54.58-PM.jpeg\",\"height\":739,\"width\":1600,\"orientation\":\"landscape\"}},\"imageMeta\":{\"aperture\":\"0\",\"credit\":\"\",\"camera\":\"\",\"caption\":\"\",\"created_timestamp\":\"0\",\"copyright\":\"\",\"focal_length\":\"0\",\"iso\":\"0\",\"shutter_speed\":\"0\",\"title\":\"\",\"orientation\":\"0\",\"keywords\":[]},\"meta\":false},{\"id\":24226,\"title\":\"WhatsApp Image 2026-04-28 at 12.54.58 PM (1)\",\"url\":\"https:\/\/wp.uaslp.mx\/noticias\/wp-content\/uploads\/sites\/5\/2026\/04\/WhatsApp-Image-2026-04-28-at-12.54.58-PM-1.jpeg\",\"link\":\"https:\/\/wp.uaslp.mx\/noticias\/investigacion\/desde-la-uaslp-reflexionan-sobre-el-impacto-climatico-en-los-modelos-economicos-actuales\/attachment\/whatsapp-image-2026-04-28-at-12-54-58-pm-1\/\",\"alt\":\"\",\"description\":\"\",\"caption\":\"\",\"mime\":\"image\/jpeg\",\"type\":\"image\",\"width\":1600,\"height\":1326,\"sizes\":{\"thumbnail\":{\"height\":150,\"width\":150,\"url\":\"https:\/\/wp.uaslp.mx\/noticias\/wp-content\/uploads\/sites\/5\/2026\/04\/WhatsApp-Image-2026-04-28-at-12.54.58-PM-1-150x150.jpeg\",\"orientation\":\"landscape\"},\"medium\":{\"height\":849,\"width\":1024,\"url\":\"https:\/\/wp.uaslp.mx\/noticias\/wp-content\/uploads\/sites\/5\/2026\/04\/WhatsApp-Image-2026-04-28-at-12.54.58-PM-1-1024x849.jpeg\",\"orientation\":\"landscape\"},\"full\":{\"url\":\"https:\/\/wp.uaslp.mx\/noticias\/wp-content\/uploads\/sites\/5\/2026\/04\/WhatsApp-Image-2026-04-28-at-12.54.58-PM-1.jpeg\",\"height\":1326,\"width\":1600,\"orientation\":\"landscape\"}},\"imageMeta\":{\"aperture\":\"0\",\"credit\":\"\",\"camera\":\"\",\"caption\":\"\",\"created_timestamp\":\"0\",\"copyright\":\"\",\"focal_length\":\"0\",\"iso\":\"0\",\"shutter_speed\":\"0\",\"title\":\"\",\"orientation\":\"0\",\"keywords\":[]},\"meta\":false}],\"itemsMetaDataCollection\":[]}<\/script><script>(function(){if(window.PGC_SGB && window.PGC_SGB.searcher){window.PGC_SGB.searcher.initBlocks()}})()<\/script><\/div>","protected":false},"excerpt":{"rendered":"<p>En el marco del 2\u00ba Foro de Econom\u00eda, Comercio y Negocios Internacionales, la Facultad de&#8230;<\/p>\n","protected":false},"author":12,"featured_media":24227,"comment_status":"closed","ping_status":"closed","sticky":false,"template":"","format":"standard","meta":{"pgc_sgb_lightbox_settings":"","footnotes":""},"categories":[10],"tags":[3431,269,1291],"class_list":["post-24225","post","type-post","status-publish","format-standard","has-post-thumbnail","hentry","category-investigacion","tag-cambioclimatico","tag-economia","tag-medio-ambiente"],"featured_image_urls":{"full":["https:\/\/wp.uaslp.mx\/noticias\/wp-content\/uploads\/sites\/5\/2026\/04\/WhatsApp-Image-2026-04-28-at-12.54.57-PM.jpeg",1600,739,false],"thumbnail":["https:\/\/wp.uaslp.mx\/noticias\/wp-content\/uploads\/sites\/5\/2026\/04\/WhatsApp-Image-2026-04-28-at-12.54.57-PM-150x150.jpeg",150,150,true],"medium":["https:\/\/wp.uaslp.mx\/noticias\/wp-content\/uploads\/sites\/5\/2026\/04\/WhatsApp-Image-2026-04-28-at-12.54.57-PM-1024x473.jpeg",1024,473,true],"medium_large":["https:\/\/wp.uaslp.mx\/noticias\/wp-content\/uploads\/sites\/5\/2026\/04\/WhatsApp-Image-2026-04-28-at-12.54.57-PM-768x355.jpeg",640,296,true],"large":["https:\/\/wp.uaslp.mx\/noticias\/wp-content\/uploads\/sites\/5\/2026\/04\/WhatsApp-Image-2026-04-28-at-12.54.57-PM.jpeg",1600,739,false],"1536x1536":["https:\/\/wp.uaslp.mx\/noticias\/wp-content\/uploads\/sites\/5\/2026\/04\/WhatsApp-Image-2026-04-28-at-12.54.57-PM-1536x709.jpeg",1536,709,true],"2048x2048":["https:\/\/wp.uaslp.mx\/noticias\/wp-content\/uploads\/sites\/5\/2026\/04\/WhatsApp-Image-2026-04-28-at-12.54.57-PM.jpeg",1600,739,false],"newsever-slider-full":["https:\/\/wp.uaslp.mx\/noticias\/wp-content\/uploads\/sites\/5\/2026\/04\/WhatsApp-Image-2026-04-28-at-12.54.57-PM-1280x739.jpeg",1280,739,true],"newsever-featured":["https:\/\/wp.uaslp.mx\/noticias\/wp-content\/uploads\/sites\/5\/2026\/04\/WhatsApp-Image-2026-04-28-at-12.54.57-PM-1024x473.jpeg",1024,473,true],"newsever-medium":["https:\/\/wp.uaslp.mx\/noticias\/wp-content\/uploads\/sites\/5\/2026\/04\/WhatsApp-Image-2026-04-28-at-12.54.57-PM-720x475.jpeg",720,475,true],"mailpoet_newsletter_max":["https:\/\/wp.uaslp.mx\/noticias\/wp-content\/uploads\/sites\/5\/2026\/04\/WhatsApp-Image-2026-04-28-at-12.54.57-PM-1320x610.jpeg",1320,610,true]},"author_info":{"display_name":"Prensa y difusi\u00f3n","author_link":"https:\/\/wp.uaslp.mx\/noticias\/author\/giovannamorales\/"},"category_info":"<a href=\"https:\/\/wp.uaslp.mx\/noticias\/category\/investigacion\/\" rel=\"category tag\">Investigaci\u00f3n<\/a>","tag_info":"Investigaci\u00f3n","comment_count":"0","_links":{"self":[{"href":"https:\/\/wp.uaslp.mx\/noticias\/wp-json\/wp\/v2\/posts\/24225","targetHints":{"allow":["GET"]}}],"collection":[{"href":"https:\/\/wp.uaslp.mx\/noticias\/wp-json\/wp\/v2\/posts"}],"about":[{"href":"https:\/\/wp.uaslp.mx\/noticias\/wp-json\/wp\/v2\/types\/post"}],"author":[{"embeddable":true,"href":"https:\/\/wp.uaslp.mx\/noticias\/wp-json\/wp\/v2\/users\/12"}],"replies":[{"embeddable":true,"href":"https:\/\/wp.uaslp.mx\/noticias\/wp-json\/wp\/v2\/comments?post=24225"}],"version-history":[{"count":3,"href":"https:\/\/wp.uaslp.mx\/noticias\/wp-json\/wp\/v2\/posts\/24225\/revisions"}],"predecessor-version":[{"id":24232,"href":"https:\/\/wp.uaslp.mx\/noticias\/wp-json\/wp\/v2\/posts\/24225\/revisions\/24232"}],"wp:featuredmedia":[{"embeddable":true,"href":"https:\/\/wp.uaslp.mx\/noticias\/wp-json\/wp\/v2\/media\/24227"}],"wp:attachment":[{"href":"https:\/\/wp.uaslp.mx\/noticias\/wp-json\/wp\/v2\/media?parent=24225"}],"wp:term":[{"taxonomy":"category","embeddable":true,"href":"https:\/\/wp.uaslp.mx\/noticias\/wp-json\/wp\/v2\/categories?post=24225"},{"taxonomy":"post_tag","embeddable":true,"href":"https:\/\/wp.uaslp.mx\/noticias\/wp-json\/wp\/v2\/tags?post=24225"}],"curies":[{"name":"wp","href":"https:\/\/api.w.org\/{rel}","templated":true}]}}