{"id":24189,"date":"2026-04-25T10:35:09","date_gmt":"2026-04-25T16:35:09","guid":{"rendered":"https:\/\/wp.uaslp.mx\/noticias\/?p=24189"},"modified":"2026-04-27T12:42:01","modified_gmt":"2026-04-27T18:42:01","slug":"catedratica-expone-en-la-camara-de-diputados-el-liderazgo-de-la-enfermeria-y-su-papel-en-politicas-publicas-de-salud","status":"publish","type":"post","link":"https:\/\/wp.uaslp.mx\/noticias\/mujeres-uaslp\/catedratica-expone-en-la-camara-de-diputados-el-liderazgo-de-la-enfermeria-y-su-papel-en-politicas-publicas-de-salud\/","title":{"rendered":"Catedr\u00e1tica expone en la C\u00e1mara de Diputados el liderazgo de la enfermer\u00eda y su papel en pol\u00edticas p\u00fablicas de salud"},"content":{"rendered":"\n<p><\/p>\n\n\n\n<p>La doctora Aracely D\u00edaz Oviedo, catedr\u00e1tica de la <a href=\"https:\/\/www.enfermerianutricion.uaslp.mx\/#gsc.tab=0\">Facultad de Enfermer\u00eda y Nutrici\u00f3n<\/a> (FEN) de la Universidad Aut\u00f3noma de San Luis Potos\u00ed (UASLP), destac\u00f3 la relevancia de la enfermer\u00eda como pilar del sistema de salud p\u00fablica y su contribuci\u00f3n en la construcci\u00f3n de pol\u00edticas p\u00fablicas, al impartir la conferencia magistral \u201cLiderazgo en Enfermer\u00eda como Eje Estrat\u00e9gico para el Desarrollo de Vocaciones Cient\u00edficas en el Campo de la Salud\u201d, en la Cumbre de Liderazgos de la Red Nacional de Enfermer\u00eda y Pol\u00edtica P\u00fablica, realizada en la C\u00e1mara de Diputados, LXVI Legislatura, en la Ciudad de M\u00e9xico.<\/p>\n\n\n\n<p>Ante legisladores federales, la acad\u00e9mica subray\u00f3 la importancia de que el personal de enfermer\u00eda participe en los espacios de di\u00e1logo convocados por los representantes populares, a fin de visibilizar los retos que enfrenta este sector. Se\u00f1al\u00f3 que la enfermer\u00eda cumple funciones esenciales como la promoci\u00f3n, gesti\u00f3n y educaci\u00f3n en salud, adem\u00e1s de la formaci\u00f3n de nuevos profesionales.<\/p>\n\n\n\n<p>Indic\u00f3 que quienes ejercen esta disciplina cuentan con elementos sustantivos que pueden aportar a quienes toman decisiones en materia de salud p\u00fablica, especialmente en la definici\u00f3n de pol\u00edticas que inciden directamente en la atenci\u00f3n a la poblaci\u00f3n. Asimismo, apunt\u00f3 que uno de los principales retos del gremio es consolidar su identidad y liderazgo en un contexto global, donde existen m\u00faltiples programas dentro del sistema de salud.<\/p>\n\n\n\n<p>En su intervenci\u00f3n, la doctora D\u00edaz Oviedo afirm\u00f3 que la enfermer\u00eda tiene la capacidad de asumir un papel protag\u00f3nico en la conducci\u00f3n de propuestas de atenci\u00f3n, as\u00ed como en el desarrollo de investigaci\u00f3n orientada a resolver problem\u00e1ticas prioritarias en salud que afectan a la sociedad mexicana.<\/p>\n\n\n\n<p>A\u00f1adi\u00f3 que la academia enfrenta el desaf\u00edo de posicionar a la enfermer\u00eda como un actor estrat\u00e9gico en la generaci\u00f3n de conocimiento y en la vinculaci\u00f3n con los distintos sectores involucrados en la toma de decisiones. Consider\u00f3 que este es un momento propicio para fortalecer la colaboraci\u00f3n entre el \u00e1mbito acad\u00e9mico, el personal asistencial y quienes dise\u00f1an pol\u00edticas p\u00fablicas.<\/p>\n\n\n\n<p>Previo a su participaci\u00f3n, integrantes de la LXVI Legislatura tomaron protesta a quienes conforman la Red Nacional de Enfermer\u00eda y Pol\u00edtica P\u00fablica, entre ellos el licenciado Julio C\u00e9sar Segura Flores, como secretario general; la maestra Karla Sof\u00eda G\u00f3mez Alc\u00e1ntara, en la vicepresidencia; y la licenciada Lucely Rebollar Frutis, en la supervisi\u00f3n de seguridad, salud y medio ambiente.<\/p>\n\n\n\n<p class=\"has-text-align-right\"><em>Guadalupe Guevara<\/em><\/p>\n\n\n<div class=\"pgc-sgb-cb wp-block-pgcsimplygalleryblock-justified \" data-gallery-id=\"de081756\"><div class=\"sgb-preloader\" id=\"pr_de081756\">\n\t<div class=\"sgb-square\" style=\"background:#d4d4d4\"><\/div>\n\t<div class=\"sgb-square\" style=\"background:#d4d4d4\"><\/div>\n\t<div class=\"sgb-square\" style=\"background:#d4d4d4\"><\/div>\n\t<div class=\"sgb-square\" style=\"background:#d4d4d4\"><\/div><\/div><div class=\"simply-gallery-amp pgc_sgb_slider \"><noscript><div class=\"sgb-gallery\"><div class=\"sgb-item\"><a href=\"https:\/\/wp.uaslp.mx\/noticias\/mujeres-uaslp\/catedratica-expone-en-la-camara-de-diputados-el-liderazgo-de-la-enfermeria-y-su-papel-en-politicas-publicas-de-salud\/attachment\/whatsapp-image-2026-04-25-at-12-20-37-pm\/\" target=\"_blank\"><img decoding=\"async\" alt=\"\" width=\"461\" height=\"1024\" loading=\"lazy\" src=\"https:\/\/wp.uaslp.mx\/noticias\/wp-content\/uploads\/sites\/5\/2026\/04\/WhatsApp-Image-2026-04-25-at-12.20.37-PM-461x1024.jpeg\" srcset=\"https:\/\/wp.uaslp.mx\/noticias\/wp-content\/uploads\/sites\/5\/2026\/04\/WhatsApp-Image-2026-04-25-at-12.20.37-PM-461x1024.jpeg 461w,https:\/\/wp.uaslp.mx\/noticias\/wp-content\/uploads\/sites\/5\/2026\/04\/WhatsApp-Image-2026-04-25-at-12.20.37-PM.jpeg 721w\" sizes=\"auto, 250px\"\/><\/a><\/div><\/div><\/noscript><\/div><script type=\"application\/json\" class=\"sgb-data\">{\"galleryType\":\"pgc_sgb_justified\",\"galleryId\":\"de081756\",\"images\":[{\"id\":24191,\"title\":\"WhatsApp Image 2026-04-25 at 12.20.37 PM\",\"url\":\"https:\/\/wp.uaslp.mx\/noticias\/wp-content\/uploads\/sites\/5\/2026\/04\/WhatsApp-Image-2026-04-25-at-12.20.37-PM.jpeg\",\"link\":\"https:\/\/wp.uaslp.mx\/noticias\/mujeres-uaslp\/catedratica-expone-en-la-camara-de-diputados-el-liderazgo-de-la-enfermeria-y-su-papel-en-politicas-publicas-de-salud\/attachment\/whatsapp-image-2026-04-25-at-12-20-37-pm\/\",\"alt\":\"\",\"description\":\"\",\"caption\":\"\",\"mime\":\"image\/jpeg\",\"type\":\"image\",\"width\":721,\"height\":1600,\"sizes\":{\"thumbnail\":{\"height\":150,\"width\":150,\"url\":\"https:\/\/wp.uaslp.mx\/noticias\/wp-content\/uploads\/sites\/5\/2026\/04\/WhatsApp-Image-2026-04-25-at-12.20.37-PM-150x150.jpeg\",\"orientation\":\"landscape\"},\"medium\":{\"height\":1024,\"width\":461,\"url\":\"https:\/\/wp.uaslp.mx\/noticias\/wp-content\/uploads\/sites\/5\/2026\/04\/WhatsApp-Image-2026-04-25-at-12.20.37-PM-461x1024.jpeg\",\"orientation\":\"portrait\"},\"full\":{\"url\":\"https:\/\/wp.uaslp.mx\/noticias\/wp-content\/uploads\/sites\/5\/2026\/04\/WhatsApp-Image-2026-04-25-at-12.20.37-PM.jpeg\",\"height\":1600,\"width\":721,\"orientation\":\"portrait\"}},\"imageMeta\":{\"aperture\":\"0\",\"credit\":\"\",\"camera\":\"\",\"caption\":\"\",\"created_timestamp\":\"0\",\"copyright\":\"\",\"focal_length\":\"0\",\"iso\":\"0\",\"shutter_speed\":\"0\",\"title\":\"\",\"orientation\":\"0\",\"keywords\":[]},\"meta\":false,\"postlink\":\"https:\/\/wp.uaslp.mx\/noticias\/mujeres-uaslp\/catedratica-expone-en-la-camara-de-diputados-el-liderazgo-de-la-enfermeria-y-su-papel-en-politicas-publicas-de-salud\/attachment\/whatsapp-image-2026-04-25-at-12-20-37-pm\/\"}],\"itemsMetaDataCollection\":[]}<\/script><script>(function(){if(window.PGC_SGB && window.PGC_SGB.searcher){window.PGC_SGB.searcher.initBlocks()}})()<\/script><\/div>\n\n\n<p><\/p>\n","protected":false},"excerpt":{"rendered":"<p>La doctora Aracely D\u00edaz Oviedo, catedr\u00e1tica de la Facultad de Enfermer\u00eda y Nutrici\u00f3n (FEN) de&#8230;<\/p>\n","protected":false},"author":12,"featured_media":24190,"comment_status":"closed","ping_status":"closed","sticky":false,"template":"","format":"standard","meta":{"pgc_sgb_lightbox_settings":"","footnotes":""},"categories":[1671],"tags":[1906],"class_list":["post-24189","post","type-post","status-publish","format-standard","has-post-thumbnail","hentry","category-mujeres-uaslp","tag-saludpublica"],"featured_image_urls":{"full":["https:\/\/wp.uaslp.mx\/noticias\/wp-content\/uploads\/sites\/5\/2026\/04\/WhatsApp-Image-2026-04-25-at-12.20.36-PM.jpeg",1600,1066,false],"thumbnail":["https:\/\/wp.uaslp.mx\/noticias\/wp-content\/uploads\/sites\/5\/2026\/04\/WhatsApp-Image-2026-04-25-at-12.20.36-PM-150x150.jpeg",150,150,true],"medium":["https:\/\/wp.uaslp.mx\/noticias\/wp-content\/uploads\/sites\/5\/2026\/04\/WhatsApp-Image-2026-04-25-at-12.20.36-PM-1024x682.jpeg",1024,682,true],"medium_large":["https:\/\/wp.uaslp.mx\/noticias\/wp-content\/uploads\/sites\/5\/2026\/04\/WhatsApp-Image-2026-04-25-at-12.20.36-PM-768x512.jpeg",640,427,true],"large":["https:\/\/wp.uaslp.mx\/noticias\/wp-content\/uploads\/sites\/5\/2026\/04\/WhatsApp-Image-2026-04-25-at-12.20.36-PM.jpeg",1600,1066,false],"1536x1536":["https:\/\/wp.uaslp.mx\/noticias\/wp-content\/uploads\/sites\/5\/2026\/04\/WhatsApp-Image-2026-04-25-at-12.20.36-PM-1536x1023.jpeg",1536,1023,true],"2048x2048":["https:\/\/wp.uaslp.mx\/noticias\/wp-content\/uploads\/sites\/5\/2026\/04\/WhatsApp-Image-2026-04-25-at-12.20.36-PM.jpeg",1600,1066,false],"newsever-slider-full":["https:\/\/wp.uaslp.mx\/noticias\/wp-content\/uploads\/sites\/5\/2026\/04\/WhatsApp-Image-2026-04-25-at-12.20.36-PM-1280x845.jpeg",1280,845,true],"newsever-featured":["https:\/\/wp.uaslp.mx\/noticias\/wp-content\/uploads\/sites\/5\/2026\/04\/WhatsApp-Image-2026-04-25-at-12.20.36-PM-1024x682.jpeg",1024,682,true],"newsever-medium":["https:\/\/wp.uaslp.mx\/noticias\/wp-content\/uploads\/sites\/5\/2026\/04\/WhatsApp-Image-2026-04-25-at-12.20.36-PM-720x475.jpeg",720,475,true],"mailpoet_newsletter_max":["https:\/\/wp.uaslp.mx\/noticias\/wp-content\/uploads\/sites\/5\/2026\/04\/WhatsApp-Image-2026-04-25-at-12.20.36-PM-1320x879.jpeg",1320,879,true]},"author_info":{"display_name":"Prensa y difusi\u00f3n","author_link":"https:\/\/wp.uaslp.mx\/noticias\/author\/giovannamorales\/"},"category_info":"<a href=\"https:\/\/wp.uaslp.mx\/noticias\/category\/mujeres-uaslp\/\" rel=\"category tag\">Mujeres UASLP<\/a>","tag_info":"Mujeres UASLP","comment_count":"0","_links":{"self":[{"href":"https:\/\/wp.uaslp.mx\/noticias\/wp-json\/wp\/v2\/posts\/24189","targetHints":{"allow":["GET"]}}],"collection":[{"href":"https:\/\/wp.uaslp.mx\/noticias\/wp-json\/wp\/v2\/posts"}],"about":[{"href":"https:\/\/wp.uaslp.mx\/noticias\/wp-json\/wp\/v2\/types\/post"}],"author":[{"embeddable":true,"href":"https:\/\/wp.uaslp.mx\/noticias\/wp-json\/wp\/v2\/users\/12"}],"replies":[{"embeddable":true,"href":"https:\/\/wp.uaslp.mx\/noticias\/wp-json\/wp\/v2\/comments?post=24189"}],"version-history":[{"count":2,"href":"https:\/\/wp.uaslp.mx\/noticias\/wp-json\/wp\/v2\/posts\/24189\/revisions"}],"predecessor-version":[{"id":24212,"href":"https:\/\/wp.uaslp.mx\/noticias\/wp-json\/wp\/v2\/posts\/24189\/revisions\/24212"}],"wp:featuredmedia":[{"embeddable":true,"href":"https:\/\/wp.uaslp.mx\/noticias\/wp-json\/wp\/v2\/media\/24190"}],"wp:attachment":[{"href":"https:\/\/wp.uaslp.mx\/noticias\/wp-json\/wp\/v2\/media?parent=24189"}],"wp:term":[{"taxonomy":"category","embeddable":true,"href":"https:\/\/wp.uaslp.mx\/noticias\/wp-json\/wp\/v2\/categories?post=24189"},{"taxonomy":"post_tag","embeddable":true,"href":"https:\/\/wp.uaslp.mx\/noticias\/wp-json\/wp\/v2\/tags?post=24189"}],"curies":[{"name":"wp","href":"https:\/\/api.w.org\/{rel}","templated":true}]}}