{"id":23382,"date":"2026-03-12T13:54:34","date_gmt":"2026-03-12T19:54:34","guid":{"rendered":"https:\/\/wp.uaslp.mx\/noticias\/?p=23382"},"modified":"2026-03-12T13:54:36","modified_gmt":"2026-03-12T19:54:36","slug":"autores-nacionales-e-internacionales-llegan-a-la-50-feria-nacional-del-libro-de-la-uaslp","status":"publish","type":"post","link":"https:\/\/wp.uaslp.mx\/noticias\/arteycultura\/autores-nacionales-e-internacionales-llegan-a-la-50-feria-nacional-del-libro-de-la-uaslp\/","title":{"rendered":"Autores nacionales e internacionales llegan a la 50 Feria Nacional del Libro de la UASLP"},"content":{"rendered":"\n<p>La Universidad Aut\u00f3noma de San Luis Potos\u00ed celebrar\u00e1 en grande la edici\u00f3n n\u00famero 50 de la<a href=\"https:\/\/feriadelibro.uaslp.mx\/html\/programacion.html\"> Feria Nacional del Libro de la UASLP<\/a>, que contar\u00e1 con la participaci\u00f3n de reconocidos autores nacionales e internacionales. Entre los invitados m\u00e1s destacados se encuentran Juan Villoro y Cristina Rivera Garza, quienes adem\u00e1s recibir\u00e1n el Doctorado Honoris Causa que otorga la universidad el jueves 19 de marzo, a las 17:00 horas, en el teatro del Centro Cultural Universitario Bicentenario, en reconocimiento a su trayectoria literaria y aportaciones a la cultura.<\/p>\n\n\n\n<p>A lo largo del encuentro literario se llevar\u00e1n a cabo diversas presentaciones de libros que permitir\u00e1n al p\u00fablico dialogar con autoras y autores contempor\u00e1neos, conocer sus obras recientes y acercarse a distintas propuestas narrativas, ensay\u00edsticas y de divulgaci\u00f3n. La programaci\u00f3n refleja la diversidad de voces que integran el panorama literario actual.<\/p>\n\n\n\n<p>Las actividades comenzar\u00e1n el s\u00e1bado 14 de marzo con la presentaci\u00f3n de \u201cDuerme, cicatriz\u201d, de Nora de la Cruz, publicada por Tusquets Editores; seguida de \u201cMala espina\u201d, del escritor Xavier Velasco, editada por Alfaguara. El domingo 15 toca el turno a \u201cEl amigo muerto\u201d, del narrador Antonio Ortu\u00f1o, bajo el sello de Seix Barral; as\u00ed como \u201cFieras interiores\u201d, del bi\u00f3logo y escritor Andr\u00e9s Cota Hiriart, de Penguin Random House Grupo Editorial. Ese mismo d\u00eda Rodrigo \u00cdmaz charlar\u00e1 sobre su obra \u201cAqu\u00ed\u201d, de Rodrigo \u00cdmaz, editado por Sexto Piso.<\/p>\n\n\n\n<p>La agenda continuar\u00e1 el martes 17 con \u201cLa noche de las reinas\u201d, del escritor Vicente Alfonso; adem\u00e1s de \u201cSoy la daga y soy la herida\u201d, de la reconocida autora colombiana Laura Restrepo, ambos bajo el sello de Alfaguara. M\u00e1s tarde llega \u201cLicencia para robar\u201d, de los periodistas Georgina Zerega y Zedryk Raziel, publicado por Grijalbo. El mi\u00e9rcoles 18 el p\u00fablico podr\u00e1 conocer \u201cLos sue\u00f1os de Patanjali\u201d, del escritor y divulgador Jos\u00e9 Gordon, tambi\u00e9n bajo el sello de Grijalbo.<\/p>\n\n\n\n<p>Para el viernes 20 se ha programado el encuentro en torno a \u201cGlosario de t\u00e9rminos culinarios en recetarios mexicanos antiguos\u201d, de Alberto Peralta de Legarreta, editado por la Universidad An\u00e1huac M\u00e9xico y la Fundaci\u00f3n Herdez.<\/p>\n\n\n\n<p>Ese mismo d\u00eda tendr\u00e1n lugar dos de los di\u00e1logos m\u00e1s esperados de la feria: \u201cTerrestre\u201d, de Cristina Rivera Garza, y \u201cLos h\u00e9roes numerados\u201d, de Juan Villoro, publicado por Seix Barral. Tambi\u00e9n se comentar\u00e1 \u201cHijas de la historia 2\u201d, de Isabel Revuelta Poo, editado por Grupo Planeta.<\/p>\n\n\n\n<p>El s\u00e1bado 21 continuar\u00e1 la programaci\u00f3n con \u201cCuchara y memoria 2\u201d, del escritor Benito Taibo, publicado por Grupo Planeta; \u201cEl llanto del aire\u201d, del autor y monero Bernardo Fern\u00e1ndez BEF, bajo el sello de Editorial Oc\u00e9ano; as\u00ed como \u201cSusy Fang, el caso del novio t\u00f3xico\u201d, del escritor Jaime Alfonso Sandoval, editado por Montena.<\/p>\n\n\n\n<p>La programaci\u00f3n cerrar\u00e1 el domingo 22 con \u201c\u00a1Que viva el pulque!\u201d, de Juan Escalona Mel\u00e9ndez, publicado por Novo Editorial en colaboraci\u00f3n con la Fundaci\u00f3n Herdez; \u201cCuando hablamos de amor\u201d, de Aura Garc\u00eda-Junco, editado por Sexto Piso; y \u201cSer feliz es para valientes\u201d, de Valentina Luj\u00e1n, bajo el sello de Aguilar.<\/p>\n\n\n\n<p>Todas las actividades de la Feria Nacional del Libro de la UASLP se llevar\u00e1n a cabo en el Centro Cultural Universitario Bicentenario. La programaci\u00f3n completa puede consultarse en el sitio <a href=\"https:\/\/feriadelibro.uaslp.mx\/html\/programacion.html\">feriadelibro.uaslp.mx<\/a>, as\u00ed como en las redes sociales oficiales.<\/p>\n\n\n\n<p class=\"has-text-align-right\"><em>Paola Mu\u00f1oz<\/em><\/p>\n\n\n<div class=\"pgc-sgb-cb wp-block-pgcsimplygalleryblock-justified \" data-gallery-id=\"c6919496\"><div class=\"sgb-preloader\" id=\"pr_c6919496\">\n\t<div class=\"sgb-square\" style=\"background:#d4d4d4\"><\/div>\n\t<div class=\"sgb-square\" style=\"background:#d4d4d4\"><\/div>\n\t<div class=\"sgb-square\" style=\"background:#d4d4d4\"><\/div>\n\t<div class=\"sgb-square\" style=\"background:#d4d4d4\"><\/div><\/div><div class=\"simply-gallery-amp pgc_sgb_slider \"><noscript><div class=\"sgb-gallery\"><div class=\"sgb-item\"><a href=\"https:\/\/wp.uaslp.mx\/noticias\/?attachment_id=23383\" target=\"_blank\"><img decoding=\"async\" alt=\"\" width=\"819\" height=\"1024\" loading=\"lazy\" src=\"https:\/\/wp.uaslp.mx\/noticias\/wp-content\/uploads\/sites\/5\/2026\/03\/WhatsApp-Image-2026-03-12-at-1.42.50-PM-819x1024.jpeg\" srcset=\"https:\/\/wp.uaslp.mx\/noticias\/wp-content\/uploads\/sites\/5\/2026\/03\/WhatsApp-Image-2026-03-12-at-1.42.50-PM-819x1024.jpeg 819w,https:\/\/wp.uaslp.mx\/noticias\/wp-content\/uploads\/sites\/5\/2026\/03\/WhatsApp-Image-2026-03-12-at-1.42.50-PM.jpeg 1080w\" sizes=\"auto, 250px\"\/><\/a><\/div><div class=\"sgb-item\"><a href=\"https:\/\/wp.uaslp.mx\/noticias\/?attachment_id=23384\" target=\"_blank\"><img decoding=\"async\" alt=\"\" width=\"822\" height=\"1024\" loading=\"lazy\" src=\"https:\/\/wp.uaslp.mx\/noticias\/wp-content\/uploads\/sites\/5\/2026\/03\/WhatsApp-Image-2026-03-12-at-1.42.49-PM-1-822x1024.jpeg\" srcset=\"https:\/\/wp.uaslp.mx\/noticias\/wp-content\/uploads\/sites\/5\/2026\/03\/WhatsApp-Image-2026-03-12-at-1.42.49-PM-1-822x1024.jpeg 822w,https:\/\/wp.uaslp.mx\/noticias\/wp-content\/uploads\/sites\/5\/2026\/03\/WhatsApp-Image-2026-03-12-at-1.42.49-PM-1.jpeg 1080w\" sizes=\"auto, 250px\"\/><\/a><\/div><\/div><\/noscript><\/div><script type=\"application\/json\" class=\"sgb-data\">{\"galleryType\":\"pgc_sgb_justified\",\"galleryId\":\"c6919496\",\"images\":[{\"id\":23383,\"title\":\"WhatsApp Image 2026-03-12 at 1.42.50 PM\",\"url\":\"https:\/\/wp.uaslp.mx\/noticias\/wp-content\/uploads\/sites\/5\/2026\/03\/WhatsApp-Image-2026-03-12-at-1.42.50-PM.jpeg\",\"link\":\"https:\/\/wp.uaslp.mx\/noticias\/?attachment_id=23383\",\"alt\":\"\",\"description\":\"\",\"caption\":\"\",\"mime\":\"image\/jpeg\",\"type\":\"image\",\"width\":1080,\"height\":1350,\"sizes\":{\"thumbnail\":{\"height\":150,\"width\":150,\"url\":\"https:\/\/wp.uaslp.mx\/noticias\/wp-content\/uploads\/sites\/5\/2026\/03\/WhatsApp-Image-2026-03-12-at-1.42.50-PM-150x150.jpeg\",\"orientation\":\"landscape\"},\"medium\":{\"height\":1024,\"width\":819,\"url\":\"https:\/\/wp.uaslp.mx\/noticias\/wp-content\/uploads\/sites\/5\/2026\/03\/WhatsApp-Image-2026-03-12-at-1.42.50-PM-819x1024.jpeg\",\"orientation\":\"portrait\"},\"full\":{\"url\":\"https:\/\/wp.uaslp.mx\/noticias\/wp-content\/uploads\/sites\/5\/2026\/03\/WhatsApp-Image-2026-03-12-at-1.42.50-PM.jpeg\",\"height\":1350,\"width\":1080,\"orientation\":\"portrait\"}},\"imageMeta\":{\"aperture\":\"0\",\"credit\":\"\",\"camera\":\"\",\"caption\":\"\",\"created_timestamp\":\"0\",\"copyright\":\"\",\"focal_length\":\"0\",\"iso\":\"0\",\"shutter_speed\":\"0\",\"title\":\"\",\"orientation\":\"0\",\"keywords\":[]},\"meta\":false,\"postlink\":\"https:\/\/wp.uaslp.mx\/noticias\/?attachment_id=23383\"},{\"id\":23384,\"title\":\"WhatsApp Image 2026-03-12 at 1.42.49 PM (1)\",\"url\":\"https:\/\/wp.uaslp.mx\/noticias\/wp-content\/uploads\/sites\/5\/2026\/03\/WhatsApp-Image-2026-03-12-at-1.42.49-PM-1.jpeg\",\"link\":\"https:\/\/wp.uaslp.mx\/noticias\/?attachment_id=23384\",\"alt\":\"\",\"description\":\"\",\"caption\":\"\",\"mime\":\"image\/jpeg\",\"type\":\"image\",\"width\":1080,\"height\":1345,\"sizes\":{\"thumbnail\":{\"height\":150,\"width\":150,\"url\":\"https:\/\/wp.uaslp.mx\/noticias\/wp-content\/uploads\/sites\/5\/2026\/03\/WhatsApp-Image-2026-03-12-at-1.42.49-PM-1-150x150.jpeg\",\"orientation\":\"landscape\"},\"medium\":{\"height\":1024,\"width\":822,\"url\":\"https:\/\/wp.uaslp.mx\/noticias\/wp-content\/uploads\/sites\/5\/2026\/03\/WhatsApp-Image-2026-03-12-at-1.42.49-PM-1-822x1024.jpeg\",\"orientation\":\"portrait\"},\"full\":{\"url\":\"https:\/\/wp.uaslp.mx\/noticias\/wp-content\/uploads\/sites\/5\/2026\/03\/WhatsApp-Image-2026-03-12-at-1.42.49-PM-1.jpeg\",\"height\":1345,\"width\":1080,\"orientation\":\"portrait\"}},\"imageMeta\":{\"aperture\":\"0\",\"credit\":\"\",\"camera\":\"\",\"caption\":\"\",\"created_timestamp\":\"0\",\"copyright\":\"\",\"focal_length\":\"0\",\"iso\":\"0\",\"shutter_speed\":\"0\",\"title\":\"\",\"orientation\":\"0\",\"keywords\":[]},\"meta\":false,\"postlink\":\"https:\/\/wp.uaslp.mx\/noticias\/?attachment_id=23384\"}],\"itemsMetaDataCollection\":[]}<\/script><script>(function(){if(window.PGC_SGB && window.PGC_SGB.searcher){window.PGC_SGB.searcher.initBlocks()}})()<\/script><\/div>","protected":false},"excerpt":{"rendered":"<p>La Universidad Aut\u00f3noma de San Luis Potos\u00ed celebrar\u00e1 en grande la edici\u00f3n n\u00famero 50 de&#8230;<\/p>\n","protected":false},"author":12,"featured_media":23385,"comment_status":"closed","ping_status":"closed","sticky":false,"template":"","format":"standard","meta":{"pgc_sgb_lightbox_settings":"","footnotes":""},"categories":[3],"tags":[3363],"class_list":["post-23382","post","type-post","status-publish","format-standard","has-post-thumbnail","hentry","category-arteycultura","tag-actividadesuaslp"],"featured_image_urls":{"full":["https:\/\/wp.uaslp.mx\/noticias\/wp-content\/uploads\/sites\/5\/2026\/03\/WhatsApp-Image-2026-03-12-at-1.42.49-PM.jpeg",1280,960,false],"thumbnail":["https:\/\/wp.uaslp.mx\/noticias\/wp-content\/uploads\/sites\/5\/2026\/03\/WhatsApp-Image-2026-03-12-at-1.42.49-PM-150x150.jpeg",150,150,true],"medium":["https:\/\/wp.uaslp.mx\/noticias\/wp-content\/uploads\/sites\/5\/2026\/03\/WhatsApp-Image-2026-03-12-at-1.42.49-PM-1024x768.jpeg",1024,768,true],"medium_large":["https:\/\/wp.uaslp.mx\/noticias\/wp-content\/uploads\/sites\/5\/2026\/03\/WhatsApp-Image-2026-03-12-at-1.42.49-PM-768x576.jpeg",640,480,true],"large":["https:\/\/wp.uaslp.mx\/noticias\/wp-content\/uploads\/sites\/5\/2026\/03\/WhatsApp-Image-2026-03-12-at-1.42.49-PM.jpeg",1280,960,false],"1536x1536":["https:\/\/wp.uaslp.mx\/noticias\/wp-content\/uploads\/sites\/5\/2026\/03\/WhatsApp-Image-2026-03-12-at-1.42.49-PM.jpeg",1280,960,false],"2048x2048":["https:\/\/wp.uaslp.mx\/noticias\/wp-content\/uploads\/sites\/5\/2026\/03\/WhatsApp-Image-2026-03-12-at-1.42.49-PM.jpeg",1280,960,false],"newsever-slider-full":["https:\/\/wp.uaslp.mx\/noticias\/wp-content\/uploads\/sites\/5\/2026\/03\/WhatsApp-Image-2026-03-12-at-1.42.49-PM-1280x845.jpeg",1280,845,true],"newsever-featured":["https:\/\/wp.uaslp.mx\/noticias\/wp-content\/uploads\/sites\/5\/2026\/03\/WhatsApp-Image-2026-03-12-at-1.42.49-PM-1024x768.jpeg",1024,768,true],"newsever-medium":["https:\/\/wp.uaslp.mx\/noticias\/wp-content\/uploads\/sites\/5\/2026\/03\/WhatsApp-Image-2026-03-12-at-1.42.49-PM-720x475.jpeg",720,475,true],"mailpoet_newsletter_max":["https:\/\/wp.uaslp.mx\/noticias\/wp-content\/uploads\/sites\/5\/2026\/03\/WhatsApp-Image-2026-03-12-at-1.42.49-PM.jpeg",1280,960,false]},"author_info":{"display_name":"Prensa y difusi\u00f3n","author_link":"https:\/\/wp.uaslp.mx\/noticias\/author\/giovannamorales\/"},"category_info":"<a href=\"https:\/\/wp.uaslp.mx\/noticias\/category\/arteycultura\/\" rel=\"category tag\">Arte y cultura<\/a>","tag_info":"Arte y cultura","comment_count":"0","_links":{"self":[{"href":"https:\/\/wp.uaslp.mx\/noticias\/wp-json\/wp\/v2\/posts\/23382","targetHints":{"allow":["GET"]}}],"collection":[{"href":"https:\/\/wp.uaslp.mx\/noticias\/wp-json\/wp\/v2\/posts"}],"about":[{"href":"https:\/\/wp.uaslp.mx\/noticias\/wp-json\/wp\/v2\/types\/post"}],"author":[{"embeddable":true,"href":"https:\/\/wp.uaslp.mx\/noticias\/wp-json\/wp\/v2\/users\/12"}],"replies":[{"embeddable":true,"href":"https:\/\/wp.uaslp.mx\/noticias\/wp-json\/wp\/v2\/comments?post=23382"}],"version-history":[{"count":1,"href":"https:\/\/wp.uaslp.mx\/noticias\/wp-json\/wp\/v2\/posts\/23382\/revisions"}],"predecessor-version":[{"id":23386,"href":"https:\/\/wp.uaslp.mx\/noticias\/wp-json\/wp\/v2\/posts\/23382\/revisions\/23386"}],"wp:featuredmedia":[{"embeddable":true,"href":"https:\/\/wp.uaslp.mx\/noticias\/wp-json\/wp\/v2\/media\/23385"}],"wp:attachment":[{"href":"https:\/\/wp.uaslp.mx\/noticias\/wp-json\/wp\/v2\/media?parent=23382"}],"wp:term":[{"taxonomy":"category","embeddable":true,"href":"https:\/\/wp.uaslp.mx\/noticias\/wp-json\/wp\/v2\/categories?post=23382"},{"taxonomy":"post_tag","embeddable":true,"href":"https:\/\/wp.uaslp.mx\/noticias\/wp-json\/wp\/v2\/tags?post=23382"}],"curies":[{"name":"wp","href":"https:\/\/api.w.org\/{rel}","templated":true}]}}