{"id":23379,"date":"2026-03-12T13:32:03","date_gmt":"2026-03-12T19:32:03","guid":{"rendered":"https:\/\/wp.uaslp.mx\/noticias\/?p=23379"},"modified":"2026-03-12T13:32:05","modified_gmt":"2026-03-12T19:32:05","slug":"director-de-la-fca-llama-a-empresas-a-preparar-con-anticipacion-su-declaracion-anual","status":"publish","type":"post","link":"https:\/\/wp.uaslp.mx\/noticias\/servicios\/director-de-la-fca-llama-a-empresas-a-preparar-con-anticipacion-su-declaracion-anual\/","title":{"rendered":"Director de la FCA llama a empresas a preparar con anticipaci\u00f3n su declaraci\u00f3n anual"},"content":{"rendered":"\n<p>Durante marzo, el trabajo de los contadores se intensifica debido al cumplimiento de diversas obligaciones fiscales, entre ellas la presentaci\u00f3n de la declaraci\u00f3n anual de las personas morales. El CPC Juan Antonio Zapata Zapata, director de la <a href=\"https:\/\/www.fca.uaslp.mx\/#gsc.tab=0\">Facultad de Contadur\u00eda y Administraci\u00f3n <\/a>(FCA) de la Universidad Aut\u00f3noma de San Luis Potos\u00ed (UASLP), explic\u00f3 que la fecha l\u00edmite para cumplir con este tr\u00e1mite es el 31 de marzo, d\u00eda en que las empresas deben informar al Servicio de Administraci\u00f3n Tributaria (SAT) sobre los resultados de su ejercicio fiscal.<\/p>\n\n\n\n<p>El acad\u00e9mico detall\u00f3 que una persona moral es aquella conformada por dos o m\u00e1s socios y regulada por la Ley General de Sociedades Mercantiles, como ocurre con las sociedades an\u00f3nimas, de responsabilidad limitada o cooperativas. Tambi\u00e9n entran en esta categor\u00eda asociaciones civiles y sociedades civiles contempladas en el C\u00f3digo Civil. \u201cDurante todo el a\u00f1o las empresas tienen operaciones de ventas, compras y gastos; todo eso se traduce en un resultado que al final se informa al SAT para saber si hubo utilidades o p\u00e9rdidas\u201d, explic\u00f3.<\/p>\n\n\n\n<p>De acuerdo con Zapata Zapata, cuando una empresa obtiene ganancias debe cubrir el Impuesto Sobre la Renta correspondiente, que en el caso de las personas morales equivale al 30 por ciento de la utilidad fiscal. Record\u00f3 que durante el a\u00f1o se realizan pagos provisionales cada mes, por lo que la declaraci\u00f3n anual permite hacer el c\u00e1lculo definitivo. \u201cEsta fecha de marzo es para hacer cuentas finales con el SAT y determinar si todav\u00eda hay impuesto por pagar o si ya se cubri\u00f3 con los pagos provisionales\u201d, coment\u00f3.<\/p>\n\n\n\n<p>El especialista se\u00f1al\u00f3 que uno de los errores m\u00e1s comunes ocurre cuando las empresas cambian de contador o cuando no revisan peri\u00f3dicamente sus resultados contables y fiscales. \u201cLo correcto es ir revisando mes con mes c\u00f3mo est\u00e1n los resultados y platicarlo con los socios para que se preparen, porque en marzo puede salir un impuesto considerable\u201d, dijo. Tambi\u00e9n mencion\u00f3 que pueden generarse saldos a favor cuando los ingresos son menores a los gastos o cuando los pagos provisionales superan el impuesto anual.<\/p>\n\n\n\n<p>Recomend\u00f3 a los contribuyentes revisar cuidadosamente su contabilidad antes de presentar la declaraci\u00f3n y no esperar hasta el \u00faltimo d\u00eda para hacerlo. \u201cEl SAT ya tiene pr\u00e1cticamente toda la informaci\u00f3n a trav\u00e9s de las facturas electr\u00f3nicas, por eso es importante verificar que todo coincida y aclarar cualquier diferencia con tiempo\u201d, indic\u00f3. A\u00f1adi\u00f3 que presentar la declaraci\u00f3n con anticipaci\u00f3n evita contratiempos t\u00e9cnicos en la plataforma y permite cumplir con esta obligaci\u00f3n fiscal de manera ordenada.<\/p>\n\n\n\n<p>Este mes, el director de la FCA recibi\u00f3 al delegado de la Procuradur\u00eda de la Defensa del Contribuyente (Prodecon), encuentro en el que se acord\u00f3 realizar un ciclo de conferencias a lo largo del semestre, con el objetivo de acercar a la comunidad universitaria informaci\u00f3n sobre derechos y obligaciones tributarias, y permitir\u00e1n, adem\u00e1s, que las y los estudiantes conozcan con mayor profundidad los procesos fiscales y su aplicaci\u00f3n en el \u00e1mbito profesional.<\/p>\n\n\n\n<p class=\"has-text-align-right\"><em>Hugo Laussin<\/em><\/p>\n","protected":false},"excerpt":{"rendered":"<p>Durante marzo, el trabajo de los contadores se intensifica debido al cumplimiento de diversas obligaciones&#8230;<\/p>\n","protected":false},"author":12,"featured_media":23380,"comment_status":"closed","ping_status":"closed","sticky":false,"template":"","format":"standard","meta":{"pgc_sgb_lightbox_settings":"","footnotes":""},"categories":[855],"tags":[3362],"class_list":["post-23379","post","type-post","status-publish","format-standard","has-post-thumbnail","hentry","category-servicios","tag-declaracionanual"],"featured_image_urls":{"full":["https:\/\/wp.uaslp.mx\/noticias\/wp-content\/uploads\/sites\/5\/2026\/03\/WhatsApp-Image-2026-03-12-at-1.28.56-PM-1.jpeg",1600,1066,false],"thumbnail":["https:\/\/wp.uaslp.mx\/noticias\/wp-content\/uploads\/sites\/5\/2026\/03\/WhatsApp-Image-2026-03-12-at-1.28.56-PM-1-150x150.jpeg",150,150,true],"medium":["https:\/\/wp.uaslp.mx\/noticias\/wp-content\/uploads\/sites\/5\/2026\/03\/WhatsApp-Image-2026-03-12-at-1.28.56-PM-1-1024x682.jpeg",1024,682,true],"medium_large":["https:\/\/wp.uaslp.mx\/noticias\/wp-content\/uploads\/sites\/5\/2026\/03\/WhatsApp-Image-2026-03-12-at-1.28.56-PM-1-768x512.jpeg",640,427,true],"large":["https:\/\/wp.uaslp.mx\/noticias\/wp-content\/uploads\/sites\/5\/2026\/03\/WhatsApp-Image-2026-03-12-at-1.28.56-PM-1.jpeg",1600,1066,false],"1536x1536":["https:\/\/wp.uaslp.mx\/noticias\/wp-content\/uploads\/sites\/5\/2026\/03\/WhatsApp-Image-2026-03-12-at-1.28.56-PM-1-1536x1023.jpeg",1536,1023,true],"2048x2048":["https:\/\/wp.uaslp.mx\/noticias\/wp-content\/uploads\/sites\/5\/2026\/03\/WhatsApp-Image-2026-03-12-at-1.28.56-PM-1.jpeg",1600,1066,false],"newsever-slider-full":["https:\/\/wp.uaslp.mx\/noticias\/wp-content\/uploads\/sites\/5\/2026\/03\/WhatsApp-Image-2026-03-12-at-1.28.56-PM-1-1280x845.jpeg",1280,845,true],"newsever-featured":["https:\/\/wp.uaslp.mx\/noticias\/wp-content\/uploads\/sites\/5\/2026\/03\/WhatsApp-Image-2026-03-12-at-1.28.56-PM-1-1024x682.jpeg",1024,682,true],"newsever-medium":["https:\/\/wp.uaslp.mx\/noticias\/wp-content\/uploads\/sites\/5\/2026\/03\/WhatsApp-Image-2026-03-12-at-1.28.56-PM-1-720x475.jpeg",720,475,true],"mailpoet_newsletter_max":["https:\/\/wp.uaslp.mx\/noticias\/wp-content\/uploads\/sites\/5\/2026\/03\/WhatsApp-Image-2026-03-12-at-1.28.56-PM-1-1320x879.jpeg",1320,879,true]},"author_info":{"display_name":"Prensa y difusi\u00f3n","author_link":"https:\/\/wp.uaslp.mx\/noticias\/author\/giovannamorales\/"},"category_info":"<a href=\"https:\/\/wp.uaslp.mx\/noticias\/category\/servicios\/\" rel=\"category tag\">Servicios<\/a>","tag_info":"Servicios","comment_count":"0","_links":{"self":[{"href":"https:\/\/wp.uaslp.mx\/noticias\/wp-json\/wp\/v2\/posts\/23379","targetHints":{"allow":["GET"]}}],"collection":[{"href":"https:\/\/wp.uaslp.mx\/noticias\/wp-json\/wp\/v2\/posts"}],"about":[{"href":"https:\/\/wp.uaslp.mx\/noticias\/wp-json\/wp\/v2\/types\/post"}],"author":[{"embeddable":true,"href":"https:\/\/wp.uaslp.mx\/noticias\/wp-json\/wp\/v2\/users\/12"}],"replies":[{"embeddable":true,"href":"https:\/\/wp.uaslp.mx\/noticias\/wp-json\/wp\/v2\/comments?post=23379"}],"version-history":[{"count":1,"href":"https:\/\/wp.uaslp.mx\/noticias\/wp-json\/wp\/v2\/posts\/23379\/revisions"}],"predecessor-version":[{"id":23381,"href":"https:\/\/wp.uaslp.mx\/noticias\/wp-json\/wp\/v2\/posts\/23379\/revisions\/23381"}],"wp:featuredmedia":[{"embeddable":true,"href":"https:\/\/wp.uaslp.mx\/noticias\/wp-json\/wp\/v2\/media\/23380"}],"wp:attachment":[{"href":"https:\/\/wp.uaslp.mx\/noticias\/wp-json\/wp\/v2\/media?parent=23379"}],"wp:term":[{"taxonomy":"category","embeddable":true,"href":"https:\/\/wp.uaslp.mx\/noticias\/wp-json\/wp\/v2\/categories?post=23379"},{"taxonomy":"post_tag","embeddable":true,"href":"https:\/\/wp.uaslp.mx\/noticias\/wp-json\/wp\/v2\/tags?post=23379"}],"curies":[{"name":"wp","href":"https:\/\/api.w.org\/{rel}","templated":true}]}}