{"id":23361,"date":"2026-03-11T13:54:16","date_gmt":"2026-03-11T19:54:16","guid":{"rendered":"https:\/\/wp.uaslp.mx\/noticias\/?p=23361"},"modified":"2026-03-11T13:54:18","modified_gmt":"2026-03-11T19:54:18","slug":"la-50-feria-nacional-del-libro-de-la-uaslp-ofrecera-programa-cultural-con-musica-lectura-y-actividades-artisticas","status":"publish","type":"post","link":"https:\/\/wp.uaslp.mx\/noticias\/arteycultura\/la-50-feria-nacional-del-libro-de-la-uaslp-ofrecera-programa-cultural-con-musica-lectura-y-actividades-artisticas\/","title":{"rendered":"La 50 Feria Nacional del Libro de la UASLP ofrecer\u00e1 programa cultural con m\u00fasica, lectura y actividades art\u00edsticas"},"content":{"rendered":"\n<p>La Universidad Aut\u00f3noma de San Luis Potos\u00ed presentar\u00e1 un programa cultural diverso como parte de la <a href=\"https:\/\/feriadelibro.uaslp.mx\/\">Feria Nacional del Libro<\/a>, que en su edici\u00f3n n\u00famero 50 reunir\u00e1 actividades art\u00edsticas, literarias y musicales para el p\u00fablico asistente en el Centro Cultural Universitario Bicentenario.<\/p>\n\n\n\n<p>Las actividades comenzar\u00e1n el viernes 13 de marzo con la bienvenida musical a cargo del Mariachi Universitario, que abrir\u00e1 la feria a las 13:00 horas con un repertorio de m\u00fasica tradicional mexicana. Ese mismo d\u00eda por la tarde, el programa incluir\u00e1 la presentaci\u00f3n del tr\u00edo huasteco La Nueva Herencia Potosina, integrado por estudiantes de la Coordinaci\u00f3n Acad\u00e9mica Regi\u00f3n Huasteca Sur (CARHS) de la UASLP, quienes interpretar\u00e1n piezas de huapango y m\u00fasica regional.<\/p>\n\n\n\n<p>El s\u00e1bado 14 de marzo a las 11:00 horas se llevar\u00e1 a cabo el Marat\u00f3n de Poes\u00eda, presentado por Gabriela D\u2019Arbel en colaboraci\u00f3n con la UASLP y el Centro Universitario de las Artes. A las 17:00 horas se realizar\u00e1 una sesi\u00f3n de escucha dedicada a compositoras contempor\u00e1neas, con el objetivo de acercar al p\u00fablico a propuestas musicales actuales desde una experiencia de reflexi\u00f3n sonora. La programaci\u00f3n musical del d\u00eda cerrar\u00e1, a las 18:30 horas, con la agrupaci\u00f3n San Luisito Tropikal, que fusiona g\u00e9neros como jazz, rock, reggae, ska y funk en un espect\u00e1culo que combina m\u00fasica y temas sociales.<\/p>\n\n\n\n<p>Para el domingo 15 de marzo se ha programado una sesi\u00f3n de Urban Sketching, de 12:00 a 14:00 horas en el pabell\u00f3n universitario, disciplina que invita a dibujar o pintar escenas del entorno a manera de boceto directamente en el lugar donde se encuentra el artista. Por la noche se presentar\u00e1n las bandas locales Nereo y Nunca Fuimos Listos, cuyas propuestas se mueven entre el indie rock, el pop electr\u00f3nico y el shoegaze.<\/p>\n\n\n\n<p>La agenda continuar\u00e1 el lunes 16 a las 13:00 horas con la charla \u201cM\u00e1s all\u00e1 de El Se\u00f1or de los Anillos: la obra de J. R. R. Tolkien\u201d, a cargo de Hugo Enrique Mendoza Carbajal, que ofrecer\u00e1 una aproximaci\u00f3n al universo literario del autor brit\u00e1nico. Ese d\u00eda, por la tarde, se presentar\u00e1 el grupo Fusi\u00f3n Musical, agrupaci\u00f3n que integra diversos instrumentos y estilos como foxtrot, charleston, blues, boleros y m\u00fasica popular mexicana.<\/p>\n\n\n\n<p>El martes 17 de marzo el escenario recibir\u00e1 al cantautor potosino Valensi, quien compartir\u00e1 temas de su proyecto de pop rock incluido en el \u00e1lbum &#8220;As\u00ed comienza todo&#8221;. Al d\u00eda siguiente, el mi\u00e9rcoles 18, el p\u00fablico podr\u00e1 disfrutar de la presentaci\u00f3n del Grupo Stereo Cumbia de Edy Guerrero, que interpretar\u00e1 cl\u00e1sicos de la m\u00fasica tropical con arreglos contempor\u00e1neos.<\/p>\n\n\n\n<p>El programa musical continuar\u00e1 el viernes 20 con la participaci\u00f3n de Son\u00e1mbulos, agrupaci\u00f3n dedicada a rendir tributo al rock and roll de los a\u00f1os sesenta. Para el s\u00e1bado 21 est\u00e1 prevista la actuaci\u00f3n del grupo Entre Kompas, que interpretar\u00e1 m\u00fasica regional mexicana.<\/p>\n\n\n\n<p>La clausura del programa cultural se realizar\u00e1 el domingo 22 de marzo con la presentaci\u00f3n de la Tuna UASLP, integrada por estudiantes de distintas facultades, quienes compartir\u00e1n con el p\u00fablico un repertorio caracterizado por su tradici\u00f3n musical y ambiente festivo.<\/p>\n\n\n\n<p>Las actividades musicales se llevar\u00e1n a cabo a las 18:30 horas en la explanada del Centro Cultural Universitario Bicentenario, como parte del programa art\u00edstico que acompa\u00f1a las actividades editoriales de la 50 Feria Nacional del Libro de la UASLP.<\/p>\n\n\n\n<p class=\"has-text-align-right\"><em>Paola Mu\u00f1oz<\/em><\/p>\n\n\n\n<figure class=\"wp-block-gallery has-nested-images columns-default is-cropped wp-block-gallery-1 is-layout-flex wp-block-gallery-is-layout-flex\">\n<figure class=\"wp-block-image size-large\"><img loading=\"lazy\" decoding=\"async\" width=\"1024\" height=\"683\" data-id=\"23366\" src=\"https:\/\/wp.uaslp.mx\/noticias\/wp-content\/uploads\/sites\/5\/2026\/03\/WhatsApp-Image-2026-03-11-at-1.39.09-PM.jpeg\" alt=\"\" class=\"wp-image-23366\" srcset=\"https:\/\/wp.uaslp.mx\/noticias\/wp-content\/uploads\/sites\/5\/2026\/03\/WhatsApp-Image-2026-03-11-at-1.39.09-PM.jpeg 1024w, https:\/\/wp.uaslp.mx\/noticias\/wp-content\/uploads\/sites\/5\/2026\/03\/WhatsApp-Image-2026-03-11-at-1.39.09-PM-768x512.jpeg 768w\" sizes=\"auto, (max-width: 1024px) 100vw, 1024px\" \/><\/figure>\n\n\n\n<figure class=\"wp-block-image size-large\"><img loading=\"lazy\" decoding=\"async\" width=\"1024\" height=\"683\" data-id=\"23365\" src=\"https:\/\/wp.uaslp.mx\/noticias\/wp-content\/uploads\/sites\/5\/2026\/03\/WhatsApp-Image-2026-03-11-at-1.38.03-PM-3.jpeg\" alt=\"\" class=\"wp-image-23365\" srcset=\"https:\/\/wp.uaslp.mx\/noticias\/wp-content\/uploads\/sites\/5\/2026\/03\/WhatsApp-Image-2026-03-11-at-1.38.03-PM-3.jpeg 1024w, https:\/\/wp.uaslp.mx\/noticias\/wp-content\/uploads\/sites\/5\/2026\/03\/WhatsApp-Image-2026-03-11-at-1.38.03-PM-3-768x512.jpeg 768w\" sizes=\"auto, (max-width: 1024px) 100vw, 1024px\" \/><\/figure>\n\n\n\n<figure class=\"wp-block-image size-full\"><img loading=\"lazy\" decoding=\"async\" width=\"1024\" height=\"683\" data-id=\"23362\" src=\"https:\/\/wp.uaslp.mx\/noticias\/wp-content\/uploads\/sites\/5\/2026\/03\/WhatsApp-Image-2026-03-11-at-1.38.03-PM-2.jpeg\" alt=\"\" class=\"wp-image-23362\" srcset=\"https:\/\/wp.uaslp.mx\/noticias\/wp-content\/uploads\/sites\/5\/2026\/03\/WhatsApp-Image-2026-03-11-at-1.38.03-PM-2.jpeg 1024w, https:\/\/wp.uaslp.mx\/noticias\/wp-content\/uploads\/sites\/5\/2026\/03\/WhatsApp-Image-2026-03-11-at-1.38.03-PM-2-768x512.jpeg 768w\" sizes=\"auto, (max-width: 1024px) 100vw, 1024px\" \/><\/figure>\n<\/figure>\n","protected":false},"excerpt":{"rendered":"<p>La Universidad Aut\u00f3noma de San Luis Potos\u00ed presentar\u00e1 un programa cultural diverso como parte de&#8230;<\/p>\n","protected":false},"author":12,"featured_media":23363,"comment_status":"closed","ping_status":"closed","sticky":false,"template":"","format":"standard","meta":{"pgc_sgb_lightbox_settings":"","footnotes":""},"categories":[3],"tags":[1342],"class_list":["post-23361","post","type-post","status-publish","format-standard","has-post-thumbnail","hentry","category-arteycultura","tag-feria-nacional-del-libro-de-la-uaslp"],"featured_image_urls":{"full":["https:\/\/wp.uaslp.mx\/noticias\/wp-content\/uploads\/sites\/5\/2026\/03\/WhatsApp-Image-2026-03-11-at-1.38.03-PM-1.jpeg",1024,683,false],"thumbnail":["https:\/\/wp.uaslp.mx\/noticias\/wp-content\/uploads\/sites\/5\/2026\/03\/WhatsApp-Image-2026-03-11-at-1.38.03-PM-1-150x150.jpeg",150,150,true],"medium":["https:\/\/wp.uaslp.mx\/noticias\/wp-content\/uploads\/sites\/5\/2026\/03\/WhatsApp-Image-2026-03-11-at-1.38.03-PM-1.jpeg",1024,683,false],"medium_large":["https:\/\/wp.uaslp.mx\/noticias\/wp-content\/uploads\/sites\/5\/2026\/03\/WhatsApp-Image-2026-03-11-at-1.38.03-PM-1-768x512.jpeg",640,427,true],"large":["https:\/\/wp.uaslp.mx\/noticias\/wp-content\/uploads\/sites\/5\/2026\/03\/WhatsApp-Image-2026-03-11-at-1.38.03-PM-1.jpeg",1024,683,false],"1536x1536":["https:\/\/wp.uaslp.mx\/noticias\/wp-content\/uploads\/sites\/5\/2026\/03\/WhatsApp-Image-2026-03-11-at-1.38.03-PM-1.jpeg",1024,683,false],"2048x2048":["https:\/\/wp.uaslp.mx\/noticias\/wp-content\/uploads\/sites\/5\/2026\/03\/WhatsApp-Image-2026-03-11-at-1.38.03-PM-1.jpeg",1024,683,false],"newsever-slider-full":["https:\/\/wp.uaslp.mx\/noticias\/wp-content\/uploads\/sites\/5\/2026\/03\/WhatsApp-Image-2026-03-11-at-1.38.03-PM-1.jpeg",1024,683,false],"newsever-featured":["https:\/\/wp.uaslp.mx\/noticias\/wp-content\/uploads\/sites\/5\/2026\/03\/WhatsApp-Image-2026-03-11-at-1.38.03-PM-1.jpeg",1024,683,false],"newsever-medium":["https:\/\/wp.uaslp.mx\/noticias\/wp-content\/uploads\/sites\/5\/2026\/03\/WhatsApp-Image-2026-03-11-at-1.38.03-PM-1-720x475.jpeg",720,475,true],"mailpoet_newsletter_max":["https:\/\/wp.uaslp.mx\/noticias\/wp-content\/uploads\/sites\/5\/2026\/03\/WhatsApp-Image-2026-03-11-at-1.38.03-PM-1.jpeg",1024,683,false]},"author_info":{"display_name":"Prensa y difusi\u00f3n","author_link":"https:\/\/wp.uaslp.mx\/noticias\/author\/giovannamorales\/"},"category_info":"<a href=\"https:\/\/wp.uaslp.mx\/noticias\/category\/arteycultura\/\" rel=\"category tag\">Arte y cultura<\/a>","tag_info":"Arte y cultura","comment_count":"0","_links":{"self":[{"href":"https:\/\/wp.uaslp.mx\/noticias\/wp-json\/wp\/v2\/posts\/23361","targetHints":{"allow":["GET"]}}],"collection":[{"href":"https:\/\/wp.uaslp.mx\/noticias\/wp-json\/wp\/v2\/posts"}],"about":[{"href":"https:\/\/wp.uaslp.mx\/noticias\/wp-json\/wp\/v2\/types\/post"}],"author":[{"embeddable":true,"href":"https:\/\/wp.uaslp.mx\/noticias\/wp-json\/wp\/v2\/users\/12"}],"replies":[{"embeddable":true,"href":"https:\/\/wp.uaslp.mx\/noticias\/wp-json\/wp\/v2\/comments?post=23361"}],"version-history":[{"count":1,"href":"https:\/\/wp.uaslp.mx\/noticias\/wp-json\/wp\/v2\/posts\/23361\/revisions"}],"predecessor-version":[{"id":23367,"href":"https:\/\/wp.uaslp.mx\/noticias\/wp-json\/wp\/v2\/posts\/23361\/revisions\/23367"}],"wp:featuredmedia":[{"embeddable":true,"href":"https:\/\/wp.uaslp.mx\/noticias\/wp-json\/wp\/v2\/media\/23363"}],"wp:attachment":[{"href":"https:\/\/wp.uaslp.mx\/noticias\/wp-json\/wp\/v2\/media?parent=23361"}],"wp:term":[{"taxonomy":"category","embeddable":true,"href":"https:\/\/wp.uaslp.mx\/noticias\/wp-json\/wp\/v2\/categories?post=23361"},{"taxonomy":"post_tag","embeddable":true,"href":"https:\/\/wp.uaslp.mx\/noticias\/wp-json\/wp\/v2\/tags?post=23361"}],"curies":[{"name":"wp","href":"https:\/\/api.w.org\/{rel}","templated":true}]}}