{"id":23356,"date":"2026-03-11T11:47:54","date_gmt":"2026-03-11T17:47:54","guid":{"rendered":"https:\/\/wp.uaslp.mx\/noticias\/?p=23356"},"modified":"2026-03-11T13:54:56","modified_gmt":"2026-03-11T19:54:56","slug":"desde-la-agroecologia-la-uaslp-promueve-produccion-responsable-y-mercados-organicos","status":"publish","type":"post","link":"https:\/\/wp.uaslp.mx\/noticias\/investigacion\/desde-la-agroecologia-la-uaslp-promueve-produccion-responsable-y-mercados-organicos\/","title":{"rendered":"Desde la agroecolog\u00eda, la UASLP promueve producci\u00f3n responsable y mercados org\u00e1nicos"},"content":{"rendered":"\n<p>La agroecolog\u00eda se consolida como una estrategia fundamental para avanzar hacia la soberan\u00eda alimentaria, al integrar ciencia, saberes tradicionales y compromiso social en favor del ambiente y la producci\u00f3n responsable. En este contexto, la Universidad Aut\u00f3noma de San Luis Potos\u00ed (UASLP) fortalece desde hace m\u00e1s de tres d\u00e9cadas la formaci\u00f3n y vinculaci\u00f3n en esta \u00e1rea, a trav\u00e9s de iniciativas acad\u00e9micas y proyectos como el Mercado de Productos Naturales y Org\u00e1nicos Macuilli Teotzi.<\/p>\n\n\n\n<p>El doctor Ram\u00f3n Jarqu\u00edn Galvel, investigador de la Facultad de <a href=\"https:\/\/www.agronomia.uaslp.mx\/#gsc.tab=0\">Agronom\u00eda y Veterinaria<\/a>, maestro en Ciencias en Recursos Naturales y Desarrollo Rural y doctor en Ciencias en Ecolog\u00eda y Desarrollo Sustentable, explic\u00f3 que la agroecolog\u00eda \u201ces una ciencia interdisciplinaria que retoma el conocimiento originario y lo articula con la ciencia occidental para ofrecer alternativas viables frente a los problemas ambientales actuales\u201d. Especialista en agroecolog\u00eda y manejo de plagas, integrante del Sistema Nacional de Investigadoras e Investigadores, nivel I, y coordinador del programa de Agroecolog\u00eda en la UASLP, subray\u00f3 que esta disciplina tiene alrededor de 50 a\u00f1os de desarrollo formal en la academia.<\/p>\n\n\n\n<p>El investigador destac\u00f3 que la UASLP fue la primera universidad p\u00fablica del pa\u00eds en crear un programa de licenciatura para formar agroec\u00f3logos. \u201cEstamos por cumplir 35 a\u00f1os de esa formaci\u00f3n; a partir de ah\u00ed se gener\u00f3 una red nacional de especialistas que hoy incide en pol\u00edticas p\u00fablicas y proyectos productivos\u201d, afirm\u00f3. Para el acad\u00e9mico, la agroecolog\u00eda \u201ces ciencia, pr\u00e1ctica y movimiento social\u201d, pues promueve el trabajo colectivo entre academia, productores, gobiernos y sociedad.<\/p>\n\n\n\n<p>A\u00f1adi\u00f3 que, ante retos como el cambio clim\u00e1tico y la degradaci\u00f3n de los recursos naturales, \u201cel futuro nos alcanz\u00f3 y tenemos que actuar con mayor rapidez\u201d.<\/p>\n\n\n\n<p>En cuanto a la soberan\u00eda alimentaria, reconoci\u00f3 que se trata de un tema complejo. \u201cHa existido una agricultura hegem\u00f3nica enfocada en intereses econ\u00f3micos; s\u00ed nos dio alimentos, pero tambi\u00e9n provoc\u00f3 deterioro ambiental. La agroecolog\u00eda es el camino para equilibrar producci\u00f3n, ambiente y justicia social\u201d, sostuvo.<\/p>\n\n\n\n<p>Uno de los ejemplos m\u00e1s visibles de esta visi\u00f3n es el Mercado de Productos Naturales y Org\u00e1nicos Macuilli Teotzi, iniciativa que el doctor Jarqu\u00edn impulsa desde 2011. \u201cRealizamos un estudio previo que mostr\u00f3 una tendencia creciente al consumo org\u00e1nico en San Luis Potos\u00ed. Decidimos abrir un espacio para que productores con pr\u00e1cticas agroecol\u00f3gicas tuvieran visibilidad y reconocimiento\u201d, record\u00f3.<\/p>\n\n\n\n<p>El mercado opera bajo un sistema de verificaci\u00f3n org\u00e1nica participativa, avalado por instancias nacionales, y es uno de los tres en el pa\u00eds que han consolidado este esquema. \u201cNo cualquiera puede integrarse; se verifica que cumplan la normativa y los principios agroecol\u00f3gicos. Eso garantiza confianza al consumidor\u201d, puntualiz\u00f3.<\/p>\n\n\n\n<p>Dio a conocer que el pr\u00f3ximo mercado se llevar\u00e1 a cabo el s\u00e1bado 14 de marzo de 10:00 a 13:00 horas, en el que participan productores de las cuatro regiones del estado, quienes ofrecen hortalizas de temporada, miel, caf\u00e9 de la Huasteca, quesos del Altiplano, pan artesanal y diversos alimentos procesados. La ubicaci\u00f3n es sobre la banqueta de la calle Ni\u00f1o Artillero, pasando la entrada del estacionamiento de la UASLP, frente al Colegio Salesiano.<\/p>\n\n\n\n<p>Adem\u00e1s, se promueve el consumo responsable, el uso de bolsas reutilizables y el pago directo en efectivo a los productores. \u201cSe trata de fortalecer cadenas cortas de comercializaci\u00f3n, reducir la huella de carbono y dar valor agregado a productos locales\u201d, concluy\u00f3 el especialista.<\/p>\n\n\n\n<p class=\"has-text-align-right\"><em>Paola Mu\u00f1oz<\/em><\/p>\n\n\n<div class=\"pgc-sgb-cb wp-block-pgcsimplygalleryblock-masonry \" data-gallery-id=\"30b27673\"><div class=\"sgb-preloader\" id=\"pr_30b27673\">\n\t<div class=\"sgb-square\" style=\"background:#d4d4d4\"><\/div>\n\t<div class=\"sgb-square\" style=\"background:#d4d4d4\"><\/div>\n\t<div class=\"sgb-square\" style=\"background:#d4d4d4\"><\/div>\n\t<div class=\"sgb-square\" style=\"background:#d4d4d4\"><\/div><\/div><div class=\"simply-gallery-amp pgc_sgb_slider \"><noscript><div class=\"sgb-gallery\"><div class=\"sgb-item\"><a href=\"https:\/\/wp.uaslp.mx\/noticias\/investigacion\/desde-la-agroecologia-la-uaslp-promueve-produccion-responsable-y-mercados-organicos\/attachment\/whatsapp-image-2026-03-11-at-11-41-59-am-1\/\" target=\"_blank\"><img decoding=\"async\" alt=\"\" width=\"888\" height=\"900\" loading=\"lazy\" src=\"https:\/\/wp.uaslp.mx\/noticias\/wp-content\/uploads\/sites\/5\/2026\/03\/WhatsApp-Image-2026-03-11-at-11.41.59-AM-1.jpeg\" srcset=\",https:\/\/wp.uaslp.mx\/noticias\/wp-content\/uploads\/sites\/5\/2026\/03\/WhatsApp-Image-2026-03-11-at-11.41.59-AM-1.jpeg 888w\" sizes=\"auto, 250px\"\/><\/a><\/div><\/div><\/noscript><\/div><script type=\"application\/json\" class=\"sgb-data\">{\"galleryType\":\"pgc_sgb_masonry\",\"galleryId\":\"30b27673\",\"images\":[{\"id\":23358,\"title\":\"WhatsApp Image 2026-03-11 at 11.41.59 AM (1)\",\"url\":\"https:\/\/wp.uaslp.mx\/noticias\/wp-content\/uploads\/sites\/5\/2026\/03\/WhatsApp-Image-2026-03-11-at-11.41.59-AM-1.jpeg\",\"link\":\"https:\/\/wp.uaslp.mx\/noticias\/investigacion\/desde-la-agroecologia-la-uaslp-promueve-produccion-responsable-y-mercados-organicos\/attachment\/whatsapp-image-2026-03-11-at-11-41-59-am-1\/\",\"alt\":\"\",\"description\":\"\",\"caption\":\"\",\"mime\":\"image\/jpeg\",\"type\":\"image\",\"width\":888,\"height\":900,\"sizes\":{\"thumbnail\":{\"height\":150,\"width\":150,\"url\":\"https:\/\/wp.uaslp.mx\/noticias\/wp-content\/uploads\/sites\/5\/2026\/03\/WhatsApp-Image-2026-03-11-at-11.41.59-AM-1-150x150.jpeg\",\"orientation\":\"landscape\"},\"full\":{\"url\":\"https:\/\/wp.uaslp.mx\/noticias\/wp-content\/uploads\/sites\/5\/2026\/03\/WhatsApp-Image-2026-03-11-at-11.41.59-AM-1.jpeg\",\"height\":900,\"width\":888,\"orientation\":\"portrait\"}},\"imageMeta\":{\"aperture\":\"0\",\"credit\":\"\",\"camera\":\"\",\"caption\":\"\",\"created_timestamp\":\"0\",\"copyright\":\"\",\"focal_length\":\"0\",\"iso\":\"0\",\"shutter_speed\":\"0\",\"title\":\"\",\"orientation\":\"0\",\"keywords\":[]},\"meta\":false,\"postlink\":\"https:\/\/wp.uaslp.mx\/noticias\/investigacion\/desde-la-agroecologia-la-uaslp-promueve-produccion-responsable-y-mercados-organicos\/attachment\/whatsapp-image-2026-03-11-at-11-41-59-am-1\/\"}],\"itemsMetaDataCollection\":[]}<\/script><script>(function(){if(window.PGC_SGB && window.PGC_SGB.searcher){window.PGC_SGB.searcher.initBlocks()}})()<\/script><\/div>","protected":false},"excerpt":{"rendered":"<p>La agroecolog\u00eda se consolida como una estrategia fundamental para avanzar hacia la soberan\u00eda alimentaria, al&#8230;<\/p>\n","protected":false},"author":12,"featured_media":23357,"comment_status":"closed","ping_status":"closed","sticky":false,"template":"","format":"standard","meta":{"pgc_sgb_lightbox_settings":"","footnotes":""},"categories":[10],"tags":[3360],"class_list":["post-23356","post","type-post","status-publish","format-standard","has-post-thumbnail","hentry","category-investigacion","tag-agroecologiauaslp"],"featured_image_urls":{"full":["https:\/\/wp.uaslp.mx\/noticias\/wp-content\/uploads\/sites\/5\/2026\/03\/WhatsApp-Image-2026-03-11-at-11.41.58-AM-1.jpeg",1280,1046,false],"thumbnail":["https:\/\/wp.uaslp.mx\/noticias\/wp-content\/uploads\/sites\/5\/2026\/03\/WhatsApp-Image-2026-03-11-at-11.41.58-AM-1-150x150.jpeg",150,150,true],"medium":["https:\/\/wp.uaslp.mx\/noticias\/wp-content\/uploads\/sites\/5\/2026\/03\/WhatsApp-Image-2026-03-11-at-11.41.58-AM-1-1024x837.jpeg",1024,837,true],"medium_large":["https:\/\/wp.uaslp.mx\/noticias\/wp-content\/uploads\/sites\/5\/2026\/03\/WhatsApp-Image-2026-03-11-at-11.41.58-AM-1-768x628.jpeg",640,523,true],"large":["https:\/\/wp.uaslp.mx\/noticias\/wp-content\/uploads\/sites\/5\/2026\/03\/WhatsApp-Image-2026-03-11-at-11.41.58-AM-1.jpeg",1280,1046,false],"1536x1536":["https:\/\/wp.uaslp.mx\/noticias\/wp-content\/uploads\/sites\/5\/2026\/03\/WhatsApp-Image-2026-03-11-at-11.41.58-AM-1.jpeg",1280,1046,false],"2048x2048":["https:\/\/wp.uaslp.mx\/noticias\/wp-content\/uploads\/sites\/5\/2026\/03\/WhatsApp-Image-2026-03-11-at-11.41.58-AM-1.jpeg",1280,1046,false],"newsever-slider-full":["https:\/\/wp.uaslp.mx\/noticias\/wp-content\/uploads\/sites\/5\/2026\/03\/WhatsApp-Image-2026-03-11-at-11.41.58-AM-1-1280x845.jpeg",1280,845,true],"newsever-featured":["https:\/\/wp.uaslp.mx\/noticias\/wp-content\/uploads\/sites\/5\/2026\/03\/WhatsApp-Image-2026-03-11-at-11.41.58-AM-1-1024x837.jpeg",1024,837,true],"newsever-medium":["https:\/\/wp.uaslp.mx\/noticias\/wp-content\/uploads\/sites\/5\/2026\/03\/WhatsApp-Image-2026-03-11-at-11.41.58-AM-1-720x475.jpeg",720,475,true],"mailpoet_newsletter_max":["https:\/\/wp.uaslp.mx\/noticias\/wp-content\/uploads\/sites\/5\/2026\/03\/WhatsApp-Image-2026-03-11-at-11.41.58-AM-1.jpeg",1280,1046,false]},"author_info":{"display_name":"Prensa y difusi\u00f3n","author_link":"https:\/\/wp.uaslp.mx\/noticias\/author\/giovannamorales\/"},"category_info":"<a href=\"https:\/\/wp.uaslp.mx\/noticias\/category\/investigacion\/\" rel=\"category tag\">Investigaci\u00f3n<\/a>","tag_info":"Investigaci\u00f3n","comment_count":"0","_links":{"self":[{"href":"https:\/\/wp.uaslp.mx\/noticias\/wp-json\/wp\/v2\/posts\/23356","targetHints":{"allow":["GET"]}}],"collection":[{"href":"https:\/\/wp.uaslp.mx\/noticias\/wp-json\/wp\/v2\/posts"}],"about":[{"href":"https:\/\/wp.uaslp.mx\/noticias\/wp-json\/wp\/v2\/types\/post"}],"author":[{"embeddable":true,"href":"https:\/\/wp.uaslp.mx\/noticias\/wp-json\/wp\/v2\/users\/12"}],"replies":[{"embeddable":true,"href":"https:\/\/wp.uaslp.mx\/noticias\/wp-json\/wp\/v2\/comments?post=23356"}],"version-history":[{"count":3,"href":"https:\/\/wp.uaslp.mx\/noticias\/wp-json\/wp\/v2\/posts\/23356\/revisions"}],"predecessor-version":[{"id":23368,"href":"https:\/\/wp.uaslp.mx\/noticias\/wp-json\/wp\/v2\/posts\/23356\/revisions\/23368"}],"wp:featuredmedia":[{"embeddable":true,"href":"https:\/\/wp.uaslp.mx\/noticias\/wp-json\/wp\/v2\/media\/23357"}],"wp:attachment":[{"href":"https:\/\/wp.uaslp.mx\/noticias\/wp-json\/wp\/v2\/media?parent=23356"}],"wp:term":[{"taxonomy":"category","embeddable":true,"href":"https:\/\/wp.uaslp.mx\/noticias\/wp-json\/wp\/v2\/categories?post=23356"},{"taxonomy":"post_tag","embeddable":true,"href":"https:\/\/wp.uaslp.mx\/noticias\/wp-json\/wp\/v2\/tags?post=23356"}],"curies":[{"name":"wp","href":"https:\/\/api.w.org\/{rel}","templated":true}]}}