{"id":23291,"date":"2026-03-07T16:46:14","date_gmt":"2026-03-07T22:46:14","guid":{"rendered":"https:\/\/wp.uaslp.mx\/noticias\/?p=23291"},"modified":"2026-03-09T11:15:56","modified_gmt":"2026-03-09T17:15:56","slug":"zona-imagina-de-la-50-feria-nacional-del-libro-uaslp-ofrecera-talleres-infantiles-para-fomentar-la-lectura","status":"publish","type":"post","link":"https:\/\/wp.uaslp.mx\/noticias\/arteycultura\/zona-imagina-de-la-50-feria-nacional-del-libro-uaslp-ofrecera-talleres-infantiles-para-fomentar-la-lectura\/","title":{"rendered":"Zona Imagina de la 50 Feria Nacional del Libro UASLP ofrecer\u00e1 talleres infantiles para fomentar la lectura"},"content":{"rendered":"\n<p>Con el objetivo de acercar a ni\u00f1as y ni\u00f1os al mundo de los libros y contribuir a la formaci\u00f3n de nuevos lectores desde edades tempranas, la Universidad Aut\u00f3noma de San Luis Potos\u00ed (UASLP) integra en la <a href=\"https:\/\/feriadelibro.uaslp.mx\/\">50 Feria Nacional del Libro<\/a> el espacio infantil Zona Imagina, un programa de talleres y actividades para despertar la curiosidad, la creatividad y el gusto por la lectura.<\/p>\n\n\n\n<p>Este espacio forma parte de las actividades de la Feria Nacional del Libro de la UASLP, que se realizar\u00e1 del 13 al 22 de marzo en el Centro Cultural Universitario Bicentenario, y que, durante cinco d\u00e9cadas, se ha consolidado como uno de los encuentros culturales m\u00e1s importantes del estado.<\/p>\n\n\n\n<p>La Zona Imagina propone un entorno l\u00fadico y participativo donde ni\u00f1as y ni\u00f1os pueden acercarse a la literatura a trav\u00e9s de talleres creativos, narraciones y actividades art\u00edsticas que vinculan la imaginaci\u00f3n con el aprendizaje, reforzando desde la infancia el h\u00e1bito de la lectura y el inter\u00e9s por el conocimiento.<\/p>\n\n\n\n<p>Dentro de la programaci\u00f3n destacan diversas actividades dirigidas al p\u00fablico infantil que se realizar\u00e1n en el espacio Zona Imagina. Entre ellas se encuentra la presentaci\u00f3n del libro \u201cLa rebeli\u00f3n del recreo\u201d, de Kimberly Alexa Ram\u00edrez Tovar, programada para el 29 de marzo a las 16:00 horas; posteriormente, el mismo d\u00eda a las 17:00 horas, se presentar\u00e1 \u201cTob\u00edas\u201d, de Alejandro Olivares Palacios. Para el 30 de marzo a las 16:00 horas se llevar\u00e1 a cabo la presentaci\u00f3n de \u201cEl papalote\u201d, de Anna Karina Hern\u00e1ndez Mac\u00edas, y a las 17:00 horas \u201cValentina, la gallina que quer\u00eda volar\u201d, de Perla Alejandra Rodr\u00edguez Ju\u00e1rez. Asimismo, se desarrollar\u00e1 el taller \u201cBolitas de vida\u201d, una actividad creativa en la que las y los participantes aprender\u00e1n a elaborar bombas de semillas utilizando tierra, arcilla y semillas nativas, con el prop\u00f3sito de promover el cuidado del medio ambiente a trav\u00e9s de la creatividad.<\/p>\n\n\n\n<p>Adem\u00e1s de los talleres y presentaciones, la programaci\u00f3n de Zona Imagina incluir\u00e1 un concierto did\u00e1ctico de reggae Real Stylo y Dj Kawasound, para que ni\u00f1as y ni\u00f1os disfruten de la m\u00fasica.<\/p>\n\n\n\n<p>Las instituciones educativas de nivel preescolar y primaria interesadas en asistir con grupos escolares pueden reservar su participaci\u00f3n comunic\u00e1ndose al tel\u00e9fono 444 826 1319, donde se brindar\u00e1 informaci\u00f3n sobre horarios, disponibilidad y log\u00edstica para organizar las visitas a la Zona Imagina de la Feria Nacional del Libro UASLP.<\/p>\n\n\n\n<p>La programaci\u00f3n completa se encuentra disponible en el sitio https:<a href=\"https:\/\/feriadelibro.uaslp.mx\/\">\/\/feriadelibro.uaslp.mx\/<\/a> y en las redes sociales Feria Nacional del Libro UASLP.<\/p>\n\n\n\n<p class=\"has-text-align-right\"><em>Paola Mu\u00f1oz<\/em><\/p>\n\n\n<div class=\"pgc-sgb-cb wp-block-pgcsimplygalleryblock-justified \" data-gallery-id=\"06755989\"><div class=\"sgb-preloader\" id=\"pr_06755989\">\n\t<div class=\"sgb-square\" style=\"background:#d4d4d4\"><\/div>\n\t<div class=\"sgb-square\" style=\"background:#d4d4d4\"><\/div>\n\t<div class=\"sgb-square\" style=\"background:#d4d4d4\"><\/div>\n\t<div class=\"sgb-square\" style=\"background:#d4d4d4\"><\/div><\/div><div class=\"simply-gallery-amp pgc_sgb_slider \"><noscript><div class=\"sgb-gallery\"><div class=\"sgb-item\"><a href=\"https:\/\/wp.uaslp.mx\/noticias\/arteycultura\/zona-imagina-de-la-50-feria-nacional-del-libro-uaslp-ofrecera-talleres-infantiles-para-fomentar-la-lectura\/attachment\/whatsapp-image-2026-03-07-at-11-37-11-am\/\" target=\"_blank\"><img decoding=\"async\" alt=\"\" width=\"1024\" height=\"683\" loading=\"lazy\" src=\"https:\/\/wp.uaslp.mx\/noticias\/wp-content\/uploads\/sites\/5\/2026\/03\/WhatsApp-Image-2026-03-07-at-11.37.11-AM.jpeg\" srcset=\",https:\/\/wp.uaslp.mx\/noticias\/wp-content\/uploads\/sites\/5\/2026\/03\/WhatsApp-Image-2026-03-07-at-11.37.11-AM.jpeg 1024w\" sizes=\"auto, 250px\"\/><\/a><\/div><div class=\"sgb-item\"><a href=\"https:\/\/wp.uaslp.mx\/noticias\/arteycultura\/zona-imagina-de-la-50-feria-nacional-del-libro-uaslp-ofrecera-talleres-infantiles-para-fomentar-la-lectura\/attachment\/whatsapp-image-2026-03-07-at-11-37-10-am\/\" target=\"_blank\"><img decoding=\"async\" alt=\"\" width=\"1024\" height=\"683\" loading=\"lazy\" src=\"https:\/\/wp.uaslp.mx\/noticias\/wp-content\/uploads\/sites\/5\/2026\/03\/WhatsApp-Image-2026-03-07-at-11.37.10-AM.jpeg\" srcset=\",https:\/\/wp.uaslp.mx\/noticias\/wp-content\/uploads\/sites\/5\/2026\/03\/WhatsApp-Image-2026-03-07-at-11.37.10-AM.jpeg 1024w\" sizes=\"auto, 250px\"\/><\/a><\/div><\/div><\/noscript><\/div><script type=\"application\/json\" class=\"sgb-data\">{\"galleryType\":\"pgc_sgb_justified\",\"galleryId\":\"06755989\",\"images\":[{\"id\":23293,\"title\":\"WhatsApp Image 2026-03-07 at 11.37.11 AM\",\"url\":\"https:\/\/wp.uaslp.mx\/noticias\/wp-content\/uploads\/sites\/5\/2026\/03\/WhatsApp-Image-2026-03-07-at-11.37.11-AM.jpeg\",\"link\":\"https:\/\/wp.uaslp.mx\/noticias\/arteycultura\/zona-imagina-de-la-50-feria-nacional-del-libro-uaslp-ofrecera-talleres-infantiles-para-fomentar-la-lectura\/attachment\/whatsapp-image-2026-03-07-at-11-37-11-am\/\",\"alt\":\"\",\"description\":\"\",\"caption\":\"\",\"mime\":\"image\/jpeg\",\"type\":\"image\",\"width\":1024,\"height\":683,\"sizes\":{\"thumbnail\":{\"height\":150,\"width\":150,\"url\":\"https:\/\/wp.uaslp.mx\/noticias\/wp-content\/uploads\/sites\/5\/2026\/03\/WhatsApp-Image-2026-03-07-at-11.37.11-AM-150x150.jpeg\",\"orientation\":\"landscape\"},\"full\":{\"url\":\"https:\/\/wp.uaslp.mx\/noticias\/wp-content\/uploads\/sites\/5\/2026\/03\/WhatsApp-Image-2026-03-07-at-11.37.11-AM.jpeg\",\"height\":683,\"width\":1024,\"orientation\":\"landscape\"}},\"imageMeta\":{\"aperture\":\"0\",\"credit\":\"\",\"camera\":\"\",\"caption\":\"\",\"created_timestamp\":\"0\",\"copyright\":\"\",\"focal_length\":\"0\",\"iso\":\"0\",\"shutter_speed\":\"0\",\"title\":\"\",\"orientation\":\"0\",\"keywords\":[]},\"meta\":false,\"postlink\":\"https:\/\/wp.uaslp.mx\/noticias\/arteycultura\/zona-imagina-de-la-50-feria-nacional-del-libro-uaslp-ofrecera-talleres-infantiles-para-fomentar-la-lectura\/attachment\/whatsapp-image-2026-03-07-at-11-37-11-am\/\"},{\"id\":23294,\"title\":\"WhatsApp Image 2026-03-07 at 11.37.10 AM\",\"url\":\"https:\/\/wp.uaslp.mx\/noticias\/wp-content\/uploads\/sites\/5\/2026\/03\/WhatsApp-Image-2026-03-07-at-11.37.10-AM.jpeg\",\"link\":\"https:\/\/wp.uaslp.mx\/noticias\/arteycultura\/zona-imagina-de-la-50-feria-nacional-del-libro-uaslp-ofrecera-talleres-infantiles-para-fomentar-la-lectura\/attachment\/whatsapp-image-2026-03-07-at-11-37-10-am\/\",\"alt\":\"\",\"description\":\"\",\"caption\":\"\",\"mime\":\"image\/jpeg\",\"type\":\"image\",\"width\":1024,\"height\":683,\"sizes\":{\"thumbnail\":{\"height\":150,\"width\":150,\"url\":\"https:\/\/wp.uaslp.mx\/noticias\/wp-content\/uploads\/sites\/5\/2026\/03\/WhatsApp-Image-2026-03-07-at-11.37.10-AM-150x150.jpeg\",\"orientation\":\"landscape\"},\"full\":{\"url\":\"https:\/\/wp.uaslp.mx\/noticias\/wp-content\/uploads\/sites\/5\/2026\/03\/WhatsApp-Image-2026-03-07-at-11.37.10-AM.jpeg\",\"height\":683,\"width\":1024,\"orientation\":\"landscape\"}},\"imageMeta\":{\"aperture\":\"0\",\"credit\":\"\",\"camera\":\"\",\"caption\":\"\",\"created_timestamp\":\"0\",\"copyright\":\"\",\"focal_length\":\"0\",\"iso\":\"0\",\"shutter_speed\":\"0\",\"title\":\"\",\"orientation\":\"0\",\"keywords\":[]},\"meta\":false,\"postlink\":\"https:\/\/wp.uaslp.mx\/noticias\/arteycultura\/zona-imagina-de-la-50-feria-nacional-del-libro-uaslp-ofrecera-talleres-infantiles-para-fomentar-la-lectura\/attachment\/whatsapp-image-2026-03-07-at-11-37-10-am\/\"}],\"itemsMetaDataCollection\":[]}<\/script><script>(function(){if(window.PGC_SGB && window.PGC_SGB.searcher){window.PGC_SGB.searcher.initBlocks()}})()<\/script><\/div>","protected":false},"excerpt":{"rendered":"<p>Con el objetivo de acercar a ni\u00f1as y ni\u00f1os al mundo de los libros y&#8230;<\/p>\n","protected":false},"author":12,"featured_media":23292,"comment_status":"closed","ping_status":"closed","sticky":false,"template":"","format":"standard","meta":{"pgc_sgb_lightbox_settings":"","footnotes":""},"categories":[3],"tags":[],"class_list":["post-23291","post","type-post","status-publish","format-standard","has-post-thumbnail","hentry","category-arteycultura"],"featured_image_urls":{"full":["https:\/\/wp.uaslp.mx\/noticias\/wp-content\/uploads\/sites\/5\/2026\/03\/WhatsApp-Image-2026-03-07-at-11.37.11-AM-1.jpeg",1024,683,false],"thumbnail":["https:\/\/wp.uaslp.mx\/noticias\/wp-content\/uploads\/sites\/5\/2026\/03\/WhatsApp-Image-2026-03-07-at-11.37.11-AM-1-150x150.jpeg",150,150,true],"medium":["https:\/\/wp.uaslp.mx\/noticias\/wp-content\/uploads\/sites\/5\/2026\/03\/WhatsApp-Image-2026-03-07-at-11.37.11-AM-1.jpeg",1024,683,false],"medium_large":["https:\/\/wp.uaslp.mx\/noticias\/wp-content\/uploads\/sites\/5\/2026\/03\/WhatsApp-Image-2026-03-07-at-11.37.11-AM-1-768x512.jpeg",640,427,true],"large":["https:\/\/wp.uaslp.mx\/noticias\/wp-content\/uploads\/sites\/5\/2026\/03\/WhatsApp-Image-2026-03-07-at-11.37.11-AM-1.jpeg",1024,683,false],"1536x1536":["https:\/\/wp.uaslp.mx\/noticias\/wp-content\/uploads\/sites\/5\/2026\/03\/WhatsApp-Image-2026-03-07-at-11.37.11-AM-1.jpeg",1024,683,false],"2048x2048":["https:\/\/wp.uaslp.mx\/noticias\/wp-content\/uploads\/sites\/5\/2026\/03\/WhatsApp-Image-2026-03-07-at-11.37.11-AM-1.jpeg",1024,683,false],"newsever-slider-full":["https:\/\/wp.uaslp.mx\/noticias\/wp-content\/uploads\/sites\/5\/2026\/03\/WhatsApp-Image-2026-03-07-at-11.37.11-AM-1.jpeg",1024,683,false],"newsever-featured":["https:\/\/wp.uaslp.mx\/noticias\/wp-content\/uploads\/sites\/5\/2026\/03\/WhatsApp-Image-2026-03-07-at-11.37.11-AM-1.jpeg",1024,683,false],"newsever-medium":["https:\/\/wp.uaslp.mx\/noticias\/wp-content\/uploads\/sites\/5\/2026\/03\/WhatsApp-Image-2026-03-07-at-11.37.11-AM-1-720x475.jpeg",720,475,true],"mailpoet_newsletter_max":["https:\/\/wp.uaslp.mx\/noticias\/wp-content\/uploads\/sites\/5\/2026\/03\/WhatsApp-Image-2026-03-07-at-11.37.11-AM-1.jpeg",1024,683,false]},"author_info":{"display_name":"Prensa y difusi\u00f3n","author_link":"https:\/\/wp.uaslp.mx\/noticias\/author\/giovannamorales\/"},"category_info":"<a href=\"https:\/\/wp.uaslp.mx\/noticias\/category\/arteycultura\/\" rel=\"category tag\">Arte y cultura<\/a>","tag_info":"Arte y cultura","comment_count":"0","_links":{"self":[{"href":"https:\/\/wp.uaslp.mx\/noticias\/wp-json\/wp\/v2\/posts\/23291","targetHints":{"allow":["GET"]}}],"collection":[{"href":"https:\/\/wp.uaslp.mx\/noticias\/wp-json\/wp\/v2\/posts"}],"about":[{"href":"https:\/\/wp.uaslp.mx\/noticias\/wp-json\/wp\/v2\/types\/post"}],"author":[{"embeddable":true,"href":"https:\/\/wp.uaslp.mx\/noticias\/wp-json\/wp\/v2\/users\/12"}],"replies":[{"embeddable":true,"href":"https:\/\/wp.uaslp.mx\/noticias\/wp-json\/wp\/v2\/comments?post=23291"}],"version-history":[{"count":2,"href":"https:\/\/wp.uaslp.mx\/noticias\/wp-json\/wp\/v2\/posts\/23291\/revisions"}],"predecessor-version":[{"id":23304,"href":"https:\/\/wp.uaslp.mx\/noticias\/wp-json\/wp\/v2\/posts\/23291\/revisions\/23304"}],"wp:featuredmedia":[{"embeddable":true,"href":"https:\/\/wp.uaslp.mx\/noticias\/wp-json\/wp\/v2\/media\/23292"}],"wp:attachment":[{"href":"https:\/\/wp.uaslp.mx\/noticias\/wp-json\/wp\/v2\/media?parent=23291"}],"wp:term":[{"taxonomy":"category","embeddable":true,"href":"https:\/\/wp.uaslp.mx\/noticias\/wp-json\/wp\/v2\/categories?post=23291"},{"taxonomy":"post_tag","embeddable":true,"href":"https:\/\/wp.uaslp.mx\/noticias\/wp-json\/wp\/v2\/tags?post=23291"}],"curies":[{"name":"wp","href":"https:\/\/api.w.org\/{rel}","templated":true}]}}