{"id":22614,"date":"2026-01-23T13:57:36","date_gmt":"2026-01-23T19:57:36","guid":{"rendered":"https:\/\/wp.uaslp.mx\/noticias\/?p=22614"},"modified":"2026-01-23T13:57:37","modified_gmt":"2026-01-23T19:57:37","slug":"centro-de-idiomas-uaslp-infantil-mantiene-inscripciones-abiertas-para-cursos-de-ingles-y-frances","status":"publish","type":"post","link":"https:\/\/wp.uaslp.mx\/noticias\/academica\/centro-de-idiomas-uaslp-infantil-mantiene-inscripciones-abiertas-para-cursos-de-ingles-y-frances\/","title":{"rendered":"Centro de Idiomas UASLP Infantil mantiene inscripciones abiertas para cursos de ingl\u00e9s y franc\u00e9s"},"content":{"rendered":"\n<p>El <a href=\"https:\/\/cidiomas.uaslp.mx\/Paginas\/Extensiones\/448#gsc.tab=0\">Centro de Idiomas Infantil de la Universidad Aut\u00f3noma de San Luis Potos\u00ed <\/a>(UASLP) iniciar\u00e1 cursos de ingl\u00e9s y franc\u00e9s a partir del lunes 26 de enero. La inscripci\u00f3n para nuevo ingreso, dirigida a ni\u00f1as y ni\u00f1os de 6 a 13 a\u00f1os, permanecer\u00e1 abierta hasta el pr\u00f3ximo 6 de febrero, inform\u00f3 la coordinadora acad\u00e9mica, Mtra. Graciela Vieira Ortega.<\/p>\n\n\n\n<p>El Centro de Idiomas Infantil ofrece el ingl\u00e9s desde los 6 a\u00f1os y franc\u00e9s a partir de los 8. La responsable del \u00e1rea se\u00f1al\u00f3 que este mes resulta propicio para comenzar con los prop\u00f3sitos de a\u00f1o nuevo. \u201cNo hay mejor prop\u00f3sito que la ense\u00f1anza y el aprendizaje de un segundo idioma, sobre todo a temprana edad; desde ni\u00f1os se familiariza el o\u00eddo y la lengua en la pr\u00e1ctica de otra lengua\u201d, expres\u00f3.<\/p>\n\n\n\n<p>Destac\u00f3 que el ingl\u00e9s se encuentra estrechamente vinculado con la tecnolog\u00eda y con el contexto cotidiano del alumnado, tanto en casa como en la escuela y en sus actividades recreativas, como escuchar m\u00fasica o ver pel\u00edculas. Explic\u00f3 que, mediante un ambiente l\u00fadico, las y los estudiantes se gu\u00edan en el uso correcto de la gram\u00e1tica y en el incremento del vocabulario. \u201cSin duda, los m\u00e1s entusiastas son los m\u00e1s peque\u00f1os, quienes en la UASLP cuentan con material que incluye historias, canciones e im\u00e1genes atractivas\u201d, puntualiz\u00f3.<\/p>\n\n\n\n<p>El primer curso inicia este viernes 23 de enero, con una carga de tres horas semanales. A partir del d\u00eda 26 se impartir\u00e1n cursos los lunes y mi\u00e9rcoles, as\u00ed como martes y jueves, mientras que el 31 dar\u00e1 inicio el curso sabatino, uno de los m\u00e1s solicitados por madres y padres de familia. El horario de las clases es vespertino, con excepci\u00f3n de las sesiones de s\u00e1bado, que se ofrecen por la ma\u00f1ana y por la tarde.<\/p>\n\n\n\n<p>En caso de contar con conocimientos previos del idioma, es posible agendar un examen de ubicaci\u00f3n; no obstante, las familias pueden optar por que las y los estudiantes comiencen desde un nivel introductorio o avanzado. A partir de los 15 a\u00f1os, las y los interesados pueden continuar su formaci\u00f3n en el Centro de Idiomas Universitario para Adultos. Durante el verano, el espacio universitario ofrece un curso intensivo con una duraci\u00f3n de tres semanas.<\/p>\n\n\n\n<p>La Mtra. Graciela Vieira Ortega destac\u00f3 que el alumnado es atendido por personal docente capacitado y que se brinda orientaci\u00f3n a madres y padres de familia, adem\u00e1s de asesor\u00edas sin costo para ni\u00f1as y ni\u00f1os que presentan dificultades en el idioma.<\/p>\n\n\n\n<p>El Centro de Idiomas Infantil, conocido por la poblaci\u00f3n gracias a las referencias de sus egresados, se ubica en la calle Le\u00f3n Guzm\u00e1n n\u00famero 245, colonia Alamitos.<\/p>\n\n\n\n<p>Las personas interesadas pueden consultar informaci\u00f3n e inscripciones a trav\u00e9s de las redes sociales y en los sitios: <a href=\"https:\/\/cidiomas.uaslp.mx\/Paginas\/Extensiones\/448#gsc.tab=0\">http:\/\/cidiomas.uaslp.mx y http:\/\/alumnos-cdi.uaslp.mx.<\/a><\/p>\n\n\n\n<p><\/p>\n","protected":false},"excerpt":{"rendered":"<p>El Centro de Idiomas Infantil de la Universidad Aut\u00f3noma de San Luis Potos\u00ed (UASLP) iniciar\u00e1&#8230;<\/p>\n","protected":false},"author":12,"featured_media":22615,"comment_status":"closed","ping_status":"closed","sticky":false,"template":"","format":"standard","meta":{"pgc_sgb_lightbox_settings":"","footnotes":""},"categories":[2],"tags":[],"class_list":["post-22614","post","type-post","status-publish","format-standard","has-post-thumbnail","hentry","category-academica"],"featured_image_urls":{"full":["https:\/\/wp.uaslp.mx\/noticias\/wp-content\/uploads\/sites\/5\/2026\/01\/WhatsApp-Image-2026-01-23-at-1.04.37-PM.jpeg",1600,1198,false],"thumbnail":["https:\/\/wp.uaslp.mx\/noticias\/wp-content\/uploads\/sites\/5\/2026\/01\/WhatsApp-Image-2026-01-23-at-1.04.37-PM-150x150.jpeg",150,150,true],"medium":["https:\/\/wp.uaslp.mx\/noticias\/wp-content\/uploads\/sites\/5\/2026\/01\/WhatsApp-Image-2026-01-23-at-1.04.37-PM-1024x767.jpeg",1024,767,true],"medium_large":["https:\/\/wp.uaslp.mx\/noticias\/wp-content\/uploads\/sites\/5\/2026\/01\/WhatsApp-Image-2026-01-23-at-1.04.37-PM-768x575.jpeg",640,479,true],"large":["https:\/\/wp.uaslp.mx\/noticias\/wp-content\/uploads\/sites\/5\/2026\/01\/WhatsApp-Image-2026-01-23-at-1.04.37-PM.jpeg",1600,1198,false],"1536x1536":["https:\/\/wp.uaslp.mx\/noticias\/wp-content\/uploads\/sites\/5\/2026\/01\/WhatsApp-Image-2026-01-23-at-1.04.37-PM-1536x1150.jpeg",1536,1150,true],"2048x2048":["https:\/\/wp.uaslp.mx\/noticias\/wp-content\/uploads\/sites\/5\/2026\/01\/WhatsApp-Image-2026-01-23-at-1.04.37-PM.jpeg",1600,1198,false],"newsever-slider-full":["https:\/\/wp.uaslp.mx\/noticias\/wp-content\/uploads\/sites\/5\/2026\/01\/WhatsApp-Image-2026-01-23-at-1.04.37-PM-1280x845.jpeg",1280,845,true],"newsever-featured":["https:\/\/wp.uaslp.mx\/noticias\/wp-content\/uploads\/sites\/5\/2026\/01\/WhatsApp-Image-2026-01-23-at-1.04.37-PM-1024x767.jpeg",1024,767,true],"newsever-medium":["https:\/\/wp.uaslp.mx\/noticias\/wp-content\/uploads\/sites\/5\/2026\/01\/WhatsApp-Image-2026-01-23-at-1.04.37-PM-720x475.jpeg",720,475,true],"mailpoet_newsletter_max":["https:\/\/wp.uaslp.mx\/noticias\/wp-content\/uploads\/sites\/5\/2026\/01\/WhatsApp-Image-2026-01-23-at-1.04.37-PM-1320x988.jpeg",1320,988,true]},"author_info":{"display_name":"Prensa y difusi\u00f3n","author_link":"https:\/\/wp.uaslp.mx\/noticias\/author\/giovannamorales\/"},"category_info":"<a href=\"https:\/\/wp.uaslp.mx\/noticias\/category\/academica\/\" rel=\"category tag\">Acad\u00e9mica<\/a>","tag_info":"Acad\u00e9mica","comment_count":"0","_links":{"self":[{"href":"https:\/\/wp.uaslp.mx\/noticias\/wp-json\/wp\/v2\/posts\/22614","targetHints":{"allow":["GET"]}}],"collection":[{"href":"https:\/\/wp.uaslp.mx\/noticias\/wp-json\/wp\/v2\/posts"}],"about":[{"href":"https:\/\/wp.uaslp.mx\/noticias\/wp-json\/wp\/v2\/types\/post"}],"author":[{"embeddable":true,"href":"https:\/\/wp.uaslp.mx\/noticias\/wp-json\/wp\/v2\/users\/12"}],"replies":[{"embeddable":true,"href":"https:\/\/wp.uaslp.mx\/noticias\/wp-json\/wp\/v2\/comments?post=22614"}],"version-history":[{"count":1,"href":"https:\/\/wp.uaslp.mx\/noticias\/wp-json\/wp\/v2\/posts\/22614\/revisions"}],"predecessor-version":[{"id":22616,"href":"https:\/\/wp.uaslp.mx\/noticias\/wp-json\/wp\/v2\/posts\/22614\/revisions\/22616"}],"wp:featuredmedia":[{"embeddable":true,"href":"https:\/\/wp.uaslp.mx\/noticias\/wp-json\/wp\/v2\/media\/22615"}],"wp:attachment":[{"href":"https:\/\/wp.uaslp.mx\/noticias\/wp-json\/wp\/v2\/media?parent=22614"}],"wp:term":[{"taxonomy":"category","embeddable":true,"href":"https:\/\/wp.uaslp.mx\/noticias\/wp-json\/wp\/v2\/categories?post=22614"},{"taxonomy":"post_tag","embeddable":true,"href":"https:\/\/wp.uaslp.mx\/noticias\/wp-json\/wp\/v2\/tags?post=22614"}],"curies":[{"name":"wp","href":"https:\/\/api.w.org\/{rel}","templated":true}]}}