{"id":22602,"date":"2026-01-22T14:02:29","date_gmt":"2026-01-22T20:02:29","guid":{"rendered":"https:\/\/wp.uaslp.mx\/noticias\/?p=22602"},"modified":"2026-01-22T14:04:34","modified_gmt":"2026-01-22T20:04:34","slug":"ultimos-dias-para-visitar-las-exposiciones-del-centro-cultural-caja-real","status":"publish","type":"post","link":"https:\/\/wp.uaslp.mx\/noticias\/arteycultura\/ultimos-dias-para-visitar-las-exposiciones-del-centro-cultural-caja-real\/","title":{"rendered":"\u00daltimos d\u00edas para visitar las exposiciones del Centro Cultural Caja Real"},"content":{"rendered":"\n<p>A pocos d\u00edas de concluir su temporada expositiva, el <a href=\"http:\/\/uaslp.mx\/DifusionCultural\/Paginas\/Sedes\/634\">Centro Cultural Universitario Caja Real de la Universidad Aut\u00f3noma de San Luis Potos\u00ed <\/a>(UASLP) invita al p\u00fablico en general a recorrer las tres exposiciones que se mantendr\u00e1n vigentes hasta el 25 de enero. Adem\u00e1s, como parte de las actividades de cierre, se contar\u00e1 con la visita del artista pl\u00e1stico Ernesto Novelo, uno de los creadores participantes, inform\u00f3 el responsable de Servicios Educativos y Vinculaci\u00f3n del recinto, maestro Pedro Mendiola.<\/p>\n\n\n\n<p>El promotor cultural de la UASLP se\u00f1al\u00f3 que el recinto alberga las exposiciones \u201cHerencias M\u00edticas\u201d, de Ernesto Novelo; \u201cHorizonte de Eventos\u201d, de Carlos G\u00e9nova; y \u201cCosmogon\u00eda Org\u00e1nica\u201d, de Emilio Salazar Toche, tres propuestas de artistas yucatecos, seleccionadas con el prop\u00f3sito de crear un v\u00ednculo con la producci\u00f3n art\u00edstica del sur del pa\u00eds y acercarla al p\u00fablico potosino.<\/p>\n\n\n\n<p>Destac\u00f3 que Emilio Salazar Toche es uno de los representantes m\u00e1s s\u00f3lidos de la escena art\u00edstica contempor\u00e1nea, con una propuesta de arte abstracto puro que construye universos alternos y prescinde de lo figurativo; mientras que Carlos G\u00e9nova propone en su trabajo una geometr\u00eda anal\u00edtica, a trav\u00e9s de m\u00e9todos l\u00f3gicos y matem\u00e1ticos. Por su parte, Ernesto Novelo, autor de la muestra \u201cHerencias M\u00edticas\u201d, desarrolla una obra que tiende puentes entre lo figurativo y lo abstracto en la que se aprecian elementos de la fauna y la flora de la pen\u00ednsula, as\u00ed como la reinterpretaci\u00f3n de mitos y leyendas.<\/p>\n\n\n\n<p>Como actividad de cierre, Ernesto Novelo impartir\u00e1 la charla \u201cProcesos creativos en el arte\u201d, en la que compartir\u00e1 su experiencia de m\u00e1s de 20 a\u00f1os como profesional. La actividad est\u00e1 dirigida a estudiantes del Centro Universitario de las Artes y al p\u00fablico en general, y se realizar\u00e1 el viernes 23 de enero, a las 10:00 horas, con entrada libre.<\/p>\n\n\n\n<p>Las exposiciones permanecer\u00e1n abiertas al p\u00fablico hasta el 25 de enero en el Centro Cultural Universitario Caja Real, en un horario de lunes a s\u00e1bado, de 10:00 a 18:00 horas, con acceso gratuito.<\/p>\n\n\n\n<p class=\"has-text-align-right\"><em>Noelia Mart\u00ednez<\/em><\/p>\n\n\n<div class=\"pgc-sgb-cb wp-block-pgcsimplygalleryblock-masonry \" data-gallery-id=\"aab24639\"><div class=\"sgb-preloader\" id=\"pr_aab24639\">\n\t<div class=\"sgb-square\" style=\"background:#d4d4d4\"><\/div>\n\t<div class=\"sgb-square\" style=\"background:#d4d4d4\"><\/div>\n\t<div class=\"sgb-square\" style=\"background:#d4d4d4\"><\/div>\n\t<div class=\"sgb-square\" style=\"background:#d4d4d4\"><\/div><\/div><div class=\"simply-gallery-amp pgc_sgb_slider \"><noscript><div class=\"sgb-gallery\"><div class=\"sgb-item\"><a href=\"https:\/\/wp.uaslp.mx\/noticias\/wp-content\/uploads\/sites\/5\/2026\/01\/WhatsApp-Image-2026-01-22-at-1.54.45-PM.jpeg\"><img decoding=\"async\" alt=\"\" width=\"768\" height=\"1024\" loading=\"lazy\" src=\"https:\/\/wp.uaslp.mx\/noticias\/wp-content\/uploads\/sites\/5\/2026\/01\/WhatsApp-Image-2026-01-22-at-1.54.45-PM-768x1024.jpeg\" srcset=\"https:\/\/wp.uaslp.mx\/noticias\/wp-content\/uploads\/sites\/5\/2026\/01\/WhatsApp-Image-2026-01-22-at-1.54.45-PM-768x1024.jpeg 768w,https:\/\/wp.uaslp.mx\/noticias\/wp-content\/uploads\/sites\/5\/2026\/01\/WhatsApp-Image-2026-01-22-at-1.54.45-PM.jpeg 1200w\" sizes=\"auto, 250px\"\/><\/a><\/div><div class=\"sgb-item\"><a href=\"https:\/\/wp.uaslp.mx\/noticias\/wp-content\/uploads\/sites\/5\/2026\/01\/WhatsApp-Image-2026-01-22-at-1.54.45-PM-1.jpeg\"><img decoding=\"async\" alt=\"\" width=\"768\" height=\"1024\" loading=\"lazy\" src=\"https:\/\/wp.uaslp.mx\/noticias\/wp-content\/uploads\/sites\/5\/2026\/01\/WhatsApp-Image-2026-01-22-at-1.54.45-PM-1-768x1024.jpeg\" srcset=\"https:\/\/wp.uaslp.mx\/noticias\/wp-content\/uploads\/sites\/5\/2026\/01\/WhatsApp-Image-2026-01-22-at-1.54.45-PM-1-768x1024.jpeg 768w,https:\/\/wp.uaslp.mx\/noticias\/wp-content\/uploads\/sites\/5\/2026\/01\/WhatsApp-Image-2026-01-22-at-1.54.45-PM-1.jpeg 1200w\" sizes=\"auto, 250px\"\/><\/a><\/div><\/div><\/noscript><\/div><script type=\"application\/json\" class=\"sgb-data\">{\"galleryType\":\"pgc_sgb_masonry\",\"galleryId\":\"aab24639\",\"images\":[{\"id\":22605,\"title\":\"WhatsApp Image 2026-01-22 at 1.54.45 PM\",\"url\":\"https:\/\/wp.uaslp.mx\/noticias\/wp-content\/uploads\/sites\/5\/2026\/01\/WhatsApp-Image-2026-01-22-at-1.54.45-PM.jpeg\",\"link\":\"https:\/\/wp.uaslp.mx\/noticias\/arteycultura\/ultimos-dias-para-visitar-las-exposiciones-del-centro-cultural-caja-real-de-la-uaslp\/attachment\/whatsapp-image-2026-01-22-at-1-54-45-pm\/\",\"alt\":\"\",\"description\":\"\",\"caption\":\"\",\"mime\":\"image\/jpeg\",\"type\":\"image\",\"width\":1200,\"height\":1600,\"sizes\":{\"thumbnail\":{\"height\":150,\"width\":150,\"url\":\"https:\/\/wp.uaslp.mx\/noticias\/wp-content\/uploads\/sites\/5\/2026\/01\/WhatsApp-Image-2026-01-22-at-1.54.45-PM-150x150.jpeg\",\"orientation\":\"landscape\"},\"medium\":{\"height\":1024,\"width\":768,\"url\":\"https:\/\/wp.uaslp.mx\/noticias\/wp-content\/uploads\/sites\/5\/2026\/01\/WhatsApp-Image-2026-01-22-at-1.54.45-PM-768x1024.jpeg\",\"orientation\":\"portrait\"},\"full\":{\"url\":\"https:\/\/wp.uaslp.mx\/noticias\/wp-content\/uploads\/sites\/5\/2026\/01\/WhatsApp-Image-2026-01-22-at-1.54.45-PM.jpeg\",\"height\":1600,\"width\":1200,\"orientation\":\"portrait\"}},\"imageMeta\":{\"aperture\":\"0\",\"credit\":\"\",\"camera\":\"\",\"caption\":\"\",\"created_timestamp\":\"0\",\"copyright\":\"\",\"focal_length\":\"0\",\"iso\":\"0\",\"shutter_speed\":\"0\",\"title\":\"\",\"orientation\":\"0\",\"keywords\":[]},\"meta\":false},{\"id\":22603,\"title\":\"WhatsApp Image 2026-01-22 at 1.54.45 PM (1)\",\"url\":\"https:\/\/wp.uaslp.mx\/noticias\/wp-content\/uploads\/sites\/5\/2026\/01\/WhatsApp-Image-2026-01-22-at-1.54.45-PM-1.jpeg\",\"link\":\"https:\/\/wp.uaslp.mx\/noticias\/arteycultura\/ultimos-dias-para-visitar-las-exposiciones-del-centro-cultural-caja-real-de-la-uaslp\/attachment\/whatsapp-image-2026-01-22-at-1-54-45-pm-1\/\",\"alt\":\"\",\"description\":\"\",\"caption\":\"\",\"mime\":\"image\/jpeg\",\"type\":\"image\",\"width\":1200,\"height\":1600,\"sizes\":{\"thumbnail\":{\"height\":150,\"width\":150,\"url\":\"https:\/\/wp.uaslp.mx\/noticias\/wp-content\/uploads\/sites\/5\/2026\/01\/WhatsApp-Image-2026-01-22-at-1.54.45-PM-1-150x150.jpeg\",\"orientation\":\"landscape\"},\"medium\":{\"height\":1024,\"width\":768,\"url\":\"https:\/\/wp.uaslp.mx\/noticias\/wp-content\/uploads\/sites\/5\/2026\/01\/WhatsApp-Image-2026-01-22-at-1.54.45-PM-1-768x1024.jpeg\",\"orientation\":\"portrait\"},\"full\":{\"url\":\"https:\/\/wp.uaslp.mx\/noticias\/wp-content\/uploads\/sites\/5\/2026\/01\/WhatsApp-Image-2026-01-22-at-1.54.45-PM-1.jpeg\",\"height\":1600,\"width\":1200,\"orientation\":\"portrait\"}},\"imageMeta\":{\"aperture\":\"0\",\"credit\":\"\",\"camera\":\"\",\"caption\":\"\",\"created_timestamp\":\"0\",\"copyright\":\"\",\"focal_length\":\"0\",\"iso\":\"0\",\"shutter_speed\":\"0\",\"title\":\"\",\"orientation\":\"0\",\"keywords\":[]},\"meta\":false}],\"itemsMetaDataCollection\":[]}<\/script><script>(function(){if(window.PGC_SGB && window.PGC_SGB.searcher){window.PGC_SGB.searcher.initBlocks()}})()<\/script><\/div>","protected":false},"excerpt":{"rendered":"<p>A pocos d\u00edas de concluir su temporada expositiva, el Centro Cultural Universitario Caja Real de&#8230;<\/p>\n","protected":false},"author":12,"featured_media":22604,"comment_status":"closed","ping_status":"closed","sticky":false,"template":"","format":"standard","meta":{"pgc_sgb_lightbox_settings":"","footnotes":""},"categories":[3],"tags":[3305],"class_list":["post-22602","post","type-post","status-publish","format-standard","has-post-thumbnail","hentry","category-arteycultura","tag-artecontemporaneo"],"featured_image_urls":{"full":["https:\/\/wp.uaslp.mx\/noticias\/wp-content\/uploads\/sites\/5\/2026\/01\/WhatsApp-Image-2026-01-22-at-1.54.44-PM.jpeg",1440,1079,false],"thumbnail":["https:\/\/wp.uaslp.mx\/noticias\/wp-content\/uploads\/sites\/5\/2026\/01\/WhatsApp-Image-2026-01-22-at-1.54.44-PM-150x150.jpeg",150,150,true],"medium":["https:\/\/wp.uaslp.mx\/noticias\/wp-content\/uploads\/sites\/5\/2026\/01\/WhatsApp-Image-2026-01-22-at-1.54.44-PM-1024x767.jpeg",1024,767,true],"medium_large":["https:\/\/wp.uaslp.mx\/noticias\/wp-content\/uploads\/sites\/5\/2026\/01\/WhatsApp-Image-2026-01-22-at-1.54.44-PM-768x575.jpeg",640,479,true],"large":["https:\/\/wp.uaslp.mx\/noticias\/wp-content\/uploads\/sites\/5\/2026\/01\/WhatsApp-Image-2026-01-22-at-1.54.44-PM.jpeg",1440,1079,false],"1536x1536":["https:\/\/wp.uaslp.mx\/noticias\/wp-content\/uploads\/sites\/5\/2026\/01\/WhatsApp-Image-2026-01-22-at-1.54.44-PM.jpeg",1440,1079,false],"2048x2048":["https:\/\/wp.uaslp.mx\/noticias\/wp-content\/uploads\/sites\/5\/2026\/01\/WhatsApp-Image-2026-01-22-at-1.54.44-PM.jpeg",1440,1079,false],"newsever-slider-full":["https:\/\/wp.uaslp.mx\/noticias\/wp-content\/uploads\/sites\/5\/2026\/01\/WhatsApp-Image-2026-01-22-at-1.54.44-PM-1280x845.jpeg",1280,845,true],"newsever-featured":["https:\/\/wp.uaslp.mx\/noticias\/wp-content\/uploads\/sites\/5\/2026\/01\/WhatsApp-Image-2026-01-22-at-1.54.44-PM-1024x767.jpeg",1024,767,true],"newsever-medium":["https:\/\/wp.uaslp.mx\/noticias\/wp-content\/uploads\/sites\/5\/2026\/01\/WhatsApp-Image-2026-01-22-at-1.54.44-PM-720x475.jpeg",720,475,true],"mailpoet_newsletter_max":["https:\/\/wp.uaslp.mx\/noticias\/wp-content\/uploads\/sites\/5\/2026\/01\/WhatsApp-Image-2026-01-22-at-1.54.44-PM-1320x989.jpeg",1320,989,true]},"author_info":{"display_name":"Prensa y difusi\u00f3n","author_link":"https:\/\/wp.uaslp.mx\/noticias\/author\/giovannamorales\/"},"category_info":"<a href=\"https:\/\/wp.uaslp.mx\/noticias\/category\/arteycultura\/\" rel=\"category tag\">Arte y cultura<\/a>","tag_info":"Arte y cultura","comment_count":"0","_links":{"self":[{"href":"https:\/\/wp.uaslp.mx\/noticias\/wp-json\/wp\/v2\/posts\/22602","targetHints":{"allow":["GET"]}}],"collection":[{"href":"https:\/\/wp.uaslp.mx\/noticias\/wp-json\/wp\/v2\/posts"}],"about":[{"href":"https:\/\/wp.uaslp.mx\/noticias\/wp-json\/wp\/v2\/types\/post"}],"author":[{"embeddable":true,"href":"https:\/\/wp.uaslp.mx\/noticias\/wp-json\/wp\/v2\/users\/12"}],"replies":[{"embeddable":true,"href":"https:\/\/wp.uaslp.mx\/noticias\/wp-json\/wp\/v2\/comments?post=22602"}],"version-history":[{"count":3,"href":"https:\/\/wp.uaslp.mx\/noticias\/wp-json\/wp\/v2\/posts\/22602\/revisions"}],"predecessor-version":[{"id":22608,"href":"https:\/\/wp.uaslp.mx\/noticias\/wp-json\/wp\/v2\/posts\/22602\/revisions\/22608"}],"wp:featuredmedia":[{"embeddable":true,"href":"https:\/\/wp.uaslp.mx\/noticias\/wp-json\/wp\/v2\/media\/22604"}],"wp:attachment":[{"href":"https:\/\/wp.uaslp.mx\/noticias\/wp-json\/wp\/v2\/media?parent=22602"}],"wp:term":[{"taxonomy":"category","embeddable":true,"href":"https:\/\/wp.uaslp.mx\/noticias\/wp-json\/wp\/v2\/categories?post=22602"},{"taxonomy":"post_tag","embeddable":true,"href":"https:\/\/wp.uaslp.mx\/noticias\/wp-json\/wp\/v2\/tags?post=22602"}],"curies":[{"name":"wp","href":"https:\/\/api.w.org\/{rel}","templated":true}]}}