{"id":22465,"date":"2026-01-15T13:25:30","date_gmt":"2026-01-15T19:25:30","guid":{"rendered":"https:\/\/wp.uaslp.mx\/noticias\/?p=22465"},"modified":"2026-01-15T17:33:35","modified_gmt":"2026-01-15T23:33:35","slug":"defender-la-autonomia-es-proteger-el-futuro-de-la-educacion-superior-rector-de-la-unam","status":"publish","type":"post","link":"https:\/\/wp.uaslp.mx\/noticias\/uaslp\/defender-la-autonomia-es-proteger-el-futuro-de-la-educacion-superior-rector-de-la-unam\/","title":{"rendered":"Defender la autonom\u00eda es proteger el futuro de la educaci\u00f3n superior: rector de la UNAM"},"content":{"rendered":"\n<p>\u201cSin autonom\u00eda, la libertad de c\u00e1tedra se debilita, la investigaci\u00f3n se vuelve vulnerable a presiones externas y la formaci\u00f3n de nuevas generaciones corre el riesgo de responder m\u00e1s a agendas transitorias que a criterios acad\u00e9micos, con lo cual se comprometen el presente y el futuro, ya que se pierde la capacidad de formar profesionistas a la altura de las necesidades sociales\u201d, se\u00f1al\u00f3 el doctor Leonardo Lomel\u00ed Vanegas, rector de la <a href=\"https:\/\/www.unam.mx\/\">Universidad Nacional Aut\u00f3noma de M\u00e9xico<\/a> (UNAM), durante la conferencia \u201cAutonom\u00eda Universitaria como Garant\u00eda Constitucional: Libertad Acad\u00e9mica, Gobierno Propio y Responsabilidad P\u00fablica\u201d, presentada en el marco del<a href=\"https:\/\/www.youtube.com\/watch?v=UvwYsq9eAU0&amp;list=TLPQMTUwMTIwMjYkRUKxtvhn_A&amp;index=1\"> Di\u00e1logo Universitario<\/a>, organizado por la <a href=\"https:\/\/www.uaslp.mx\/#gsc.tab=0\">Universidad Aut\u00f3noma de San Luis Potos\u00ed<\/a> (UASLP) para celebrar sus 103 a\u00f1os de autonom\u00eda.<\/p>\n\n\n\n<p>En el encuentro, que reuni\u00f3 a rectores de diversas universidades y representantes de distintos \u00e1mbitos acad\u00e9micos e institucionales, dio inicio con la participaci\u00f3n del rector de la UNAM. Lomel\u00ed Vanegas afirm\u00f3 que la autonom\u00eda universitaria es una conquista comunitaria hist\u00f3rica, una condici\u00f3n indispensable para la vida acad\u00e9mica y una responsabilidad p\u00fablica permanente.<\/p>\n\n\n\n<p>Se\u00f1al\u00f3 que hoy la tarea central es garantizar que las universidades se mantengan como campos f\u00e9rtiles de libertad intelectual, capaces de responder a los problemas de su tiempo sin renunciar a su independencia acad\u00e9mico-administrativa ni a su vocaci\u00f3n social, y que contin\u00faen como veh\u00edculos eficaces de movilidad social. En este contexto, explic\u00f3 que las universidades p\u00fablicas enfrentan un entorno global particularmente desafiante, en el que deben contribuir, de acuerdo con sus posibilidades, a atender problemas como la desigualdad, la violencia, el deterioro ambiental, la crisis democr\u00e1tica y la transformaci\u00f3n tecnol\u00f3gica del trabajo, entre otros, mientras enfrentan restricciones presupuestales, acosos a su autogobierno y cuestionamientos al conocimiento cient\u00edfico.<\/p>\n\n\n\n<p>Ante estos retos, sostuvo que las universidades requieren margen de maniobra para innovar, reorientar programas y construir proyectos de largo plazo que no se vean interrumpidos por cambios gubernamentales ni coyunturas pol\u00edticas o econ\u00f3micas. Adem\u00e1s, aclar\u00f3 que no se trata de un privilegio institucional ni de un espacio de excepci\u00f3n, pues la autonom\u00eda no es sin\u00f3nimo de aislamiento ni de ausencia de rendici\u00f3n de cuentas, sino una condici\u00f3n necesaria para que el conocimiento se desarrolle sin subordinaci\u00f3n a intereses partidistas o coyunturales, manteniendo siempre la obligaci\u00f3n de rendir cuentas a la sociedad.<\/p>\n\n\n\n<p>En su an\u00e1lisis, Lomel\u00ed Vanegas subray\u00f3 que la defensa de ella no recae \u00fanicamente en las autoridades universitarias, sino que es una responsabilidad compartida por toda la comunidad.<\/p>\n\n\n\n<p>Para inaugurar el Di\u00e1logo Universitario, el rector de la Universidad Aut\u00f3noma de San Luis Potos\u00ed, doctor Alejandro Javier Zerme\u00f1o Guerra, destac\u00f3 que cumplir 103 a\u00f1os de autonom\u00eda convierte a la instituci\u00f3n en una de las m\u00e1s antiguas de M\u00e9xico y una de las cuatro o cinco m\u00e1s antiguas de Am\u00e9rica. Record\u00f3 que, como todos los entes aut\u00f3nomos, a lo largo de este siglo la UASLP ha enfrentado distintos intentos de intervenci\u00f3n en su soberan\u00eda.<\/p>\n\n\n\n<p>A\u00f1adi\u00f3 que para contar con el apoyo social es indispensable generar confianza, y que ello requiere tambi\u00e9n de entes fiscalizadores capacitados, capaces de ejercer su labor con respeto a la vida universitaria y a su autogobierno.<\/p>\n\n\n\n<p>El doctor Zerme\u00f1o Guerra  agradeci\u00f3 la presencia del doctor Leonardo Lomel\u00ed Vanegas, rector de la UNAM, as\u00ed como del doctor Eber Omar Betanzos Torres, titular de la Unidad T\u00e9cnica de la Auditor\u00eda Superior de la Federaci\u00f3n; de la Dra. Consuelo Natalia Fiorentini, rectora de la Universidad Aut\u00f3noma de Quintana Roo; de la Mtra. Leticia Jim\u00e9nez Zamora, presidenta del AMEREIAF; M.C. Jes\u00fas Octavio Pimentel Mart\u00ednez, rector de la Universidad Aut\u00f3noma de Coahuila; Dr. Jos\u00e9 Ramon Bonilla Rojas, asesor jur\u00eddico de la Universidad Aut\u00f3noma de Sinaloa; Dr. Santos Guzm\u00e1n L\u00f3pez, rector de la Universidad Aut\u00f3noma de Nuevo Le\u00f3n y del Dr. Luis Armando Gonz\u00e1lez Plasencia, secretario general de la ANUIES.<\/p>\n\n\n\n<p class=\"has-text-align-right\"><em>Hugo Laussin<\/em><\/p>\n\n\n<div class=\"pgc-sgb-cb wp-block-pgcsimplygalleryblock-justified \" data-gallery-id=\"b4313126\"><div class=\"sgb-preloader\" id=\"pr_b4313126\">\n\t<div class=\"sgb-square\" style=\"background:#d4d4d4\"><\/div>\n\t<div class=\"sgb-square\" style=\"background:#d4d4d4\"><\/div>\n\t<div class=\"sgb-square\" style=\"background:#d4d4d4\"><\/div>\n\t<div class=\"sgb-square\" style=\"background:#d4d4d4\"><\/div><\/div><div class=\"simply-gallery-amp pgc_sgb_slider \"><noscript><div class=\"sgb-gallery\"><div class=\"sgb-item\"><a href=\"https:\/\/wp.uaslp.mx\/noticias\/uaslp\/defender-la-autonomia-es-proteger-el-futuro-de-la-educacion-superior-rector-de-la-unam\/attachment\/ff739ffc-b19d-4d9b-98a7-e21ec27e11e2\/\" target=\"_blank\"><img decoding=\"async\" alt=\"\" width=\"1024\" height=\"682\" loading=\"lazy\" src=\"https:\/\/wp.uaslp.mx\/noticias\/wp-content\/uploads\/sites\/5\/2026\/01\/ff739ffc-b19d-4d9b-98a7-e21ec27e11e2-1024x682.jpeg\" srcset=\"https:\/\/wp.uaslp.mx\/noticias\/wp-content\/uploads\/sites\/5\/2026\/01\/ff739ffc-b19d-4d9b-98a7-e21ec27e11e2-1024x682.jpeg 1024w,https:\/\/wp.uaslp.mx\/noticias\/wp-content\/uploads\/sites\/5\/2026\/01\/ff739ffc-b19d-4d9b-98a7-e21ec27e11e2.jpeg 1600w\" sizes=\"auto, 250px\"\/><\/a><\/div><div class=\"sgb-item\"><a href=\"https:\/\/wp.uaslp.mx\/noticias\/uaslp\/defender-la-autonomia-es-proteger-el-futuro-de-la-educacion-superior-rector-de-la-unam\/attachment\/whatsapp-image-2026-01-15-at-1-20-01-pm\/\" target=\"_blank\"><img decoding=\"async\" alt=\"\" width=\"1024\" height=\"682\" loading=\"lazy\" src=\"https:\/\/wp.uaslp.mx\/noticias\/wp-content\/uploads\/sites\/5\/2026\/01\/WhatsApp-Image-2026-01-15-at-1.20.01-PM-1024x682.jpeg\" srcset=\"https:\/\/wp.uaslp.mx\/noticias\/wp-content\/uploads\/sites\/5\/2026\/01\/WhatsApp-Image-2026-01-15-at-1.20.01-PM-1024x682.jpeg 1024w,https:\/\/wp.uaslp.mx\/noticias\/wp-content\/uploads\/sites\/5\/2026\/01\/WhatsApp-Image-2026-01-15-at-1.20.01-PM.jpeg 1600w\" sizes=\"auto, 250px\"\/><\/a><\/div><div class=\"sgb-item\"><a href=\"https:\/\/wp.uaslp.mx\/noticias\/uaslp\/defender-la-autonomia-es-proteger-el-futuro-de-la-educacion-superior-rector-de-la-unam\/attachment\/whatsapp-image-2026-01-15-at-1-20-01-pm-1\/\" target=\"_blank\"><img decoding=\"async\" alt=\"\" width=\"1024\" height=\"682\" loading=\"lazy\" src=\"https:\/\/wp.uaslp.mx\/noticias\/wp-content\/uploads\/sites\/5\/2026\/01\/WhatsApp-Image-2026-01-15-at-1.20.01-PM-1-1024x682.jpeg\" srcset=\"https:\/\/wp.uaslp.mx\/noticias\/wp-content\/uploads\/sites\/5\/2026\/01\/WhatsApp-Image-2026-01-15-at-1.20.01-PM-1-1024x682.jpeg 1024w,https:\/\/wp.uaslp.mx\/noticias\/wp-content\/uploads\/sites\/5\/2026\/01\/WhatsApp-Image-2026-01-15-at-1.20.01-PM-1.jpeg 1600w\" sizes=\"auto, 250px\"\/><\/a><\/div><div class=\"sgb-item\"><a href=\"https:\/\/wp.uaslp.mx\/noticias\/uaslp\/defender-la-autonomia-es-proteger-el-futuro-de-la-educacion-superior-rector-de-la-unam\/attachment\/whatsapp-image-2026-01-15-at-1-20-01-pm-2\/\" target=\"_blank\"><img decoding=\"async\" alt=\"\" width=\"824\" height=\"549\" loading=\"lazy\" src=\"https:\/\/wp.uaslp.mx\/noticias\/wp-content\/uploads\/sites\/5\/2026\/01\/WhatsApp-Image-2026-01-15-at-1.20.01-PM-2.jpeg\" srcset=\",https:\/\/wp.uaslp.mx\/noticias\/wp-content\/uploads\/sites\/5\/2026\/01\/WhatsApp-Image-2026-01-15-at-1.20.01-PM-2.jpeg 824w\" sizes=\"auto, 250px\"\/><\/a><\/div><\/div><\/noscript><\/div><script type=\"application\/json\" class=\"sgb-data\">{\"galleryType\":\"pgc_sgb_justified\",\"galleryId\":\"b4313126\",\"images\":[{\"id\":22485,\"title\":\"ff739ffc-b19d-4d9b-98a7-e21ec27e11e2\",\"url\":\"https:\/\/wp.uaslp.mx\/noticias\/wp-content\/uploads\/sites\/5\/2026\/01\/ff739ffc-b19d-4d9b-98a7-e21ec27e11e2.jpeg\",\"link\":\"https:\/\/wp.uaslp.mx\/noticias\/uaslp\/defender-la-autonomia-es-proteger-el-futuro-de-la-educacion-superior-rector-de-la-unam\/attachment\/ff739ffc-b19d-4d9b-98a7-e21ec27e11e2\/\",\"alt\":\"\",\"description\":\"\",\"caption\":\"\",\"mime\":\"image\/jpeg\",\"type\":\"image\",\"width\":1600,\"height\":1066,\"sizes\":{\"thumbnail\":{\"height\":150,\"width\":150,\"url\":\"https:\/\/wp.uaslp.mx\/noticias\/wp-content\/uploads\/sites\/5\/2026\/01\/ff739ffc-b19d-4d9b-98a7-e21ec27e11e2-150x150.jpeg\",\"orientation\":\"landscape\"},\"medium\":{\"height\":682,\"width\":1024,\"url\":\"https:\/\/wp.uaslp.mx\/noticias\/wp-content\/uploads\/sites\/5\/2026\/01\/ff739ffc-b19d-4d9b-98a7-e21ec27e11e2-1024x682.jpeg\",\"orientation\":\"landscape\"},\"full\":{\"url\":\"https:\/\/wp.uaslp.mx\/noticias\/wp-content\/uploads\/sites\/5\/2026\/01\/ff739ffc-b19d-4d9b-98a7-e21ec27e11e2.jpeg\",\"height\":1066,\"width\":1600,\"orientation\":\"landscape\"}},\"imageMeta\":{\"aperture\":\"0\",\"credit\":\"\",\"camera\":\"\",\"caption\":\"\",\"created_timestamp\":\"0\",\"copyright\":\"\",\"focal_length\":\"0\",\"iso\":\"0\",\"shutter_speed\":\"0\",\"title\":\"\",\"orientation\":\"0\",\"keywords\":[]},\"meta\":false,\"postlink\":\"https:\/\/wp.uaslp.mx\/noticias\/uaslp\/defender-la-autonomia-es-proteger-el-futuro-de-la-educacion-superior-rector-de-la-unam\/attachment\/ff739ffc-b19d-4d9b-98a7-e21ec27e11e2\/\"},{\"id\":22469,\"title\":\"WhatsApp Image 2026-01-15 at 1.20.01 PM\",\"url\":\"https:\/\/wp.uaslp.mx\/noticias\/wp-content\/uploads\/sites\/5\/2026\/01\/WhatsApp-Image-2026-01-15-at-1.20.01-PM.jpeg\",\"link\":\"https:\/\/wp.uaslp.mx\/noticias\/uaslp\/defender-la-autonomia-es-proteger-el-futuro-de-la-educacion-superior-rector-de-la-unam\/attachment\/whatsapp-image-2026-01-15-at-1-20-01-pm\/\",\"alt\":\"\",\"description\":\"\",\"caption\":\"\",\"mime\":\"image\/jpeg\",\"type\":\"image\",\"width\":1600,\"height\":1066,\"sizes\":{\"thumbnail\":{\"height\":150,\"width\":150,\"url\":\"https:\/\/wp.uaslp.mx\/noticias\/wp-content\/uploads\/sites\/5\/2026\/01\/WhatsApp-Image-2026-01-15-at-1.20.01-PM-150x150.jpeg\",\"orientation\":\"landscape\"},\"medium\":{\"height\":682,\"width\":1024,\"url\":\"https:\/\/wp.uaslp.mx\/noticias\/wp-content\/uploads\/sites\/5\/2026\/01\/WhatsApp-Image-2026-01-15-at-1.20.01-PM-1024x682.jpeg\",\"orientation\":\"landscape\"},\"full\":{\"url\":\"https:\/\/wp.uaslp.mx\/noticias\/wp-content\/uploads\/sites\/5\/2026\/01\/WhatsApp-Image-2026-01-15-at-1.20.01-PM.jpeg\",\"height\":1066,\"width\":1600,\"orientation\":\"landscape\"}},\"imageMeta\":{\"aperture\":\"0\",\"credit\":\"\",\"camera\":\"\",\"caption\":\"\",\"created_timestamp\":\"0\",\"copyright\":\"\",\"focal_length\":\"0\",\"iso\":\"0\",\"shutter_speed\":\"0\",\"title\":\"\",\"orientation\":\"0\",\"keywords\":[]},\"meta\":false,\"postlink\":\"https:\/\/wp.uaslp.mx\/noticias\/uaslp\/defender-la-autonomia-es-proteger-el-futuro-de-la-educacion-superior-rector-de-la-unam\/attachment\/whatsapp-image-2026-01-15-at-1-20-01-pm\/\"},{\"id\":22468,\"title\":\"WhatsApp Image 2026-01-15 at 1.20.01 PM (1)\",\"url\":\"https:\/\/wp.uaslp.mx\/noticias\/wp-content\/uploads\/sites\/5\/2026\/01\/WhatsApp-Image-2026-01-15-at-1.20.01-PM-1.jpeg\",\"link\":\"https:\/\/wp.uaslp.mx\/noticias\/uaslp\/defender-la-autonomia-es-proteger-el-futuro-de-la-educacion-superior-rector-de-la-unam\/attachment\/whatsapp-image-2026-01-15-at-1-20-01-pm-1\/\",\"alt\":\"\",\"description\":\"\",\"caption\":\"\",\"mime\":\"image\/jpeg\",\"type\":\"image\",\"width\":1600,\"height\":1066,\"sizes\":{\"thumbnail\":{\"height\":150,\"width\":150,\"url\":\"https:\/\/wp.uaslp.mx\/noticias\/wp-content\/uploads\/sites\/5\/2026\/01\/WhatsApp-Image-2026-01-15-at-1.20.01-PM-1-150x150.jpeg\",\"orientation\":\"landscape\"},\"medium\":{\"height\":682,\"width\":1024,\"url\":\"https:\/\/wp.uaslp.mx\/noticias\/wp-content\/uploads\/sites\/5\/2026\/01\/WhatsApp-Image-2026-01-15-at-1.20.01-PM-1-1024x682.jpeg\",\"orientation\":\"landscape\"},\"full\":{\"url\":\"https:\/\/wp.uaslp.mx\/noticias\/wp-content\/uploads\/sites\/5\/2026\/01\/WhatsApp-Image-2026-01-15-at-1.20.01-PM-1.jpeg\",\"height\":1066,\"width\":1600,\"orientation\":\"landscape\"}},\"imageMeta\":{\"aperture\":\"0\",\"credit\":\"\",\"camera\":\"\",\"caption\":\"\",\"created_timestamp\":\"0\",\"copyright\":\"\",\"focal_length\":\"0\",\"iso\":\"0\",\"shutter_speed\":\"0\",\"title\":\"\",\"orientation\":\"0\",\"keywords\":[]},\"meta\":false,\"postlink\":\"https:\/\/wp.uaslp.mx\/noticias\/uaslp\/defender-la-autonomia-es-proteger-el-futuro-de-la-educacion-superior-rector-de-la-unam\/attachment\/whatsapp-image-2026-01-15-at-1-20-01-pm-1\/\"},{\"id\":22470,\"title\":\"WhatsApp Image 2026-01-15 at 1.20.01 PM (2)\",\"url\":\"https:\/\/wp.uaslp.mx\/noticias\/wp-content\/uploads\/sites\/5\/2026\/01\/WhatsApp-Image-2026-01-15-at-1.20.01-PM-2.jpeg\",\"link\":\"https:\/\/wp.uaslp.mx\/noticias\/uaslp\/defender-la-autonomia-es-proteger-el-futuro-de-la-educacion-superior-rector-de-la-unam\/attachment\/whatsapp-image-2026-01-15-at-1-20-01-pm-2\/\",\"alt\":\"\",\"description\":\"\",\"caption\":\"\",\"mime\":\"image\/jpeg\",\"type\":\"image\",\"width\":824,\"height\":549,\"sizes\":{\"thumbnail\":{\"height\":150,\"width\":150,\"url\":\"https:\/\/wp.uaslp.mx\/noticias\/wp-content\/uploads\/sites\/5\/2026\/01\/WhatsApp-Image-2026-01-15-at-1.20.01-PM-2-150x150.jpeg\",\"orientation\":\"landscape\"},\"full\":{\"url\":\"https:\/\/wp.uaslp.mx\/noticias\/wp-content\/uploads\/sites\/5\/2026\/01\/WhatsApp-Image-2026-01-15-at-1.20.01-PM-2.jpeg\",\"height\":549,\"width\":824,\"orientation\":\"landscape\"}},\"imageMeta\":{\"aperture\":\"0\",\"credit\":\"\",\"camera\":\"\",\"caption\":\"\",\"created_timestamp\":\"0\",\"copyright\":\"\",\"focal_length\":\"0\",\"iso\":\"0\",\"shutter_speed\":\"0\",\"title\":\"\",\"orientation\":\"0\",\"keywords\":[]},\"meta\":false,\"postlink\":\"https:\/\/wp.uaslp.mx\/noticias\/uaslp\/defender-la-autonomia-es-proteger-el-futuro-de-la-educacion-superior-rector-de-la-unam\/attachment\/whatsapp-image-2026-01-15-at-1-20-01-pm-2\/\"}],\"itemsMetaDataCollection\":[]}<\/script><script>(function(){if(window.PGC_SGB && window.PGC_SGB.searcher){window.PGC_SGB.searcher.initBlocks()}})()<\/script><\/div>","protected":false},"excerpt":{"rendered":"<p>\u201cSin autonom\u00eda, la libertad de c\u00e1tedra se debilita, la investigaci\u00f3n se vuelve vulnerable a presiones&#8230;<\/p>\n","protected":false},"author":12,"featured_media":22484,"comment_status":"closed","ping_status":"closed","sticky":false,"template":"","format":"standard","meta":{"pgc_sgb_lightbox_settings":"","footnotes":""},"categories":[782],"tags":[3298,3297],"class_list":["post-22465","post","type-post","status-publish","format-standard","has-post-thumbnail","hentry","category-uaslp","tag-103anosdeautonomia","tag-dialogouniversitario"],"featured_image_urls":{"full":["https:\/\/wp.uaslp.mx\/noticias\/wp-content\/uploads\/sites\/5\/2026\/01\/e1191eed-ac21-497a-99c3-ec99842e1bba.jpeg",958,639,false],"thumbnail":["https:\/\/wp.uaslp.mx\/noticias\/wp-content\/uploads\/sites\/5\/2026\/01\/e1191eed-ac21-497a-99c3-ec99842e1bba-150x150.jpeg",150,150,true],"medium":["https:\/\/wp.uaslp.mx\/noticias\/wp-content\/uploads\/sites\/5\/2026\/01\/e1191eed-ac21-497a-99c3-ec99842e1bba.jpeg",958,639,false],"medium_large":["https:\/\/wp.uaslp.mx\/noticias\/wp-content\/uploads\/sites\/5\/2026\/01\/e1191eed-ac21-497a-99c3-ec99842e1bba-768x512.jpeg",640,427,true],"large":["https:\/\/wp.uaslp.mx\/noticias\/wp-content\/uploads\/sites\/5\/2026\/01\/e1191eed-ac21-497a-99c3-ec99842e1bba.jpeg",958,639,false],"1536x1536":["https:\/\/wp.uaslp.mx\/noticias\/wp-content\/uploads\/sites\/5\/2026\/01\/e1191eed-ac21-497a-99c3-ec99842e1bba.jpeg",958,639,false],"2048x2048":["https:\/\/wp.uaslp.mx\/noticias\/wp-content\/uploads\/sites\/5\/2026\/01\/e1191eed-ac21-497a-99c3-ec99842e1bba.jpeg",958,639,false],"newsever-slider-full":["https:\/\/wp.uaslp.mx\/noticias\/wp-content\/uploads\/sites\/5\/2026\/01\/e1191eed-ac21-497a-99c3-ec99842e1bba.jpeg",958,639,false],"newsever-featured":["https:\/\/wp.uaslp.mx\/noticias\/wp-content\/uploads\/sites\/5\/2026\/01\/e1191eed-ac21-497a-99c3-ec99842e1bba.jpeg",958,639,false],"newsever-medium":["https:\/\/wp.uaslp.mx\/noticias\/wp-content\/uploads\/sites\/5\/2026\/01\/e1191eed-ac21-497a-99c3-ec99842e1bba-720x475.jpeg",720,475,true],"mailpoet_newsletter_max":["https:\/\/wp.uaslp.mx\/noticias\/wp-content\/uploads\/sites\/5\/2026\/01\/e1191eed-ac21-497a-99c3-ec99842e1bba.jpeg",958,639,false]},"author_info":{"display_name":"Prensa y difusi\u00f3n","author_link":"https:\/\/wp.uaslp.mx\/noticias\/author\/giovannamorales\/"},"category_info":"<a href=\"https:\/\/wp.uaslp.mx\/noticias\/category\/uaslp\/\" rel=\"category tag\">UASLP<\/a>","tag_info":"UASLP","comment_count":"0","_links":{"self":[{"href":"https:\/\/wp.uaslp.mx\/noticias\/wp-json\/wp\/v2\/posts\/22465","targetHints":{"allow":["GET"]}}],"collection":[{"href":"https:\/\/wp.uaslp.mx\/noticias\/wp-json\/wp\/v2\/posts"}],"about":[{"href":"https:\/\/wp.uaslp.mx\/noticias\/wp-json\/wp\/v2\/types\/post"}],"author":[{"embeddable":true,"href":"https:\/\/wp.uaslp.mx\/noticias\/wp-json\/wp\/v2\/users\/12"}],"replies":[{"embeddable":true,"href":"https:\/\/wp.uaslp.mx\/noticias\/wp-json\/wp\/v2\/comments?post=22465"}],"version-history":[{"count":4,"href":"https:\/\/wp.uaslp.mx\/noticias\/wp-json\/wp\/v2\/posts\/22465\/revisions"}],"predecessor-version":[{"id":22486,"href":"https:\/\/wp.uaslp.mx\/noticias\/wp-json\/wp\/v2\/posts\/22465\/revisions\/22486"}],"wp:featuredmedia":[{"embeddable":true,"href":"https:\/\/wp.uaslp.mx\/noticias\/wp-json\/wp\/v2\/media\/22484"}],"wp:attachment":[{"href":"https:\/\/wp.uaslp.mx\/noticias\/wp-json\/wp\/v2\/media?parent=22465"}],"wp:term":[{"taxonomy":"category","embeddable":true,"href":"https:\/\/wp.uaslp.mx\/noticias\/wp-json\/wp\/v2\/categories?post=22465"},{"taxonomy":"post_tag","embeddable":true,"href":"https:\/\/wp.uaslp.mx\/noticias\/wp-json\/wp\/v2\/tags?post=22465"}],"curies":[{"name":"wp","href":"https:\/\/api.w.org\/{rel}","templated":true}]}}