{"id":22458,"date":"2026-01-14T14:07:52","date_gmt":"2026-01-14T20:07:52","guid":{"rendered":"https:\/\/wp.uaslp.mx\/noticias\/?p=22458"},"modified":"2026-01-14T14:07:52","modified_gmt":"2026-01-14T20:07:52","slug":"violencia-y-ambiente-son-factores-que-impactan-en-la-salud-afirma-experta-de-la-uaslp","status":"publish","type":"post","link":"https:\/\/wp.uaslp.mx\/noticias\/servicios\/violencia-y-ambiente-son-factores-que-impactan-en-la-salud-afirma-experta-de-la-uaslp\/","title":{"rendered":"Violencia y ambiente son factores que impactan en la salud, afirma experta de la UASLP"},"content":{"rendered":"\n<p>La relaci\u00f3n entre violencia, entorno y salud p\u00fablica fue el eje de la reflexi\u00f3n de la Dra. Aldanely Padr\u00f3n Salas, jefa del Departamento de Salud P\u00fablica de la <a href=\"https:\/\/www.medicina.uaslp.mx\/#gsc.tab=0\">Facultad de Medicina de la Universidad Aut\u00f3noma de San Luis Potos\u00ed <\/a>(UASLP), quien se\u00f1al\u00f3 que hablar de salud implica comprender el contexto social en el que se desarrolla cada persona.<\/p>\n\n\n\n<p>Explic\u00f3 que la salud es equiparable a estar y sentirse bien. Sobre qu\u00e9 significa sentirse bien, la universitaria manifest\u00f3 que para cada persona es diferente, ya que no existe un par\u00e1metro fijo; se trata de una percepci\u00f3n subjetiva que depende del entorno que nos rodea y de aquello que nos genera bienestar.<\/p>\n\n\n\n<p>\u201cEl ambiente se relaciona con el clima, pero tambi\u00e9n con la parte social. Por ejemplo, en el caso del sobrepeso y la obesidad, \u00bfc\u00f3mo ejercitarse si no se cuentan con espacios adecuados o con condiciones de seguridad? Adem\u00e1s, estos h\u00e1bitos tambi\u00e9n se contagian socialmente\u201d, coment\u00f3.<\/p>\n\n\n\n<p>La responsable del Departamento de Salud P\u00fablica de la Facultad de Medicina de la UASLP se\u00f1al\u00f3 que acudir a un lugar donde se ofrece refresco o comida poco saludable implica un aspecto favorable o desfavorable para la salud. As\u00ed como la salud se equipara al bienestar, la enfermedad se asocia con el malestar.<\/p>\n\n\n\n<p>\u201cEs un vaiv\u00e9n que no es fijo, una tendencia en la que algunos d\u00edas nos sentimos mejor que otros. Todo esto se modifica a lo largo de la vida, de ah\u00ed la importancia de mantener un equilibrio entre alimentaci\u00f3n, descanso y ejercicio&#8221;, dijo.<\/p>\n\n\n\n<p>Sugiri\u00f3 considerar tres evaluaciones: la biol\u00f3gica, el estado de bienestar y la cuesti\u00f3n social, esta \u00faltima relacionada con la parte mental. En este punto es necesario realizar una valoraci\u00f3n que permita lograr un equilibrio sin ser tan exigentes y evitar llegar al estr\u00e9s.<\/p>\n\n\n\n<p>Reiter\u00f3 el llamado a procurar el bienestar, comenzando por comportarnos como quisi\u00e9ramos que los dem\u00e1s lo hicieran, ya que en temas de salud es dif\u00edcil ser individualista. \u201cDebemos asumir que podemos afectar a quienes nos rodean; ser ego\u00edstas es complicado, es socialmente correcto pensar en que todos debemos estar bien\u201d, explic\u00f3.<\/p>\n\n\n\n<p>Finalmente, dio a conocer que la UASLP, a trav\u00e9s de diversos programas y acciones, encamina esfuerzos en beneficio de la comunidad estudiantil, acad\u00e9mica y administrativa.<\/p>\n\n\n\n<p class=\"has-text-align-right\"><em>Noelia Mart\u00ednez<\/em><\/p>\n","protected":false},"excerpt":{"rendered":"<p>La relaci\u00f3n entre violencia, entorno y salud p\u00fablica fue el eje de la reflexi\u00f3n de&#8230;<\/p>\n","protected":false},"author":12,"featured_media":22459,"comment_status":"closed","ping_status":"closed","sticky":false,"template":"","format":"standard","meta":{"pgc_sgb_lightbox_settings":"","footnotes":""},"categories":[855],"tags":[],"class_list":["post-22458","post","type-post","status-publish","format-standard","has-post-thumbnail","hentry","category-servicios"],"featured_image_urls":{"full":["https:\/\/wp.uaslp.mx\/noticias\/wp-content\/uploads\/sites\/5\/2026\/01\/WhatsApp-Image-2026-01-14-at-1.58.50-PM.jpeg",1158,739,false],"thumbnail":["https:\/\/wp.uaslp.mx\/noticias\/wp-content\/uploads\/sites\/5\/2026\/01\/WhatsApp-Image-2026-01-14-at-1.58.50-PM-150x150.jpeg",150,150,true],"medium":["https:\/\/wp.uaslp.mx\/noticias\/wp-content\/uploads\/sites\/5\/2026\/01\/WhatsApp-Image-2026-01-14-at-1.58.50-PM-1024x653.jpeg",1024,653,true],"medium_large":["https:\/\/wp.uaslp.mx\/noticias\/wp-content\/uploads\/sites\/5\/2026\/01\/WhatsApp-Image-2026-01-14-at-1.58.50-PM-768x490.jpeg",640,408,true],"large":["https:\/\/wp.uaslp.mx\/noticias\/wp-content\/uploads\/sites\/5\/2026\/01\/WhatsApp-Image-2026-01-14-at-1.58.50-PM.jpeg",1158,739,false],"1536x1536":["https:\/\/wp.uaslp.mx\/noticias\/wp-content\/uploads\/sites\/5\/2026\/01\/WhatsApp-Image-2026-01-14-at-1.58.50-PM.jpeg",1158,739,false],"2048x2048":["https:\/\/wp.uaslp.mx\/noticias\/wp-content\/uploads\/sites\/5\/2026\/01\/WhatsApp-Image-2026-01-14-at-1.58.50-PM.jpeg",1158,739,false],"newsever-slider-full":["https:\/\/wp.uaslp.mx\/noticias\/wp-content\/uploads\/sites\/5\/2026\/01\/WhatsApp-Image-2026-01-14-at-1.58.50-PM.jpeg",1158,739,false],"newsever-featured":["https:\/\/wp.uaslp.mx\/noticias\/wp-content\/uploads\/sites\/5\/2026\/01\/WhatsApp-Image-2026-01-14-at-1.58.50-PM-1024x653.jpeg",1024,653,true],"newsever-medium":["https:\/\/wp.uaslp.mx\/noticias\/wp-content\/uploads\/sites\/5\/2026\/01\/WhatsApp-Image-2026-01-14-at-1.58.50-PM-720x475.jpeg",720,475,true],"mailpoet_newsletter_max":["https:\/\/wp.uaslp.mx\/noticias\/wp-content\/uploads\/sites\/5\/2026\/01\/WhatsApp-Image-2026-01-14-at-1.58.50-PM.jpeg",1158,739,false]},"author_info":{"display_name":"Prensa y difusi\u00f3n","author_link":"https:\/\/wp.uaslp.mx\/noticias\/author\/giovannamorales\/"},"category_info":"<a href=\"https:\/\/wp.uaslp.mx\/noticias\/category\/servicios\/\" rel=\"category tag\">Servicios<\/a>","tag_info":"Servicios","comment_count":"0","_links":{"self":[{"href":"https:\/\/wp.uaslp.mx\/noticias\/wp-json\/wp\/v2\/posts\/22458","targetHints":{"allow":["GET"]}}],"collection":[{"href":"https:\/\/wp.uaslp.mx\/noticias\/wp-json\/wp\/v2\/posts"}],"about":[{"href":"https:\/\/wp.uaslp.mx\/noticias\/wp-json\/wp\/v2\/types\/post"}],"author":[{"embeddable":true,"href":"https:\/\/wp.uaslp.mx\/noticias\/wp-json\/wp\/v2\/users\/12"}],"replies":[{"embeddable":true,"href":"https:\/\/wp.uaslp.mx\/noticias\/wp-json\/wp\/v2\/comments?post=22458"}],"version-history":[{"count":1,"href":"https:\/\/wp.uaslp.mx\/noticias\/wp-json\/wp\/v2\/posts\/22458\/revisions"}],"predecessor-version":[{"id":22460,"href":"https:\/\/wp.uaslp.mx\/noticias\/wp-json\/wp\/v2\/posts\/22458\/revisions\/22460"}],"wp:featuredmedia":[{"embeddable":true,"href":"https:\/\/wp.uaslp.mx\/noticias\/wp-json\/wp\/v2\/media\/22459"}],"wp:attachment":[{"href":"https:\/\/wp.uaslp.mx\/noticias\/wp-json\/wp\/v2\/media?parent=22458"}],"wp:term":[{"taxonomy":"category","embeddable":true,"href":"https:\/\/wp.uaslp.mx\/noticias\/wp-json\/wp\/v2\/categories?post=22458"},{"taxonomy":"post_tag","embeddable":true,"href":"https:\/\/wp.uaslp.mx\/noticias\/wp-json\/wp\/v2\/tags?post=22458"}],"curies":[{"name":"wp","href":"https:\/\/api.w.org\/{rel}","templated":true}]}}