{"id":22453,"date":"2026-01-14T12:31:26","date_gmt":"2026-01-14T18:31:26","guid":{"rendered":"https:\/\/wp.uaslp.mx\/noticias\/?p=22453"},"modified":"2026-01-14T12:31:27","modified_gmt":"2026-01-14T18:31:27","slug":"somos-memoria-visual-de-la-universidad-autonoma-de-san-luis-potosi-en-sus-103-anos-de-autonomia","status":"publish","type":"post","link":"https:\/\/wp.uaslp.mx\/noticias\/arteycultura\/somos-memoria-visual-de-la-universidad-autonoma-de-san-luis-potosi-en-sus-103-anos-de-autonomia\/","title":{"rendered":"\u201cSomos\u201d, memoria visual de la Universidad Aut\u00f3noma de San Luis Potos\u00ed en sus 103 a\u00f1os de autonom\u00eda"},"content":{"rendered":"\n<p>Con una mirada sensible y profunda sobre los espacios que han dado forma a generaciones enteras, el Centro Cultural Universitario Caja Real fue el escenario para la presentaci\u00f3n del libro \u201cSomos\u201d, una obra visual que rinde homenaje a la Universidad Aut\u00f3noma de San Luis Potos\u00ed en el marco de la conmemoraci\u00f3n de los 103 a\u00f1os de su autonom\u00eda. A trav\u00e9s de im\u00e1genes que capturan momentos de vida, de historia y de quienes han sido parte de ella, el libro propone un recorrido \u00edntimo por los lugares que constituyen el alma de la instituci\u00f3n.<\/p>\n\n\n\n<p>La publicaci\u00f3n es autor\u00eda del fot\u00f3grafo y dise\u00f1ador Alejandro Espericueta Bravo, integrante de la Direcci\u00f3n de Comunicaci\u00f3n e Imagen de la UASLP. El volumen re\u00fane alrededor de 130 fotograf\u00edas en blanco y negro, realizadas con una t\u00e9cnica cuidada que resalta tanto la arquitectura como los detalles de los inmuebles universitarios que suelen pasar desapercibidos en la rutina diaria. M\u00e1s all\u00e1 de los muros y las formas, el autor plantea que la verdadera esencia de estos espacios reside en las miles de personas que los han habitado: estudiantes, docentes y trabajadores que han transitado por sus pasillos, aulas y patios a lo largo del tiempo.<\/p>\n\n\n\n<p>La presentaci\u00f3n cont\u00f3 con la presencia de autoridades universitarias encabezadas por el doctor Alejandro Javier Zerme\u00f1o Guerra, rector de la UASLP, as\u00ed como directores y exdirectores, estudiantes y exalumnos, quienes reconocieron en las im\u00e1genes fragmentos de memoria que evocan distintas etapas de la vida universitaria y reavivan instantes compartidos.<\/p>\n\n\n\n<p>El libro se estructura en tres partes claramente definidas. La primera est\u00e1 dedicada a los edificios antiguos, s\u00edmbolos de los or\u00edgenes de la universidad y de su historia inicial. La segunda secci\u00f3n re\u00fane los edificios modernos, resultado del proceso de expansi\u00f3n que vivi\u00f3 la instituci\u00f3n principalmente entre las d\u00e9cadas de los sesenta, setenta y hasta los a\u00f1os ochenta. Finalmente, la tercera parte presenta los edificios contempor\u00e1neos, caracterizados por una arquitectura reciente, imponente y con rasgos distintivos que reflejan la Universidad actual.<\/p>\n\n\n\n<p>Durante su intervenci\u00f3n, Alejandro Espericueta agradeci\u00f3 el respaldo de las y los arquitectos de la Facultad del H\u00e1bitat, as\u00ed como de integrantes de la comunidad universitaria que colaboraron para hacer posible esta publicaci\u00f3n. Asimismo, comparti\u00f3 que \u201cSomos\u201d tendr\u00e1 un segundo tomo, con el que se dar\u00e1 continuidad a este ejercicio de memoria visual. El autor invit\u00f3 al p\u00fablico en general a acercarse a la obra, presentada en un evento de entrada libre.<\/p>\n\n\n\n<p>El libro \u201cSomos\u201d se encuentra disponible a la venta en la Librer\u00eda Universitaria, ubicada en \u00c1lvaro Obreg\u00f3n n\u00famero 450, en la ciudad de San Luis Potos\u00ed, con horario de lunes a viernes de 09: a 18:00 horas y s\u00e1bados de 10:00 a 13:00 horas.<\/p>\n\n\n<div class=\"pgc-sgb-cb wp-block-pgcsimplygalleryblock-justified \" data-gallery-id=\"89349091\"><div class=\"sgb-preloader\" id=\"pr_89349091\">\n\t<div class=\"sgb-square\" style=\"background:#d4d4d4\"><\/div>\n\t<div class=\"sgb-square\" style=\"background:#d4d4d4\"><\/div>\n\t<div class=\"sgb-square\" style=\"background:#d4d4d4\"><\/div>\n\t<div class=\"sgb-square\" style=\"background:#d4d4d4\"><\/div><\/div><div class=\"simply-gallery-amp pgc_sgb_slider \"><noscript><div class=\"sgb-gallery\"><div class=\"sgb-item\"><a href=\"https:\/\/wp.uaslp.mx\/noticias\/wp-content\/uploads\/sites\/5\/2026\/01\/WhatsApp-Image-2026-01-14-at-12.11.52-PM-1.jpeg\"><img decoding=\"async\" alt=\"\" width=\"1024\" height=\"564\" loading=\"lazy\" src=\"https:\/\/wp.uaslp.mx\/noticias\/wp-content\/uploads\/sites\/5\/2026\/01\/WhatsApp-Image-2026-01-14-at-12.11.52-PM-1-1024x564.jpeg\" srcset=\"https:\/\/wp.uaslp.mx\/noticias\/wp-content\/uploads\/sites\/5\/2026\/01\/WhatsApp-Image-2026-01-14-at-12.11.52-PM-1-1024x564.jpeg 1024w,https:\/\/wp.uaslp.mx\/noticias\/wp-content\/uploads\/sites\/5\/2026\/01\/WhatsApp-Image-2026-01-14-at-12.11.52-PM-1.jpeg 1270w\" sizes=\"auto, 250px\"\/><\/a><\/div><div class=\"sgb-item\"><a href=\"https:\/\/wp.uaslp.mx\/noticias\/wp-content\/uploads\/sites\/5\/2026\/01\/WhatsApp-Image-2026-01-14-at-12.11.52-PM.jpeg\"><img decoding=\"async\" alt=\"\" width=\"1024\" height=\"682\" loading=\"lazy\" src=\"https:\/\/wp.uaslp.mx\/noticias\/wp-content\/uploads\/sites\/5\/2026\/01\/WhatsApp-Image-2026-01-14-at-12.11.52-PM-1024x682.jpeg\" srcset=\"https:\/\/wp.uaslp.mx\/noticias\/wp-content\/uploads\/sites\/5\/2026\/01\/WhatsApp-Image-2026-01-14-at-12.11.52-PM-1024x682.jpeg 1024w,https:\/\/wp.uaslp.mx\/noticias\/wp-content\/uploads\/sites\/5\/2026\/01\/WhatsApp-Image-2026-01-14-at-12.11.52-PM.jpeg 1600w\" sizes=\"auto, 250px\"\/><\/a><\/div><\/div><\/noscript><\/div><script type=\"application\/json\" class=\"sgb-data\">{\"galleryType\":\"pgc_sgb_justified\",\"galleryId\":\"89349091\",\"images\":[{\"id\":22455,\"title\":\"WhatsApp Image 2026-01-14 at 12.11.52 PM (1)\",\"url\":\"https:\/\/wp.uaslp.mx\/noticias\/wp-content\/uploads\/sites\/5\/2026\/01\/WhatsApp-Image-2026-01-14-at-12.11.52-PM-1.jpeg\",\"link\":\"https:\/\/wp.uaslp.mx\/noticias\/?attachment_id=22455\",\"alt\":\"\",\"description\":\"\",\"caption\":\"\",\"mime\":\"image\/jpeg\",\"type\":\"image\",\"width\":1270,\"height\":700,\"sizes\":{\"thumbnail\":{\"height\":150,\"width\":150,\"url\":\"https:\/\/wp.uaslp.mx\/noticias\/wp-content\/uploads\/sites\/5\/2026\/01\/WhatsApp-Image-2026-01-14-at-12.11.52-PM-1-150x150.jpeg\",\"orientation\":\"landscape\"},\"medium\":{\"height\":564,\"width\":1024,\"url\":\"https:\/\/wp.uaslp.mx\/noticias\/wp-content\/uploads\/sites\/5\/2026\/01\/WhatsApp-Image-2026-01-14-at-12.11.52-PM-1-1024x564.jpeg\",\"orientation\":\"landscape\"},\"full\":{\"url\":\"https:\/\/wp.uaslp.mx\/noticias\/wp-content\/uploads\/sites\/5\/2026\/01\/WhatsApp-Image-2026-01-14-at-12.11.52-PM-1.jpeg\",\"height\":700,\"width\":1270,\"orientation\":\"landscape\"}},\"imageMeta\":{\"aperture\":\"0\",\"credit\":\"\",\"camera\":\"\",\"caption\":\"\",\"created_timestamp\":\"0\",\"copyright\":\"\",\"focal_length\":\"0\",\"iso\":\"0\",\"shutter_speed\":\"0\",\"title\":\"\",\"orientation\":\"0\",\"keywords\":[]},\"meta\":false},{\"id\":22454,\"title\":\"WhatsApp Image 2026-01-14 at 12.11.52 PM\",\"url\":\"https:\/\/wp.uaslp.mx\/noticias\/wp-content\/uploads\/sites\/5\/2026\/01\/WhatsApp-Image-2026-01-14-at-12.11.52-PM.jpeg\",\"link\":\"https:\/\/wp.uaslp.mx\/noticias\/?attachment_id=22454\",\"alt\":\"\",\"description\":\"\",\"caption\":\"\",\"mime\":\"image\/jpeg\",\"type\":\"image\",\"width\":1600,\"height\":1066,\"sizes\":{\"thumbnail\":{\"height\":150,\"width\":150,\"url\":\"https:\/\/wp.uaslp.mx\/noticias\/wp-content\/uploads\/sites\/5\/2026\/01\/WhatsApp-Image-2026-01-14-at-12.11.52-PM-150x150.jpeg\",\"orientation\":\"landscape\"},\"medium\":{\"height\":682,\"width\":1024,\"url\":\"https:\/\/wp.uaslp.mx\/noticias\/wp-content\/uploads\/sites\/5\/2026\/01\/WhatsApp-Image-2026-01-14-at-12.11.52-PM-1024x682.jpeg\",\"orientation\":\"landscape\"},\"full\":{\"url\":\"https:\/\/wp.uaslp.mx\/noticias\/wp-content\/uploads\/sites\/5\/2026\/01\/WhatsApp-Image-2026-01-14-at-12.11.52-PM.jpeg\",\"height\":1066,\"width\":1600,\"orientation\":\"landscape\"}},\"imageMeta\":{\"aperture\":\"0\",\"credit\":\"\",\"camera\":\"\",\"caption\":\"\",\"created_timestamp\":\"0\",\"copyright\":\"\",\"focal_length\":\"0\",\"iso\":\"0\",\"shutter_speed\":\"0\",\"title\":\"\",\"orientation\":\"0\",\"keywords\":[]},\"meta\":false}],\"itemsMetaDataCollection\":[]}<\/script><script>(function(){if(window.PGC_SGB && window.PGC_SGB.searcher){window.PGC_SGB.searcher.initBlocks()}})()<\/script><\/div>","protected":false},"excerpt":{"rendered":"<p>Con una mirada sensible y profunda sobre los espacios que han dado forma a generaciones&#8230;<\/p>\n","protected":false},"author":12,"featured_media":22456,"comment_status":"closed","ping_status":"closed","sticky":false,"template":"","format":"standard","meta":{"pgc_sgb_lightbox_settings":"","footnotes":""},"categories":[3],"tags":[],"class_list":["post-22453","post","type-post","status-publish","format-standard","has-post-thumbnail","hentry","category-arteycultura"],"featured_image_urls":{"full":["https:\/\/wp.uaslp.mx\/noticias\/wp-content\/uploads\/sites\/5\/2026\/01\/WhatsApp-Image-2026-01-14-at-12.11.53-PM.jpeg",1600,1066,false],"thumbnail":["https:\/\/wp.uaslp.mx\/noticias\/wp-content\/uploads\/sites\/5\/2026\/01\/WhatsApp-Image-2026-01-14-at-12.11.53-PM-150x150.jpeg",150,150,true],"medium":["https:\/\/wp.uaslp.mx\/noticias\/wp-content\/uploads\/sites\/5\/2026\/01\/WhatsApp-Image-2026-01-14-at-12.11.53-PM-1024x682.jpeg",1024,682,true],"medium_large":["https:\/\/wp.uaslp.mx\/noticias\/wp-content\/uploads\/sites\/5\/2026\/01\/WhatsApp-Image-2026-01-14-at-12.11.53-PM-768x512.jpeg",640,427,true],"large":["https:\/\/wp.uaslp.mx\/noticias\/wp-content\/uploads\/sites\/5\/2026\/01\/WhatsApp-Image-2026-01-14-at-12.11.53-PM.jpeg",1600,1066,false],"1536x1536":["https:\/\/wp.uaslp.mx\/noticias\/wp-content\/uploads\/sites\/5\/2026\/01\/WhatsApp-Image-2026-01-14-at-12.11.53-PM-1536x1023.jpeg",1536,1023,true],"2048x2048":["https:\/\/wp.uaslp.mx\/noticias\/wp-content\/uploads\/sites\/5\/2026\/01\/WhatsApp-Image-2026-01-14-at-12.11.53-PM.jpeg",1600,1066,false],"newsever-slider-full":["https:\/\/wp.uaslp.mx\/noticias\/wp-content\/uploads\/sites\/5\/2026\/01\/WhatsApp-Image-2026-01-14-at-12.11.53-PM-1280x845.jpeg",1280,845,true],"newsever-featured":["https:\/\/wp.uaslp.mx\/noticias\/wp-content\/uploads\/sites\/5\/2026\/01\/WhatsApp-Image-2026-01-14-at-12.11.53-PM-1024x682.jpeg",1024,682,true],"newsever-medium":["https:\/\/wp.uaslp.mx\/noticias\/wp-content\/uploads\/sites\/5\/2026\/01\/WhatsApp-Image-2026-01-14-at-12.11.53-PM-720x475.jpeg",720,475,true],"mailpoet_newsletter_max":["https:\/\/wp.uaslp.mx\/noticias\/wp-content\/uploads\/sites\/5\/2026\/01\/WhatsApp-Image-2026-01-14-at-12.11.53-PM-1320x879.jpeg",1320,879,true]},"author_info":{"display_name":"Prensa y difusi\u00f3n","author_link":"https:\/\/wp.uaslp.mx\/noticias\/author\/giovannamorales\/"},"category_info":"<a href=\"https:\/\/wp.uaslp.mx\/noticias\/category\/arteycultura\/\" rel=\"category tag\">Arte y cultura<\/a>","tag_info":"Arte y cultura","comment_count":"0","_links":{"self":[{"href":"https:\/\/wp.uaslp.mx\/noticias\/wp-json\/wp\/v2\/posts\/22453","targetHints":{"allow":["GET"]}}],"collection":[{"href":"https:\/\/wp.uaslp.mx\/noticias\/wp-json\/wp\/v2\/posts"}],"about":[{"href":"https:\/\/wp.uaslp.mx\/noticias\/wp-json\/wp\/v2\/types\/post"}],"author":[{"embeddable":true,"href":"https:\/\/wp.uaslp.mx\/noticias\/wp-json\/wp\/v2\/users\/12"}],"replies":[{"embeddable":true,"href":"https:\/\/wp.uaslp.mx\/noticias\/wp-json\/wp\/v2\/comments?post=22453"}],"version-history":[{"count":1,"href":"https:\/\/wp.uaslp.mx\/noticias\/wp-json\/wp\/v2\/posts\/22453\/revisions"}],"predecessor-version":[{"id":22457,"href":"https:\/\/wp.uaslp.mx\/noticias\/wp-json\/wp\/v2\/posts\/22453\/revisions\/22457"}],"wp:featuredmedia":[{"embeddable":true,"href":"https:\/\/wp.uaslp.mx\/noticias\/wp-json\/wp\/v2\/media\/22456"}],"wp:attachment":[{"href":"https:\/\/wp.uaslp.mx\/noticias\/wp-json\/wp\/v2\/media?parent=22453"}],"wp:term":[{"taxonomy":"category","embeddable":true,"href":"https:\/\/wp.uaslp.mx\/noticias\/wp-json\/wp\/v2\/categories?post=22453"},{"taxonomy":"post_tag","embeddable":true,"href":"https:\/\/wp.uaslp.mx\/noticias\/wp-json\/wp\/v2\/tags?post=22453"}],"curies":[{"name":"wp","href":"https:\/\/api.w.org\/{rel}","templated":true}]}}