{"id":22439,"date":"2026-01-13T12:01:04","date_gmt":"2026-01-13T18:01:04","guid":{"rendered":"https:\/\/wp.uaslp.mx\/noticias\/?p=22439"},"modified":"2026-01-13T12:01:05","modified_gmt":"2026-01-13T18:01:05","slug":"uaslp-refuerza-acciones-de-concientizacion-por-el-dia-mundial-de-la-lucha-contra-la-depresion-a-traves-de-unisalud","status":"publish","type":"post","link":"https:\/\/wp.uaslp.mx\/noticias\/comunidad\/uaslp-refuerza-acciones-de-concientizacion-por-el-dia-mundial-de-la-lucha-contra-la-depresion-a-traves-de-unisalud\/","title":{"rendered":"UASLP refuerza acciones de concientizaci\u00f3n por el D\u00eda Mundial de la Lucha contra la Depresi\u00f3n a trav\u00e9s de Unisalud"},"content":{"rendered":"\n<p>En el marco del D\u00eda Mundial de la Lucha contra la Depresi\u00f3n, que se conmemora cada 13 de enero, la Universidad Aut\u00f3noma de San Luis Potos\u00ed (UASLP), a trav\u00e9s de Unisalud de la <a href=\"https:\/\/www.uaslp.mx\/ServiciosEstudiantiles#gsc.tab=0\">Divisi\u00f3n de Servicios Estudiantiles<\/a>, reiter\u00f3 su compromiso con la promoci\u00f3n y el cuidado de la salud mental entre su comunidad universitaria. La maestra Judith Ortega Alvarado, coordinadora del programa Unisalud, y el maestro en Psicolog\u00eda Salvador Ramos Rodr\u00edguez, colaborador del mismo, abordaron la importancia de visibilizar un trastorno que, pese a ser cada vez m\u00e1s frecuente, contin\u00faa rodeado de silencio y estigmas.<\/p>\n\n\n\n<p>Subrayaron que la depresi\u00f3n no debe confundirse con una tristeza pasajera. Aunque sentirse triste forma parte de la experiencia humana, la depresi\u00f3n se caracteriza por la persistencia de ese estado de \u00e1nimo, acompa\u00f1ado de otros s\u00edntomas que afectan de manera profunda la vida cotidiana. De acuerdo con los especialistas, se trata de un trastorno mental que ha ido en aumento en los \u00faltimos a\u00f1os y que impacta tanto a adolescentes como a personas adultas.<\/p>\n\n\n\n<p>Desde la perspectiva institucional, la MSP. Judith Ortega explic\u00f3 que la UASLP contribuye a la concientizaci\u00f3n mediante campa\u00f1as permanentes de educaci\u00f3n para la salud, capacitaciones y espacios de atenci\u00f3n profesional. El objetivo es que estudiantes, docentes y personal identifiquen se\u00f1ales de alerta y busquen ayuda oportuna, sin minimizar lo que sienten ni normalizar un malestar que puede agravarse con el tiempo.<\/p>\n\n\n\n<p>Por su parte, el maestro Salvador Ramos aport\u00f3 datos que dimensionan la magnitud del problema en el \u00e1mbito local. Se\u00f1al\u00f3 que en San Luis Potos\u00ed se registraron alrededor de 2 mil 700 casos de depresi\u00f3n el a\u00f1o pasado y que aproximadamente el 4 por ciento de la poblaci\u00f3n presenta este trastorno. Explic\u00f3 que la depresi\u00f3n implica una p\u00e9rdida importante en la calidad de vida, ya que afecta el inter\u00e9s por las actividades diarias, provoca aislamiento, altera el sue\u00f1o y el apetito, y puede derivar en consecuencias graves como la p\u00e9rdida del empleo, la necesidad de hospitalizaci\u00f3n o, en los casos m\u00e1s extremos, intentos de suicidio y suicidios consumados.<\/p>\n\n\n\n<p>Ambos especialistas coincidieron en que existen distintos grados de depresi\u00f3n, desde cuadros leves hasta formas graves que no siempre requieren semanas para manifestarse. Hay casos en los que los s\u00edntomas se intensifican de manera r\u00e1pida, con aislamiento total, insomnio severo y un deterioro significativo del funcionamiento personal. Tambi\u00e9n se\u00f1alaron que la depresi\u00f3n puede presentarse junto con otros trastornos, como el consumo de sustancias o s\u00edntomas psic\u00f3ticos, lo que complica a\u00fan m\u00e1s su abordaje.<\/p>\n\n\n\n<p>Un punto relevante fue la existencia de personas con depresi\u00f3n que son funcionales y que, incluso, no saben que padecen el trastorno. A estas personas se les suele llamar depresivos funcionales, ya que mantienen ciertas actividades, pero viven de manera constante con tristeza, des\u00e1nimo y falta de disfrute. En este sentido, se destac\u00f3 que uno de los principales signos de alerta es la tristeza prolongada combinada con la p\u00e9rdida de inter\u00e9s o placer en actividades que antes resultaban satisfactorias, fen\u00f3meno conocido como anhedonia.<\/p>\n\n\n\n<p>Los especialistas tambi\u00e9n reflexionaron sobre los factores que pueden detonar la depresi\u00f3n, se\u00f1alando que su origen es multicausal. Intervienen elementos biol\u00f3gicos, psicol\u00f3gicos y sociales, as\u00ed como condiciones econ\u00f3micas, contextos de violencia y las exigencias propias de la vida contempor\u00e1nea. Incluso se mencion\u00f3 que la depresi\u00f3n puede entenderse como un s\u00edntoma de la modernidad, asociado a los cambios sociales y econ\u00f3micos que han transformado la forma de vivir y relacionarse.<\/p>\n\n\n\n<p>En cuanto a las acciones que realiza la UASLP, se destac\u00f3 el trabajo constante de Unisalud en la difusi\u00f3n de informaci\u00f3n, la detecci\u00f3n temprana de s\u00edntomas y la canalizaci\u00f3n a servicios especializados. Adem\u00e1s, se resalt\u00f3 la importancia de la formaci\u00f3n de recursos humanos en \u00e1reas como psicolog\u00eda, enfermer\u00eda, medicina y psiquiatr\u00eda, lo que fortalece la capacidad institucional para atender estos problemas.<\/p>\n\n\n\n<p>Al dirigirse a la comunidad estudiantil, la maestra Ortega Alvarado reconoci\u00f3 que el regreso a clases suele ser un periodo estresante, pero asegur\u00f3 que la universidad cuenta con personal dispuesto a escuchar y brindar apoyo. Invit\u00f3 a los estudiantes a acercarse a Unisalud y a los m\u00f3dulos de PIPS, donde pueden recibir atenci\u00f3n profesional y, de ser necesario, canalizaci\u00f3n a instancias especializadas.<\/p>\n\n\n\n<p>Por su parte, el maestro Ramos Rodr\u00edguez hizo un llamado a cuidar no solo la salud f\u00edsica, sino tambi\u00e9n la mental, y a fomentar espacios comunitarios sanos que permitan la expresi\u00f3n sin miedo al estigma o a la burla. Record\u00f3 que en M\u00e9xico muchas personas tardan a\u00f1os en recibir atenci\u00f3n en salud mental, precisamente por el silencio y la discriminaci\u00f3n que a\u00fan persisten.<\/p>\n\n\n\n<p>La conmemoraci\u00f3n del D\u00eda Mundial de la Lucha contra la Depresi\u00f3n se convierte as\u00ed en una oportunidad para abrir el di\u00e1logo, reconocer la importancia de la salud mental y reforzar la idea de que pedir ayuda es un acto de responsabilidad y cuidado personal, no una se\u00f1al de debilidad. En la UASLP, el mensaje es claro: no est\u00e1n solos y existen espacios y profesionales dispuestos a acompa\u00f1ar a quien lo necesite.<\/p>\n\n\n\n<p class=\"has-text-align-right\"><em>Hugo Laussin<\/em><\/p>\n\n\n<div class=\"pgc-sgb-cb wp-block-pgcsimplygalleryblock-justified \" data-gallery-id=\"b3c26173\"><div class=\"sgb-preloader\" id=\"pr_b3c26173\">\n\t<div class=\"sgb-square\" style=\"background:#d4d4d4\"><\/div>\n\t<div class=\"sgb-square\" style=\"background:#d4d4d4\"><\/div>\n\t<div class=\"sgb-square\" style=\"background:#d4d4d4\"><\/div>\n\t<div class=\"sgb-square\" style=\"background:#d4d4d4\"><\/div><\/div><div class=\"simply-gallery-amp pgc_sgb_slider \"><noscript><div class=\"sgb-gallery\"><div class=\"sgb-item\"><a href=\"https:\/\/wp.uaslp.mx\/noticias\/wp-content\/uploads\/sites\/5\/2026\/01\/WhatsApp-Image-2026-01-13-at-11.53.26-AM-1.jpeg\"><img decoding=\"async\" alt=\"\" width=\"1024\" height=\"1024\" loading=\"lazy\" src=\"https:\/\/wp.uaslp.mx\/noticias\/wp-content\/uploads\/sites\/5\/2026\/01\/WhatsApp-Image-2026-01-13-at-11.53.26-AM-1-1024x1024.jpeg\" srcset=\"https:\/\/wp.uaslp.mx\/noticias\/wp-content\/uploads\/sites\/5\/2026\/01\/WhatsApp-Image-2026-01-13-at-11.53.26-AM-1-1024x1024.jpeg 1024w,https:\/\/wp.uaslp.mx\/noticias\/wp-content\/uploads\/sites\/5\/2026\/01\/WhatsApp-Image-2026-01-13-at-11.53.26-AM-1.jpeg 1600w\" sizes=\"auto, 250px\"\/><\/a><\/div><\/div><\/noscript><\/div><script type=\"application\/json\" class=\"sgb-data\">{\"galleryType\":\"pgc_sgb_justified\",\"galleryId\":\"b3c26173\",\"images\":[{\"id\":22440,\"title\":\"WhatsApp Image 2026-01-13 at 11.53.26 AM (1)\",\"url\":\"https:\/\/wp.uaslp.mx\/noticias\/wp-content\/uploads\/sites\/5\/2026\/01\/WhatsApp-Image-2026-01-13-at-11.53.26-AM-1.jpeg\",\"link\":\"https:\/\/wp.uaslp.mx\/noticias\/?attachment_id=22440\",\"alt\":\"\",\"description\":\"\",\"caption\":\"\",\"mime\":\"image\/jpeg\",\"type\":\"image\",\"width\":1600,\"height\":1600,\"sizes\":{\"thumbnail\":{\"height\":150,\"width\":150,\"url\":\"https:\/\/wp.uaslp.mx\/noticias\/wp-content\/uploads\/sites\/5\/2026\/01\/WhatsApp-Image-2026-01-13-at-11.53.26-AM-1-150x150.jpeg\",\"orientation\":\"landscape\"},\"medium\":{\"height\":1024,\"width\":1024,\"url\":\"https:\/\/wp.uaslp.mx\/noticias\/wp-content\/uploads\/sites\/5\/2026\/01\/WhatsApp-Image-2026-01-13-at-11.53.26-AM-1-1024x1024.jpeg\",\"orientation\":\"landscape\"},\"full\":{\"url\":\"https:\/\/wp.uaslp.mx\/noticias\/wp-content\/uploads\/sites\/5\/2026\/01\/WhatsApp-Image-2026-01-13-at-11.53.26-AM-1.jpeg\",\"height\":1600,\"width\":1600,\"orientation\":\"landscape\"}},\"imageMeta\":{\"aperture\":\"0\",\"credit\":\"\",\"camera\":\"\",\"caption\":\"\",\"created_timestamp\":\"0\",\"copyright\":\"\",\"focal_length\":\"0\",\"iso\":\"0\",\"shutter_speed\":\"0\",\"title\":\"\",\"orientation\":\"0\",\"keywords\":[]},\"meta\":false}],\"itemsMetaDataCollection\":[]}<\/script><script>(function(){if(window.PGC_SGB && window.PGC_SGB.searcher){window.PGC_SGB.searcher.initBlocks()}})()<\/script><\/div>","protected":false},"excerpt":{"rendered":"<p>En el marco del D\u00eda Mundial de la Lucha contra la Depresi\u00f3n, que se conmemora&#8230;<\/p>\n","protected":false},"author":12,"featured_media":22441,"comment_status":"closed","ping_status":"closed","sticky":false,"template":"","format":"standard","meta":{"pgc_sgb_lightbox_settings":"","footnotes":""},"categories":[5],"tags":[3296],"class_list":["post-22439","post","type-post","status-publish","format-standard","has-post-thumbnail","hentry","category-comunidad","tag-unisaludcontigo"],"featured_image_urls":{"full":["https:\/\/wp.uaslp.mx\/noticias\/wp-content\/uploads\/sites\/5\/2026\/01\/WhatsApp-Image-2026-01-13-at-11.53.26-AM.jpeg",1600,1066,false],"thumbnail":["https:\/\/wp.uaslp.mx\/noticias\/wp-content\/uploads\/sites\/5\/2026\/01\/WhatsApp-Image-2026-01-13-at-11.53.26-AM-150x150.jpeg",150,150,true],"medium":["https:\/\/wp.uaslp.mx\/noticias\/wp-content\/uploads\/sites\/5\/2026\/01\/WhatsApp-Image-2026-01-13-at-11.53.26-AM-1024x682.jpeg",1024,682,true],"medium_large":["https:\/\/wp.uaslp.mx\/noticias\/wp-content\/uploads\/sites\/5\/2026\/01\/WhatsApp-Image-2026-01-13-at-11.53.26-AM-768x512.jpeg",640,427,true],"large":["https:\/\/wp.uaslp.mx\/noticias\/wp-content\/uploads\/sites\/5\/2026\/01\/WhatsApp-Image-2026-01-13-at-11.53.26-AM.jpeg",1600,1066,false],"1536x1536":["https:\/\/wp.uaslp.mx\/noticias\/wp-content\/uploads\/sites\/5\/2026\/01\/WhatsApp-Image-2026-01-13-at-11.53.26-AM-1536x1023.jpeg",1536,1023,true],"2048x2048":["https:\/\/wp.uaslp.mx\/noticias\/wp-content\/uploads\/sites\/5\/2026\/01\/WhatsApp-Image-2026-01-13-at-11.53.26-AM.jpeg",1600,1066,false],"newsever-slider-full":["https:\/\/wp.uaslp.mx\/noticias\/wp-content\/uploads\/sites\/5\/2026\/01\/WhatsApp-Image-2026-01-13-at-11.53.26-AM-1280x845.jpeg",1280,845,true],"newsever-featured":["https:\/\/wp.uaslp.mx\/noticias\/wp-content\/uploads\/sites\/5\/2026\/01\/WhatsApp-Image-2026-01-13-at-11.53.26-AM-1024x682.jpeg",1024,682,true],"newsever-medium":["https:\/\/wp.uaslp.mx\/noticias\/wp-content\/uploads\/sites\/5\/2026\/01\/WhatsApp-Image-2026-01-13-at-11.53.26-AM-720x475.jpeg",720,475,true],"mailpoet_newsletter_max":["https:\/\/wp.uaslp.mx\/noticias\/wp-content\/uploads\/sites\/5\/2026\/01\/WhatsApp-Image-2026-01-13-at-11.53.26-AM-1320x879.jpeg",1320,879,true]},"author_info":{"display_name":"Prensa y difusi\u00f3n","author_link":"https:\/\/wp.uaslp.mx\/noticias\/author\/giovannamorales\/"},"category_info":"<a href=\"https:\/\/wp.uaslp.mx\/noticias\/category\/comunidad\/\" rel=\"category tag\">Comunidad<\/a>","tag_info":"Comunidad","comment_count":"0","_links":{"self":[{"href":"https:\/\/wp.uaslp.mx\/noticias\/wp-json\/wp\/v2\/posts\/22439","targetHints":{"allow":["GET"]}}],"collection":[{"href":"https:\/\/wp.uaslp.mx\/noticias\/wp-json\/wp\/v2\/posts"}],"about":[{"href":"https:\/\/wp.uaslp.mx\/noticias\/wp-json\/wp\/v2\/types\/post"}],"author":[{"embeddable":true,"href":"https:\/\/wp.uaslp.mx\/noticias\/wp-json\/wp\/v2\/users\/12"}],"replies":[{"embeddable":true,"href":"https:\/\/wp.uaslp.mx\/noticias\/wp-json\/wp\/v2\/comments?post=22439"}],"version-history":[{"count":1,"href":"https:\/\/wp.uaslp.mx\/noticias\/wp-json\/wp\/v2\/posts\/22439\/revisions"}],"predecessor-version":[{"id":22442,"href":"https:\/\/wp.uaslp.mx\/noticias\/wp-json\/wp\/v2\/posts\/22439\/revisions\/22442"}],"wp:featuredmedia":[{"embeddable":true,"href":"https:\/\/wp.uaslp.mx\/noticias\/wp-json\/wp\/v2\/media\/22441"}],"wp:attachment":[{"href":"https:\/\/wp.uaslp.mx\/noticias\/wp-json\/wp\/v2\/media?parent=22439"}],"wp:term":[{"taxonomy":"category","embeddable":true,"href":"https:\/\/wp.uaslp.mx\/noticias\/wp-json\/wp\/v2\/categories?post=22439"},{"taxonomy":"post_tag","embeddable":true,"href":"https:\/\/wp.uaslp.mx\/noticias\/wp-json\/wp\/v2\/tags?post=22439"}],"curies":[{"name":"wp","href":"https:\/\/api.w.org\/{rel}","templated":true}]}}