{"id":22414,"date":"2026-01-11T09:09:00","date_gmt":"2026-01-11T15:09:00","guid":{"rendered":"https:\/\/wp.uaslp.mx\/noticias\/?p=22414"},"modified":"2026-01-11T21:12:13","modified_gmt":"2026-01-12T03:12:13","slug":"la-esencia-de-la-uaslp-reunida-en-el-libro-somos","status":"publish","type":"post","link":"https:\/\/wp.uaslp.mx\/noticias\/arteycultura\/la-esencia-de-la-uaslp-reunida-en-el-libro-somos\/","title":{"rendered":"La esencia de la UASLP, reunida en el libro \u201cSomos\u201d"},"content":{"rendered":"\n<p>El <a href=\"https:\/\/www.uaslp.mx\/DifusionCultural\/Paginas\/Sedes\/634#gsc.tab=0\">Centro Cultural Universitario Caja Real <\/a>ser\u00e1 la sede de la presentaci\u00f3n del libro \u201cSomos\u201d, testimonio visual que se enmarca en la conmemoraci\u00f3n de los 103 a\u00f1os de autonom\u00eda de la Universidad Aut\u00f3noma de San Luis Potos\u00ed (UASLP) como instituci\u00f3n de educaci\u00f3n superior.<\/p>\n\n\n\n<p>Bajo el t\u00edtulo de \u201cReminiscencias universitarias\u201d, el evento se realizar\u00e1 el pr\u00f3ximo 13 de enero a las 18:00 horas, con entrada libre, y estar\u00e1 a cargo del dise\u00f1ador Alejandro Espericueta Bravo, integrante de la Direcci\u00f3n de Comunicaci\u00f3n e Imagen de la UASLP y autor de la serie fotogr\u00e1fica que da origen a esta publicaci\u00f3n.<\/p>\n\n\n\n<p>La obra, que captura la esencia de la Universidad Aut\u00f3noma de San Luis Potos\u00ed, es la continuidad de una exposici\u00f3n exhibida en el Edificio Central durante 2025. Como cierre de esa muestra surge el libro \u201cSomos\u201d, publicaci\u00f3n que re\u00fane la totalidad de las fotograf\u00edas presentadas, as\u00ed como otros materiales que no pudieron exhibirse por falta de espacio.<\/p>\n\n\n\n<p>El libro comprende alrededor de 130 fotograf\u00edas en blanco y negro, realizadas con una t\u00e9cnica cuidada que resalta los espacios y las cualidades arquitect\u00f3nicas de los inmuebles universitarios, con el prop\u00f3sito de apreciar detalles que suelen pasar inadvertidos en la vida cotidiana.<\/p>\n\n\n\n<p>El autor, Alejandro Espericueta, explic\u00f3 que cada imagen busca evocar la nostalgia que experimentan muchas y muchos estudiantes al concluir su formaci\u00f3n profesional. Se\u00f1al\u00f3 que el proyecto surgi\u00f3 con la intenci\u00f3n de sembrar un sentido de identidad y pertenencia dentro de la comunidad universitaria.<\/p>\n\n\n\n<p>\u201cEl libro representa el cierre de la primera etapa del proyecto. Sembrar nostalgia en la comunidad universitaria permite dejar tambi\u00e9n una semilla de identidad y pertenencia, y esa fue la intenci\u00f3n en cada una de estas fotograf\u00edas\u201d, expres\u00f3 el autor.<\/p>\n\n\n\n<p>La obra se divide en tres partes: la primera corresponde a los edificios antiguos, que representan los inicios de la Universidad; la segunda re\u00fane los edificios modernos, que reflejan la expansi\u00f3n de las d\u00e9cadas de los 60, 70 y hasta los a\u00f1os 80; y la tercera presenta los edificios contempor\u00e1neos, caracterizados por una arquitectura reciente, imponente y distintiva.<\/p>\n\n\n\n<p>Finalmente, Alejandro Espericueta invit\u00f3 al p\u00fablico a asistir a esta presentaci\u00f3n de entrada libre y agradeci\u00f3 a las y los arquitectos de la Facultad del H\u00e1bitat y a integrantes de la comunidad universitaria por su apoyo para concretar esta publicaci\u00f3n, la cual tendr\u00e1 un segundo tomo.<\/p>\n\n\n\n<p>El libro \u201cSomos\u201d estar\u00e1 a la venta el d\u00eda de la presentaci\u00f3n y posteriormente podr\u00e1 adquirirse en la Librer\u00eda Universitaria, ubicada en \u00c1lvaro Obreg\u00f3n n\u00famero 450, San Luis Potos\u00ed, M\u00e9xico.<\/p>\n\n\n\n<p class=\"has-text-align-right\"><em>Guadalupe Guevara<\/em><\/p>\n\n\n<div class=\"pgc-sgb-cb wp-block-pgcsimplygalleryblock-masonry \" data-gallery-id=\"ea851121\"><div class=\"sgb-preloader\" id=\"pr_ea851121\">\n\t<div class=\"sgb-square\" style=\"background:#d4d4d4\"><\/div>\n\t<div class=\"sgb-square\" style=\"background:#d4d4d4\"><\/div>\n\t<div class=\"sgb-square\" style=\"background:#d4d4d4\"><\/div>\n\t<div class=\"sgb-square\" style=\"background:#d4d4d4\"><\/div><\/div><div class=\"simply-gallery-amp pgc_sgb_slider \"><noscript><div class=\"sgb-gallery\"><div class=\"sgb-item\"><a href=\"https:\/\/wp.uaslp.mx\/noticias\/wp-content\/uploads\/sites\/5\/2026\/01\/612092496_1335637338605627_4884512237018515636_n.jpg\"><img decoding=\"async\" alt=\"\" width=\"512\" height=\"640\" loading=\"lazy\" src=\"https:\/\/wp.uaslp.mx\/noticias\/wp-content\/uploads\/sites\/5\/2026\/01\/612092496_1335637338605627_4884512237018515636_n.jpg\" srcset=\",https:\/\/wp.uaslp.mx\/noticias\/wp-content\/uploads\/sites\/5\/2026\/01\/612092496_1335637338605627_4884512237018515636_n.jpg 512w\" sizes=\"auto, 250px\"\/><\/a><\/div><\/div><\/noscript><\/div><script type=\"application\/json\" class=\"sgb-data\">{\"galleryType\":\"pgc_sgb_masonry\",\"galleryId\":\"ea851121\",\"images\":[{\"id\":22415,\"title\":\"612092496_1335637338605627_4884512237018515636_n\",\"url\":\"https:\/\/wp.uaslp.mx\/noticias\/wp-content\/uploads\/sites\/5\/2026\/01\/612092496_1335637338605627_4884512237018515636_n.jpg\",\"link\":\"https:\/\/wp.uaslp.mx\/noticias\/?attachment_id=22415\",\"alt\":\"\",\"description\":\"\",\"caption\":\"\",\"mime\":\"image\/jpeg\",\"type\":\"image\",\"width\":512,\"height\":640,\"sizes\":{\"thumbnail\":{\"height\":150,\"width\":150,\"url\":\"https:\/\/wp.uaslp.mx\/noticias\/wp-content\/uploads\/sites\/5\/2026\/01\/612092496_1335637338605627_4884512237018515636_n-150x150.jpg\",\"orientation\":\"landscape\"},\"full\":{\"url\":\"https:\/\/wp.uaslp.mx\/noticias\/wp-content\/uploads\/sites\/5\/2026\/01\/612092496_1335637338605627_4884512237018515636_n.jpg\",\"height\":640,\"width\":512,\"orientation\":\"portrait\"}},\"imageMeta\":{\"aperture\":\"0\",\"credit\":\"\",\"camera\":\"\",\"caption\":\"\",\"created_timestamp\":\"0\",\"copyright\":\"\",\"focal_length\":\"0\",\"iso\":\"0\",\"shutter_speed\":\"0\",\"title\":\"\",\"orientation\":\"0\",\"keywords\":[]},\"meta\":false}],\"itemsMetaDataCollection\":[]}<\/script><script>(function(){if(window.PGC_SGB && window.PGC_SGB.searcher){window.PGC_SGB.searcher.initBlocks()}})()<\/script><\/div>","protected":false},"excerpt":{"rendered":"<p>El Centro Cultural Universitario Caja Real ser\u00e1 la sede de la presentaci\u00f3n del libro \u201cSomos\u201d,&#8230;<\/p>\n","protected":false},"author":12,"featured_media":22416,"comment_status":"closed","ping_status":"closed","sticky":false,"template":"","format":"standard","meta":{"pgc_sgb_lightbox_settings":"","footnotes":""},"categories":[3],"tags":[],"class_list":["post-22414","post","type-post","status-publish","format-standard","has-post-thumbnail","hentry","category-arteycultura"],"featured_image_urls":{"full":["https:\/\/wp.uaslp.mx\/noticias\/wp-content\/uploads\/sites\/5\/2026\/01\/WhatsApp-Image-2026-01-09-at-14.02.25-1.jpeg",1600,1600,false],"thumbnail":["https:\/\/wp.uaslp.mx\/noticias\/wp-content\/uploads\/sites\/5\/2026\/01\/WhatsApp-Image-2026-01-09-at-14.02.25-1-150x150.jpeg",150,150,true],"medium":["https:\/\/wp.uaslp.mx\/noticias\/wp-content\/uploads\/sites\/5\/2026\/01\/WhatsApp-Image-2026-01-09-at-14.02.25-1-1024x1024.jpeg",1024,1024,true],"medium_large":["https:\/\/wp.uaslp.mx\/noticias\/wp-content\/uploads\/sites\/5\/2026\/01\/WhatsApp-Image-2026-01-09-at-14.02.25-1-768x768.jpeg",640,640,true],"large":["https:\/\/wp.uaslp.mx\/noticias\/wp-content\/uploads\/sites\/5\/2026\/01\/WhatsApp-Image-2026-01-09-at-14.02.25-1.jpeg",1600,1600,false],"1536x1536":["https:\/\/wp.uaslp.mx\/noticias\/wp-content\/uploads\/sites\/5\/2026\/01\/WhatsApp-Image-2026-01-09-at-14.02.25-1-1536x1536.jpeg",1536,1536,true],"2048x2048":["https:\/\/wp.uaslp.mx\/noticias\/wp-content\/uploads\/sites\/5\/2026\/01\/WhatsApp-Image-2026-01-09-at-14.02.25-1.jpeg",1600,1600,false],"newsever-slider-full":["https:\/\/wp.uaslp.mx\/noticias\/wp-content\/uploads\/sites\/5\/2026\/01\/WhatsApp-Image-2026-01-09-at-14.02.25-1-1280x845.jpeg",1280,845,true],"newsever-featured":["https:\/\/wp.uaslp.mx\/noticias\/wp-content\/uploads\/sites\/5\/2026\/01\/WhatsApp-Image-2026-01-09-at-14.02.25-1-1024x1024.jpeg",1024,1024,true],"newsever-medium":["https:\/\/wp.uaslp.mx\/noticias\/wp-content\/uploads\/sites\/5\/2026\/01\/WhatsApp-Image-2026-01-09-at-14.02.25-1-720x475.jpeg",720,475,true],"mailpoet_newsletter_max":["https:\/\/wp.uaslp.mx\/noticias\/wp-content\/uploads\/sites\/5\/2026\/01\/WhatsApp-Image-2026-01-09-at-14.02.25-1-1320x1320.jpeg",1320,1320,true]},"author_info":{"display_name":"Prensa y difusi\u00f3n","author_link":"https:\/\/wp.uaslp.mx\/noticias\/author\/giovannamorales\/"},"category_info":"<a href=\"https:\/\/wp.uaslp.mx\/noticias\/category\/arteycultura\/\" rel=\"category tag\">Arte y cultura<\/a>","tag_info":"Arte y cultura","comment_count":"0","_links":{"self":[{"href":"https:\/\/wp.uaslp.mx\/noticias\/wp-json\/wp\/v2\/posts\/22414","targetHints":{"allow":["GET"]}}],"collection":[{"href":"https:\/\/wp.uaslp.mx\/noticias\/wp-json\/wp\/v2\/posts"}],"about":[{"href":"https:\/\/wp.uaslp.mx\/noticias\/wp-json\/wp\/v2\/types\/post"}],"author":[{"embeddable":true,"href":"https:\/\/wp.uaslp.mx\/noticias\/wp-json\/wp\/v2\/users\/12"}],"replies":[{"embeddable":true,"href":"https:\/\/wp.uaslp.mx\/noticias\/wp-json\/wp\/v2\/comments?post=22414"}],"version-history":[{"count":1,"href":"https:\/\/wp.uaslp.mx\/noticias\/wp-json\/wp\/v2\/posts\/22414\/revisions"}],"predecessor-version":[{"id":22417,"href":"https:\/\/wp.uaslp.mx\/noticias\/wp-json\/wp\/v2\/posts\/22414\/revisions\/22417"}],"wp:featuredmedia":[{"embeddable":true,"href":"https:\/\/wp.uaslp.mx\/noticias\/wp-json\/wp\/v2\/media\/22416"}],"wp:attachment":[{"href":"https:\/\/wp.uaslp.mx\/noticias\/wp-json\/wp\/v2\/media?parent=22414"}],"wp:term":[{"taxonomy":"category","embeddable":true,"href":"https:\/\/wp.uaslp.mx\/noticias\/wp-json\/wp\/v2\/categories?post=22414"},{"taxonomy":"post_tag","embeddable":true,"href":"https:\/\/wp.uaslp.mx\/noticias\/wp-json\/wp\/v2\/tags?post=22414"}],"curies":[{"name":"wp","href":"https:\/\/api.w.org\/{rel}","templated":true}]}}