{"id":2233,"date":"2021-11-30T15:00:00","date_gmt":"2021-11-30T21:00:00","guid":{"rendered":"http:\/\/www.noticiasuaslp.com\/?p=2233"},"modified":"2021-11-30T15:00:00","modified_gmt":"2021-11-30T21:00:00","slug":"el-cicsab-detectara-en-su-laboratorio-variante-omicron-del-covid-19-2","status":"publish","type":"post","link":"https:\/\/wp.uaslp.mx\/noticias\/uaslp\/el-cicsab-detectara-en-su-laboratorio-variante-omicron-del-covid-19-2\/","title":{"rendered":"El CICSaB detectar\u00e1 en su laboratorio variante \u00d3micron del COVID-19"},"content":{"rendered":"\n<p>Como parte de su responsabilidad social en la estrategia de combate al COVID-19, el Centro de Investigaci\u00f3n en Ciencias de la Salud y Biomedicina (CICSaB) colaborar\u00e1 con los laboratorios de la entidad para detectar la presencia de \u00d3micron, la nueva variante del coronavirus, as\u00ed lo afirm\u00f3 el investigador Dr. Andreu Comas Garc\u00eda.&nbsp;<\/p>\n\n\n\n<p>El tambi\u00e9n catedr\u00e1tico de la Facultad de Medicina inform\u00f3 que la pr\u00f3xima semana podr\u00edan ya contar con los reactivos para poder identificar en el CICSaB los casos sospechosos de la variante B.1.1.529 del SARS-CoV-2, que fue notificada ante la Organizaci\u00f3n Mundial de la Salud (OMS) el pasado 24 de noviembre de 2021 desde Sud\u00e1frica.&nbsp;&nbsp;<\/p>\n\n\n\n<p>En este sentido, Comas Garc\u00eda puntualiz\u00f3 que por sus mutaciones \u00d3micron podr\u00eda ser hasta un 30 por ciento m\u00e1s transmisible que la Delta y alert\u00f3 que por su capacidad de replicaci\u00f3n podr\u00eda afectar m\u00e1s a los ni\u00f1os as\u00ed como disminuir la efectividad de las vacunas.&nbsp;&nbsp;<\/p>\n\n\n\n<p>Bajo este panorama y en referencia a las declaraciones del presidente de EEUU Joe Biden, el investigador se\u00f1al\u00f3 que \u201cen lugar de preocuparnos debemos ocuparnos: el gobierno deber\u00eda cambiar sus pol\u00edticas p\u00fablicas y los ciudadanos seguir mejor a\u00fan con el uso de cubrebocas, no asistir a lugares con alta cantidad de personas y si soy sospechoso aislarme, hacerme la prueba adem\u00e1s de avisar a mis contactos para cortar la cadena de transmisi\u00f3n\u201d.&nbsp;&nbsp;<\/p>\n\n\n\n<p>Al referirse a las proyecciones sobre el comportamiento de la pandemia en San Luis Potos\u00ed inform\u00f3 que se espera un repunte importante de casos entre los d\u00edas 10 y 15 de enero de 2022, como efecto de los festejos decembrinos. \u201cEn cuanto a temporalidad ser\u00eda muy similar a la 2\u00aa ola, en cuanto a magnitud de casos y mortalidad, a la 3\u00aa ola\u201d, estim\u00f3.&nbsp;&nbsp;<\/p>\n\n\n\n<p>Por ello, Comas Garc\u00eda reiter\u00f3 a la poblaci\u00f3n la necesidad de ser mucho m\u00e1s estrictos en cuanto a seguir las recomendaciones sanitarias pues si se titubea o se rompen habr\u00e1 m\u00e1s casos. \u201cEst\u00e1 en manos de la sociedad seguir las reglas, llevamos casi dos a\u00f1os y debemos entender que funcionan, son efectivas. Lo mejor es evitar reuniones pero si se hacen que est\u00e9n todos vacunas, que sean de menos de 10 personas, ya que entre m\u00e1s peque\u00f1as m\u00e1s seguras pueden ser\u201d, asever\u00f3.&nbsp;<\/p>\n\n\n\n<p>Y tras el anuncio realizado por la Universidad de Hong Kong de que hab\u00eda aislado con \u00e9xito la variante del coronavirus \u00d3micron de muestras cl\u00ednicas que podr\u00eda usarse para desarrollar y producir vacunas de virus completo inactivado, el doctor Andreu Comas destac\u00f3 que la plataforma para la vacuna que se desarrolla en la UASLP, a trav\u00e9s del proyecto de los doctores Sergio Rosales y Mauricio Comas, tambi\u00e9n permitir\u00eda cambiar o agregar protecci\u00f3n para esas variantes r\u00e1pidamente, pues la mutaci\u00f3n del virus es algo normal y va a seguir ocurriendo.&nbsp;<\/p>\n\n\n\n<p>Finalmente record\u00f3 a la ciudadan\u00eda que el CICSaB a trav\u00e9s de su Unidad de Diagn\u00f3stico Cl\u00ednico por Laboratorio cuenta con servicio al p\u00fablico en general para la detecci\u00f3n de COVID-19, anticuerpos, influenza y virus sincicial respiratorio, entre otros, a costo accesible.&nbsp;&nbsp;<\/p>\n\n\n\n<p>M\u00e1s informaci\u00f3n en <a rel=\"noreferrer noopener\" href=\"http:\/\/www.uaslp.mx\/CICSaB\/Paginas\/Servicios.aspx\" target=\"_blank\">www.uaslp.mx\/CICSaB\/Paginas\/Servicios.aspx<\/a><\/p>\n","protected":false},"excerpt":{"rendered":"<p>Como parte de su responsabilidad social en la estrategia de combate al COVID-19, el Centro&#8230;<\/p>\n","protected":false},"author":2,"featured_media":1691,"comment_status":"closed","ping_status":"closed","sticky":false,"template":"","format":"standard","meta":{"pgc_sgb_lightbox_settings":"","footnotes":""},"categories":[782],"tags":[136,206,527],"class_list":["post-2233","post","type-post","status-publish","format-standard","has-post-thumbnail","hentry","category-uaslp","tag-cicsab","tag-covid-19","tag-omicron-2"],"featured_image_urls":{"full":["https:\/\/wp.uaslp.mx\/noticias\/wp-content\/uploads\/sites\/5\/2022\/03\/ANDREW-COMAS-UASLP.jpg",1600,1200,false],"thumbnail":["https:\/\/wp.uaslp.mx\/noticias\/wp-content\/uploads\/sites\/5\/2022\/03\/ANDREW-COMAS-UASLP-150x150.jpg",150,150,true],"medium":["https:\/\/wp.uaslp.mx\/noticias\/wp-content\/uploads\/sites\/5\/2022\/03\/ANDREW-COMAS-UASLP-300x225.jpg",300,225,true],"medium_large":["https:\/\/wp.uaslp.mx\/noticias\/wp-content\/uploads\/sites\/5\/2022\/03\/ANDREW-COMAS-UASLP-768x576.jpg",640,480,true],"large":["https:\/\/wp.uaslp.mx\/noticias\/wp-content\/uploads\/sites\/5\/2022\/03\/ANDREW-COMAS-UASLP-1024x768.jpg",1024,768,true],"1536x1536":["https:\/\/wp.uaslp.mx\/noticias\/wp-content\/uploads\/sites\/5\/2022\/03\/ANDREW-COMAS-UASLP-1536x1152.jpg",1536,1152,true],"2048x2048":["https:\/\/wp.uaslp.mx\/noticias\/wp-content\/uploads\/sites\/5\/2022\/03\/ANDREW-COMAS-UASLP.jpg",1600,1200,false],"newsever-slider-full":["https:\/\/wp.uaslp.mx\/noticias\/wp-content\/uploads\/sites\/5\/2022\/03\/ANDREW-COMAS-UASLP-1280x845.jpg",1280,845,true],"newsever-featured":["https:\/\/wp.uaslp.mx\/noticias\/wp-content\/uploads\/sites\/5\/2022\/03\/ANDREW-COMAS-UASLP-1024x768.jpg",1024,768,true],"newsever-medium":["https:\/\/wp.uaslp.mx\/noticias\/wp-content\/uploads\/sites\/5\/2022\/03\/ANDREW-COMAS-UASLP-720x475.jpg",720,475,true],"mailpoet_newsletter_max":["https:\/\/wp.uaslp.mx\/noticias\/wp-content\/uploads\/sites\/5\/2022\/03\/ANDREW-COMAS-UASLP-1320x990.jpg",1320,990,true]},"author_info":{"display_name":"Prensa y difusi\u00f3n","author_link":"https:\/\/wp.uaslp.mx\/noticias\/author\/joelcancino\/"},"category_info":"<a href=\"https:\/\/wp.uaslp.mx\/noticias\/category\/uaslp\/\" rel=\"category tag\">UASLP<\/a>","tag_info":"UASLP","comment_count":"0","_links":{"self":[{"href":"https:\/\/wp.uaslp.mx\/noticias\/wp-json\/wp\/v2\/posts\/2233","targetHints":{"allow":["GET"]}}],"collection":[{"href":"https:\/\/wp.uaslp.mx\/noticias\/wp-json\/wp\/v2\/posts"}],"about":[{"href":"https:\/\/wp.uaslp.mx\/noticias\/wp-json\/wp\/v2\/types\/post"}],"author":[{"embeddable":true,"href":"https:\/\/wp.uaslp.mx\/noticias\/wp-json\/wp\/v2\/users\/2"}],"replies":[{"embeddable":true,"href":"https:\/\/wp.uaslp.mx\/noticias\/wp-json\/wp\/v2\/comments?post=2233"}],"version-history":[{"count":0,"href":"https:\/\/wp.uaslp.mx\/noticias\/wp-json\/wp\/v2\/posts\/2233\/revisions"}],"wp:featuredmedia":[{"embeddable":true,"href":"https:\/\/wp.uaslp.mx\/noticias\/wp-json\/wp\/v2\/media\/1691"}],"wp:attachment":[{"href":"https:\/\/wp.uaslp.mx\/noticias\/wp-json\/wp\/v2\/media?parent=2233"}],"wp:term":[{"taxonomy":"category","embeddable":true,"href":"https:\/\/wp.uaslp.mx\/noticias\/wp-json\/wp\/v2\/categories?post=2233"},{"taxonomy":"post_tag","embeddable":true,"href":"https:\/\/wp.uaslp.mx\/noticias\/wp-json\/wp\/v2\/tags?post=2233"}],"curies":[{"name":"wp","href":"https:\/\/api.w.org\/{rel}","templated":true}]}}