{"id":2231,"date":"2021-11-29T15:00:00","date_gmt":"2021-11-29T21:00:00","guid":{"rendered":"http:\/\/www.noticiasuaslp.com\/?p=2231"},"modified":"2021-11-29T15:00:00","modified_gmt":"2021-11-29T21:00:00","slug":"entregan-medalla-al-merito-amereiaf-2021-al-doctor-luciano-concheiro-borquez-subsecretario-de-educacion-superior-de-la-sep","status":"publish","type":"post","link":"https:\/\/wp.uaslp.mx\/noticias\/academica\/entregan-medalla-al-merito-amereiaf-2021-al-doctor-luciano-concheiro-borquez-subsecretario-de-educacion-superior-de-la-sep\/","title":{"rendered":"Entregan \u201cMedalla al M\u00e9rito AMEREIAF 2021&#8243; al doctor Luciano Concheiro B\u00f3rquez, subsecretario de Educaci\u00f3n Superior de la SEP"},"content":{"rendered":"\n<p>Como parte de las actividades del Congreso Nacional, \u201cNuevos retos y alianzas de las IES; gesti\u00f3n financiera, rendici\u00f3n de cuentas y colaboraci\u00f3n acad\u00e9mica\u201d, que se realiz\u00f3 en las instalaciones de la Universidad Aut\u00f3noma de San Luis Potos\u00ed,\u00a0este lunes en el Auditorio Rafael Nieto Compe\u00e1n\u00a0se entreg\u00f3 la Medalla al M\u00e9rito AMEREIAF 2021 al doctor Luciano Concheiro B\u00f3rquez, subsecretario de Educaci\u00f3n Superior de la Secretar\u00eda de Educaci\u00f3n P\u00fablica.\u00a0<\/p>\n\n\n\n<p>El doctor Alejandro Javier Zerme\u00f1o Guerra, rector de la Universidad Aut\u00f3noma de San Luis Potos\u00ed, destac\u00f3 que el doctor Concheiro B\u00f3rquez ha sido un entregado de la educaci\u00f3n superior, \u201ccon una visi\u00f3n que claramente empata con nuestra visi\u00f3n de educaci\u00f3n, que debe llevar al final de todo, un bienestar social, progreso y beneficio comunitario\u201d.\u00a0<\/p>\n\n\n\n<p>Resalt\u00f3 que estas ideas, coinciden con las pol\u00edticas p\u00fablicas federales y recientemente, \u201ccon las estatales, donde en ambas directrices se trata de lograr una mejor\u00eda social, y en ello, la Universidad debe de ser coadyuvante para lograr estos objetivos. La educaci\u00f3n superior con direcci\u00f3n socialmente responsable es algo a lo que todos tenemos que apoyar\u201d.\u00a0<\/p>\n\n\n\n<p>Dijo que para la Universidad Aut\u00f3noma de San Luis Potos\u00ed es un honor ser el recinto en donde se entreg\u00f3 el reconocimiento por parte de AMEREIAF, por lo que le ratific\u00f3 que la UASLP tambi\u00e9n su casa.\u00a0<\/p>\n\n\n\n<p>El doctor Luciano Concheiro B\u00f3rquez, expres\u00f3 que la educaci\u00f3n superior, \u201chay que decirlo y subrayarlo, o es una educaci\u00f3n universal, de ah\u00ed el concepto de universidad sigue siendo tan importante, o no lo es, si el sentido general es algo que nos d\u00e9, desde nuestra diversidad, desde esa capacidad de ver la diferencia y la diversidad, que hoy nos permite construirnos en general\u201d.\u00a0<\/p>\n\n\n\n<p>Y a\u00f1adi\u00f3: \u201cDesde la perspectiva de un Estado ampliado, es decir, desde la articulaci\u00f3n de esfuerzos entre el poder del Estado, en sus distintos \u00f3rdenes de gobierno, la sociedad en sus diversas expresiones, las instituciones de educaci\u00f3n superior desde su riqueza en la diferencia, y las m\u00faltiples organizaciones que colaboran en el mejoramiento de la vida acad\u00e9mica, administrativa y de rendici\u00f3n de cuentas\u201d.\u00a0<\/p>\n\n\n\n<p>En la ceremonia estuvieron presentes, en representaci\u00f3n del licenciado Jos\u00e9 Ricardo Gallardo Cardona, gobernador constitucional del Estado, el titular de la Secretar\u00eda de Educaci\u00f3n de Gobierno del Estado, doctor Ernesto Jes\u00fas Barajas \u00c1brego, as\u00ed las y los rectores de las diferentes instituciones de educaci\u00f3n superior, funcionarias y funcionarios de la UASLP y miembros del H. Consejo Directivo Universitario.\u00a0<\/p>\n","protected":false},"excerpt":{"rendered":"<p>Como parte de las actividades del Congreso Nacional, \u201cNuevos retos y alianzas de las IES;&#8230;<\/p>\n","protected":false},"author":2,"featured_media":1700,"comment_status":"closed","ping_status":"closed","sticky":false,"template":"","format":"standard","meta":{"pgc_sgb_lightbox_settings":"","footnotes":""},"categories":[2,5],"tags":[38,184,392,642],"class_list":["post-2231","post","type-post","status-publish","format-standard","has-post-thumbnail","hentry","category-academica","category-comunidad","tag-amereiaf","tag-congreso-nacional","tag-ies","tag-sep"],"featured_image_urls":{"full":["https:\/\/wp.uaslp.mx\/noticias\/wp-content\/uploads\/sites\/5\/2022\/03\/Entregan-Medalla-al-Me\u0301rito-AMEREIAF-2021-al-doctor-Luciano-Concheiro-Bo\u0301rquez-subsecretario-de-Educacio\u0301n-Superior-de-la-SEP-4.jpeg",1600,1200,false],"thumbnail":["https:\/\/wp.uaslp.mx\/noticias\/wp-content\/uploads\/sites\/5\/2022\/03\/Entregan-Medalla-al-Me\u0301rito-AMEREIAF-2021-al-doctor-Luciano-Concheiro-Bo\u0301rquez-subsecretario-de-Educacio\u0301n-Superior-de-la-SEP-4-150x150.jpeg",150,150,true],"medium":["https:\/\/wp.uaslp.mx\/noticias\/wp-content\/uploads\/sites\/5\/2022\/03\/Entregan-Medalla-al-Me\u0301rito-AMEREIAF-2021-al-doctor-Luciano-Concheiro-Bo\u0301rquez-subsecretario-de-Educacio\u0301n-Superior-de-la-SEP-4-300x225.jpeg",300,225,true],"medium_large":["https:\/\/wp.uaslp.mx\/noticias\/wp-content\/uploads\/sites\/5\/2022\/03\/Entregan-Medalla-al-Me\u0301rito-AMEREIAF-2021-al-doctor-Luciano-Concheiro-Bo\u0301rquez-subsecretario-de-Educacio\u0301n-Superior-de-la-SEP-4-768x576.jpeg",640,480,true],"large":["https:\/\/wp.uaslp.mx\/noticias\/wp-content\/uploads\/sites\/5\/2022\/03\/Entregan-Medalla-al-Me\u0301rito-AMEREIAF-2021-al-doctor-Luciano-Concheiro-Bo\u0301rquez-subsecretario-de-Educacio\u0301n-Superior-de-la-SEP-4-1024x768.jpeg",1024,768,true],"1536x1536":["https:\/\/wp.uaslp.mx\/noticias\/wp-content\/uploads\/sites\/5\/2022\/03\/Entregan-Medalla-al-Me\u0301rito-AMEREIAF-2021-al-doctor-Luciano-Concheiro-Bo\u0301rquez-subsecretario-de-Educacio\u0301n-Superior-de-la-SEP-4-1536x1152.jpeg",1536,1152,true],"2048x2048":["https:\/\/wp.uaslp.mx\/noticias\/wp-content\/uploads\/sites\/5\/2022\/03\/Entregan-Medalla-al-Me\u0301rito-AMEREIAF-2021-al-doctor-Luciano-Concheiro-Bo\u0301rquez-subsecretario-de-Educacio\u0301n-Superior-de-la-SEP-4.jpeg",1600,1200,false],"newsever-slider-full":["https:\/\/wp.uaslp.mx\/noticias\/wp-content\/uploads\/sites\/5\/2022\/03\/Entregan-Medalla-al-Me\u0301rito-AMEREIAF-2021-al-doctor-Luciano-Concheiro-Bo\u0301rquez-subsecretario-de-Educacio\u0301n-Superior-de-la-SEP-4-1280x845.jpeg",1280,845,true],"newsever-featured":["https:\/\/wp.uaslp.mx\/noticias\/wp-content\/uploads\/sites\/5\/2022\/03\/Entregan-Medalla-al-Me\u0301rito-AMEREIAF-2021-al-doctor-Luciano-Concheiro-Bo\u0301rquez-subsecretario-de-Educacio\u0301n-Superior-de-la-SEP-4-1024x768.jpeg",1024,768,true],"newsever-medium":["https:\/\/wp.uaslp.mx\/noticias\/wp-content\/uploads\/sites\/5\/2022\/03\/Entregan-Medalla-al-Me\u0301rito-AMEREIAF-2021-al-doctor-Luciano-Concheiro-Bo\u0301rquez-subsecretario-de-Educacio\u0301n-Superior-de-la-SEP-4-720x475.jpeg",720,475,true],"mailpoet_newsletter_max":["https:\/\/wp.uaslp.mx\/noticias\/wp-content\/uploads\/sites\/5\/2022\/03\/Entregan-Medalla-al-Me\u0301rito-AMEREIAF-2021-al-doctor-Luciano-Concheiro-Bo\u0301rquez-subsecretario-de-Educacio\u0301n-Superior-de-la-SEP-4-1320x990.jpeg",1320,990,true]},"author_info":{"display_name":"Prensa y difusi\u00f3n","author_link":"https:\/\/wp.uaslp.mx\/noticias\/author\/joelcancino\/"},"category_info":"<a href=\"https:\/\/wp.uaslp.mx\/noticias\/category\/academica\/\" rel=\"category tag\">Acad\u00e9mica<\/a> <a href=\"https:\/\/wp.uaslp.mx\/noticias\/category\/comunidad\/\" rel=\"category tag\">Comunidad<\/a>","tag_info":"Comunidad","comment_count":"0","_links":{"self":[{"href":"https:\/\/wp.uaslp.mx\/noticias\/wp-json\/wp\/v2\/posts\/2231","targetHints":{"allow":["GET"]}}],"collection":[{"href":"https:\/\/wp.uaslp.mx\/noticias\/wp-json\/wp\/v2\/posts"}],"about":[{"href":"https:\/\/wp.uaslp.mx\/noticias\/wp-json\/wp\/v2\/types\/post"}],"author":[{"embeddable":true,"href":"https:\/\/wp.uaslp.mx\/noticias\/wp-json\/wp\/v2\/users\/2"}],"replies":[{"embeddable":true,"href":"https:\/\/wp.uaslp.mx\/noticias\/wp-json\/wp\/v2\/comments?post=2231"}],"version-history":[{"count":0,"href":"https:\/\/wp.uaslp.mx\/noticias\/wp-json\/wp\/v2\/posts\/2231\/revisions"}],"wp:featuredmedia":[{"embeddable":true,"href":"https:\/\/wp.uaslp.mx\/noticias\/wp-json\/wp\/v2\/media\/1700"}],"wp:attachment":[{"href":"https:\/\/wp.uaslp.mx\/noticias\/wp-json\/wp\/v2\/media?parent=2231"}],"wp:term":[{"taxonomy":"category","embeddable":true,"href":"https:\/\/wp.uaslp.mx\/noticias\/wp-json\/wp\/v2\/categories?post=2231"},{"taxonomy":"post_tag","embeddable":true,"href":"https:\/\/wp.uaslp.mx\/noticias\/wp-json\/wp\/v2\/tags?post=2231"}],"curies":[{"name":"wp","href":"https:\/\/api.w.org\/{rel}","templated":true}]}}