{"id":22058,"date":"2025-12-06T10:00:00","date_gmt":"2025-12-06T16:00:00","guid":{"rendered":"https:\/\/wp.uaslp.mx\/noticias\/?p=22058"},"modified":"2025-12-08T10:42:57","modified_gmt":"2025-12-08T16:42:57","slug":"uaslp-conmemora-45-anos-de-la-facultad-de-ciencias-de-la-informacion-con-exposicion","status":"publish","type":"post","link":"https:\/\/wp.uaslp.mx\/noticias\/orgullouaslp\/uaslp-conmemora-45-anos-de-la-facultad-de-ciencias-de-la-informacion-con-exposicion\/","title":{"rendered":"UASLP conmemora 45 a\u00f1os de la Facultad de Ciencias de la Informaci\u00f3n con exposici\u00f3n"},"content":{"rendered":"\n<p>Con motivo del 45 aniversario de la <a href=\"https:\/\/www.fci.uaslp.mx\/#gsc.tab=0\">Facultad de Ciencias de la Informaci\u00f3n <\/a>(FCI), el <a href=\"https:\/\/www.uaslp.mx\/Centro-de-Documentacion-Historica#gsc.tab=0\">Centro de Documentaci\u00f3n Hist\u00f3rica Rafael Montejano y Agui\u00f1aga<\/a> de la Universidad Aut\u00f3noma de San Luis Potos\u00ed inaugur\u00f3 la exposici\u00f3n fotogr\u00e1fica y documental \u201c45 a\u00f1os, estudiando los caminos de la Informaci\u00f3n\u201d. La muestra permanecer\u00e1 abierta al p\u00fablico hasta marzo de 2026, con entrada libre.<\/p>\n\n\n\n<p>En el acto inaugural participaron integrantes de la comunidad estudiantil, docentes, egresados y p\u00fablico en general, as\u00ed como autoridades encabezadas por la directora de la FCI, Dra. Celia Mireles C\u00e1rdenas, y la directora del Centro de Documentaci\u00f3n, Dra. Rosa Mar\u00eda Mart\u00ednez Rider, quienes llevaron a cabo la apertura oficial.<\/p>\n\n\n\n<p>La exposici\u00f3n re\u00fane fotograf\u00edas, libros, cuadros, folletos, carteles, car\u00e1tulas de tesis, invitaciones y diversos materiales producidos a lo largo de las actividades de la Facultad desde su fundaci\u00f3n, el 8 de septiembre de 1980.<\/p>\n\n\n\n<p>La muestra ofrece un recorrido por la evoluci\u00f3n de la entidad y de la licenciatura, reflejada en sus distintos planes de estudio y en el tr\u00e1nsito institucional que la llev\u00f3 de coordinaci\u00f3n a Escuela y posteriormente a Facultad. En esta trayectoria han participado ocho directores y m\u00faltiples generaciones de estudiantes y egresados.<\/p>\n\n\n\n<p>En el \u00e1mbito f\u00edsico, la Facultad ha ocupado diferentes sedes: inici\u00f3 en lo que hoy alberga Radio y Televisi\u00f3n Universitaria, en Arista 245; m\u00e1s tarde se traslad\u00f3 al actual Centro Cultural Universitario Caja Real; y finalmente se estableci\u00f3 en sus instalaciones actuales en la Zona Universitaria Oriente, en Avenida Industrias 101, Fraccionamiento Talleres.<\/p>\n\n\n\n<p>Durante la inauguraci\u00f3n, la Dra. Rosa Mar\u00eda Mart\u00ednez Rider, directora del Centro de Documentaci\u00f3n Hist\u00f3rica, exdirectora y catedr\u00e1tica de la entidad, destac\u00f3 la importancia de que el estudiantado valore la universidad que hoy posee, con acceso a bibliotecas, servicios de informaci\u00f3n, libros f\u00edsicos y digitales, adem\u00e1s de laboratorios equipados que fortalecen su formaci\u00f3n profesional.<\/p>\n\n\n\n<p>Por su parte, la directora de la FCI, Dra. Celia Mireles C\u00e1rdenas, agradeci\u00f3 el apoyo del equipo del Centro de Documentaci\u00f3n y de la comunidad acad\u00e9mica, as\u00ed como la facilitaci\u00f3n de los documentos exhibidos. Invit\u00f3 al p\u00fablico a visitar la exposici\u00f3n, que muestra la evoluci\u00f3n acad\u00e9mica y tecnol\u00f3gica de la Facultad a lo largo del tiempo.<\/p>\n\n\n\n<p>La curadur\u00eda estuvo a cargo del Lic. Aldo Garc\u00eda Salgado y del LDG Gabriel Chinchilla Espinosa, con la participaci\u00f3n de la consejer\u00eda de alumnos representada por el estudiante Alonso Terrazas Calzada.<\/p>\n\n\n\n<p class=\"has-text-align-right\"><em>Guadalupe Guevara<\/em><\/p>\n\n\n<div class=\"pgc-sgb-cb wp-block-pgcsimplygalleryblock-masonry \" data-gallery-id=\"70c17558\"><div class=\"sgb-preloader\" id=\"pr_70c17558\">\n\t<div class=\"sgb-square\" style=\"background:#d4d4d4\"><\/div>\n\t<div class=\"sgb-square\" style=\"background:#d4d4d4\"><\/div>\n\t<div class=\"sgb-square\" style=\"background:#d4d4d4\"><\/div>\n\t<div class=\"sgb-square\" style=\"background:#d4d4d4\"><\/div><\/div><div class=\"simply-gallery-amp pgc_sgb_slider \"><noscript><div class=\"sgb-gallery\"><\/div><\/noscript><\/div><script type=\"application\/json\" class=\"sgb-data\">{\"galleryType\":\"pgc_sgb_masonry\",\"galleryId\":\"70c17558\",\"images\":[{\"url\":\"https:\/\/wp.uaslp.mx\/noticias\/wp-content\/uploads\/sites\/5\/2025\/12\/EXPO-FCI1.jpg\",\"id\":22061,\"alt\":\"\"},{\"url\":\"https:\/\/wp.uaslp.mx\/noticias\/wp-content\/uploads\/sites\/5\/2025\/12\/EXPO-FCI2.jpg\",\"id\":22062,\"alt\":\"\"},{\"url\":\"https:\/\/wp.uaslp.mx\/noticias\/wp-content\/uploads\/sites\/5\/2025\/12\/EXPO-FCI3.jpg\",\"id\":22059,\"alt\":\"\"}],\"itemsMetaDataCollection\":[]}<\/script><script>(function(){if(window.PGC_SGB && window.PGC_SGB.searcher){window.PGC_SGB.searcher.initBlocks()}})()<\/script><\/div>","protected":false},"excerpt":{"rendered":"<p>Con motivo del 45 aniversario de la Facultad de Ciencias de la Informaci\u00f3n (FCI), el&#8230;<\/p>\n","protected":false},"author":12,"featured_media":22060,"comment_status":"closed","ping_status":"closed","sticky":false,"template":"","format":"standard","meta":{"pgc_sgb_lightbox_settings":"","footnotes":""},"categories":[11],"tags":[3258],"class_list":["post-22058","post","type-post","status-publish","format-standard","has-post-thumbnail","hentry","category-orgullouaslp","tag-aniversariofci"],"featured_image_urls":{"full":["https:\/\/wp.uaslp.mx\/noticias\/wp-content\/uploads\/sites\/5\/2025\/12\/EXPO-FCI4.jpg",1600,1200,false],"thumbnail":["https:\/\/wp.uaslp.mx\/noticias\/wp-content\/uploads\/sites\/5\/2025\/12\/EXPO-FCI4-150x150.jpg",150,150,true],"medium":["https:\/\/wp.uaslp.mx\/noticias\/wp-content\/uploads\/sites\/5\/2025\/12\/EXPO-FCI4-1024x768.jpg",1024,768,true],"medium_large":["https:\/\/wp.uaslp.mx\/noticias\/wp-content\/uploads\/sites\/5\/2025\/12\/EXPO-FCI4-768x576.jpg",640,480,true],"large":["https:\/\/wp.uaslp.mx\/noticias\/wp-content\/uploads\/sites\/5\/2025\/12\/EXPO-FCI4.jpg",1600,1200,false],"1536x1536":["https:\/\/wp.uaslp.mx\/noticias\/wp-content\/uploads\/sites\/5\/2025\/12\/EXPO-FCI4-1536x1152.jpg",1536,1152,true],"2048x2048":["https:\/\/wp.uaslp.mx\/noticias\/wp-content\/uploads\/sites\/5\/2025\/12\/EXPO-FCI4.jpg",1600,1200,false],"newsever-slider-full":["https:\/\/wp.uaslp.mx\/noticias\/wp-content\/uploads\/sites\/5\/2025\/12\/EXPO-FCI4-1280x845.jpg",1280,845,true],"newsever-featured":["https:\/\/wp.uaslp.mx\/noticias\/wp-content\/uploads\/sites\/5\/2025\/12\/EXPO-FCI4-1024x768.jpg",1024,768,true],"newsever-medium":["https:\/\/wp.uaslp.mx\/noticias\/wp-content\/uploads\/sites\/5\/2025\/12\/EXPO-FCI4-720x475.jpg",720,475,true],"mailpoet_newsletter_max":["https:\/\/wp.uaslp.mx\/noticias\/wp-content\/uploads\/sites\/5\/2025\/12\/EXPO-FCI4-1320x990.jpg",1320,990,true]},"author_info":{"display_name":"Prensa y difusi\u00f3n","author_link":"https:\/\/wp.uaslp.mx\/noticias\/author\/giovannamorales\/"},"category_info":"<a href=\"https:\/\/wp.uaslp.mx\/noticias\/category\/orgullouaslp\/\" rel=\"category tag\">Orgullo UASLP<\/a>","tag_info":"Orgullo UASLP","comment_count":"0","_links":{"self":[{"href":"https:\/\/wp.uaslp.mx\/noticias\/wp-json\/wp\/v2\/posts\/22058","targetHints":{"allow":["GET"]}}],"collection":[{"href":"https:\/\/wp.uaslp.mx\/noticias\/wp-json\/wp\/v2\/posts"}],"about":[{"href":"https:\/\/wp.uaslp.mx\/noticias\/wp-json\/wp\/v2\/types\/post"}],"author":[{"embeddable":true,"href":"https:\/\/wp.uaslp.mx\/noticias\/wp-json\/wp\/v2\/users\/12"}],"replies":[{"embeddable":true,"href":"https:\/\/wp.uaslp.mx\/noticias\/wp-json\/wp\/v2\/comments?post=22058"}],"version-history":[{"count":1,"href":"https:\/\/wp.uaslp.mx\/noticias\/wp-json\/wp\/v2\/posts\/22058\/revisions"}],"predecessor-version":[{"id":22063,"href":"https:\/\/wp.uaslp.mx\/noticias\/wp-json\/wp\/v2\/posts\/22058\/revisions\/22063"}],"wp:featuredmedia":[{"embeddable":true,"href":"https:\/\/wp.uaslp.mx\/noticias\/wp-json\/wp\/v2\/media\/22060"}],"wp:attachment":[{"href":"https:\/\/wp.uaslp.mx\/noticias\/wp-json\/wp\/v2\/media?parent=22058"}],"wp:term":[{"taxonomy":"category","embeddable":true,"href":"https:\/\/wp.uaslp.mx\/noticias\/wp-json\/wp\/v2\/categories?post=22058"},{"taxonomy":"post_tag","embeddable":true,"href":"https:\/\/wp.uaslp.mx\/noticias\/wp-json\/wp\/v2\/tags?post=22058"}],"curies":[{"name":"wp","href":"https:\/\/api.w.org\/{rel}","templated":true}]}}