{"id":22006,"date":"2025-12-03T12:47:58","date_gmt":"2025-12-03T18:47:58","guid":{"rendered":"https:\/\/wp.uaslp.mx\/noticias\/?p=22006"},"modified":"2025-12-03T12:47:59","modified_gmt":"2025-12-03T18:47:59","slug":"se-presento-libro-inedito-de-cronicas-de-joaquin-antonio-penalosa-en-la-fil-guadalajara-2025","status":"publish","type":"post","link":"https:\/\/wp.uaslp.mx\/noticias\/arteycultura\/se-presento-libro-inedito-de-cronicas-de-joaquin-antonio-penalosa-en-la-fil-guadalajara-2025\/","title":{"rendered":"Se present\u00f3 libro in\u00e9dito de cr\u00f3nicas de Joaqu\u00edn Antonio Pe\u00f1alosa en la FIL Guadalajara 2025"},"content":{"rendered":"\n<p>En el marco de la Feria Internacional del Libro (FIL) de Guadalajara 2025, la Universidad Aut\u00f3noma de San Luis Potos\u00ed (UASLP), a trav\u00e9s de la <a href=\"https:\/\/www.uaslp.mx\/fomentoeditorialypublicaciones\" target=\"_blank\" rel=\"noreferrer noopener\">Direcci\u00f3n de Fomento Editorial y Publicaciones<\/a>, present\u00f3 el libro in\u00e9dito de cr\u00f3nicas del emblem\u00e1tico historiador, el padre Joaqu\u00edn Antonio Pe\u00f1alosa Santill\u00e1n, \u201cD\u00eda con D\u00eda. Colaboraciones period\u00edsticas 1988-1997\u201d.<\/p>\n\n\n\n<p>La obra reuni\u00f3 a los editores que integraron originalmente el proyecto, a la curadora Mtra. Victoria Carre\u00f3n y al escritor y editor David Ortiz Celestino, quienes compartieron con los asistentes el proceso de recuperaci\u00f3n y organizaci\u00f3n del material period\u00edstico del destacado cronista potosino. La presentaci\u00f3n, adem\u00e1s, cont\u00f3 con los comentarios de la escritora Gabriela D\u2019Arbel Carlos.<\/p>\n\n\n\n<p>La licenciada Patricia Flores Blavier, titular de la direcci\u00f3n, destac\u00f3 que la Feria Internacional del Libro de Guadalajara es un espacio que congrega tanto a la industria editorial m\u00e1s s\u00f3lida del pa\u00eds como a su mayor comunidad lectora, escenario en el que la UASLP tiene una s\u00f3lida presencia.<\/p>\n\n\n\n<p>\u201cEs emocionante ver a tantos lectores buscando espacios, descubriendo libros y visitando diversas editoriales, pero, sobre todo, presenciar la entusiasta afluencia de j\u00f3venes \u00e1vidos de lectura\u201d, se\u00f1al\u00f3.<\/p>\n\n\n\n<p>Desde la inauguraci\u00f3n, el pasado s\u00e1bado 29 de noviembre, el stand de la Universidad ha recibido m\u00e1s de 300 mil visitantes. La directora subray\u00f3 que este proyecto no solo difunde la imagen institucional, sino que exhibe el trabajo editorial que realiza la UASLP a lo largo del a\u00f1o.<\/p>\n\n\n\n<p>La licenciada Flores Blavier reiter\u00f3 la relevancia de la FIL Guadalajara como un espacio que permite a las instituciones de educaci\u00f3n superior mostrar su producci\u00f3n editorial y acercarla a lectores de distintas regiones del pa\u00eds y del extranjero. Asimismo, resalt\u00f3 que la FIL brinda un entorno ideal para la difusi\u00f3n del conocimiento, incluso para el p\u00fablico infantil, que tambi\u00e9n encuentra actividades formativas y l\u00fadicas.<\/p>\n\n\n\n<p>Las y los interesados en asistir a la FIL Guadalajara podr\u00e1n hacerlo hasta el domingo 7 de diciembre, fecha en que concluye esta edici\u00f3n.<\/p>\n\n\n\n<p>La presencia de la UASLP en uno de los m\u00e1ximos eventos editoriales del pa\u00eds se materializa a trav\u00e9s de un stand inspirado en el emblem\u00e1tico Edificio Central, dise\u00f1ado por personal de las direcciones de <a href=\"https:\/\/www.uaslp.mx\/ComunicacionImagen\" target=\"_blank\" rel=\"noreferrer noopener\">Comunicaci\u00f3n e Imagen<\/a> y de Fomento Editorial y Publicaciones. En \u00e9l se exhiben m\u00e1s de 130 t\u00edtulos, incluidas 10 novedades editoriales, adem\u00e1s de un espacio especial dedicado al propio Edificio Central.<\/p>\n\n\n\n<figure class=\"wp-block-image size-full\"><img loading=\"lazy\" decoding=\"async\" width=\"1143\" height=\"1524\" src=\"https:\/\/wp.uaslp.mx\/noticias\/wp-content\/uploads\/sites\/5\/2025\/12\/WhatsApp-Image-2025-12-01-at-09.33.02-2-edited.jpeg\" alt=\"\" class=\"wp-image-22009\" srcset=\"https:\/\/wp.uaslp.mx\/noticias\/wp-content\/uploads\/sites\/5\/2025\/12\/WhatsApp-Image-2025-12-01-at-09.33.02-2-edited.jpeg 1143w, https:\/\/wp.uaslp.mx\/noticias\/wp-content\/uploads\/sites\/5\/2025\/12\/WhatsApp-Image-2025-12-01-at-09.33.02-2-edited-768x1024.jpeg 768w, https:\/\/wp.uaslp.mx\/noticias\/wp-content\/uploads\/sites\/5\/2025\/12\/WhatsApp-Image-2025-12-01-at-09.33.02-2-edited-1024x1365.jpeg 1024w\" sizes=\"auto, (max-width: 1143px) 100vw, 1143px\" \/><\/figure>\n\n\n\n<p class=\"has-text-align-right\"><em>Noelia Mart\u00ednez <\/em><\/p>\n","protected":false},"excerpt":{"rendered":"<p>En el marco de la Feria Internacional del Libro (FIL) de Guadalajara 2025, la Universidad&#8230;<\/p>\n","protected":false},"author":12,"featured_media":22007,"comment_status":"closed","ping_status":"closed","sticky":false,"template":"","format":"standard","meta":{"pgc_sgb_lightbox_settings":"","footnotes":""},"categories":[3,782],"tags":[3254,1647,560],"class_list":["post-22006","post","type-post","status-publish","format-standard","has-post-thumbnail","hentry","category-arteycultura","category-uaslp","tag-direccion-de-fomento-editorial","tag-fil-guadalajara","tag-presentacion-de-libro"],"featured_image_urls":{"full":["https:\/\/wp.uaslp.mx\/noticias\/wp-content\/uploads\/sites\/5\/2025\/12\/WhatsApp-Image-2025-12-01-at-09.33.02-1-e1764787372801.jpeg",1200,1064,false],"thumbnail":["https:\/\/wp.uaslp.mx\/noticias\/wp-content\/uploads\/sites\/5\/2025\/12\/WhatsApp-Image-2025-12-01-at-09.33.02-1-e1764787372801-150x150.jpeg",150,150,true],"medium":["https:\/\/wp.uaslp.mx\/noticias\/wp-content\/uploads\/sites\/5\/2025\/12\/WhatsApp-Image-2025-12-01-at-09.33.02-1-e1764787372801-1024x908.jpeg",1024,908,true],"medium_large":["https:\/\/wp.uaslp.mx\/noticias\/wp-content\/uploads\/sites\/5\/2025\/12\/WhatsApp-Image-2025-12-01-at-09.33.02-1-e1764787372801-768x681.jpeg",640,568,true],"large":["https:\/\/wp.uaslp.mx\/noticias\/wp-content\/uploads\/sites\/5\/2025\/12\/WhatsApp-Image-2025-12-01-at-09.33.02-1-e1764787372801.jpeg",1200,1064,false],"1536x1536":["https:\/\/wp.uaslp.mx\/noticias\/wp-content\/uploads\/sites\/5\/2025\/12\/WhatsApp-Image-2025-12-01-at-09.33.02-1-1152x1536.jpeg",1152,1536,true],"2048x2048":["https:\/\/wp.uaslp.mx\/noticias\/wp-content\/uploads\/sites\/5\/2025\/12\/WhatsApp-Image-2025-12-01-at-09.33.02-1-e1764787372801.jpeg",1200,1064,false],"newsever-slider-full":["https:\/\/wp.uaslp.mx\/noticias\/wp-content\/uploads\/sites\/5\/2025\/12\/WhatsApp-Image-2025-12-01-at-09.33.02-1-e1764787372801-1200x845.jpeg",1200,845,true],"newsever-featured":["https:\/\/wp.uaslp.mx\/noticias\/wp-content\/uploads\/sites\/5\/2025\/12\/WhatsApp-Image-2025-12-01-at-09.33.02-1-e1764787372801-1024x908.jpeg",1024,908,true],"newsever-medium":["https:\/\/wp.uaslp.mx\/noticias\/wp-content\/uploads\/sites\/5\/2025\/12\/WhatsApp-Image-2025-12-01-at-09.33.02-1-e1764787372801-720x475.jpeg",720,475,true],"mailpoet_newsletter_max":["https:\/\/wp.uaslp.mx\/noticias\/wp-content\/uploads\/sites\/5\/2025\/12\/WhatsApp-Image-2025-12-01-at-09.33.02-1-e1764787372801.jpeg",1200,1064,false]},"author_info":{"display_name":"Prensa y difusi\u00f3n","author_link":"https:\/\/wp.uaslp.mx\/noticias\/author\/giovannamorales\/"},"category_info":"<a href=\"https:\/\/wp.uaslp.mx\/noticias\/category\/arteycultura\/\" rel=\"category tag\">Arte y cultura<\/a> <a href=\"https:\/\/wp.uaslp.mx\/noticias\/category\/uaslp\/\" rel=\"category tag\">UASLP<\/a>","tag_info":"UASLP","comment_count":"0","_links":{"self":[{"href":"https:\/\/wp.uaslp.mx\/noticias\/wp-json\/wp\/v2\/posts\/22006","targetHints":{"allow":["GET"]}}],"collection":[{"href":"https:\/\/wp.uaslp.mx\/noticias\/wp-json\/wp\/v2\/posts"}],"about":[{"href":"https:\/\/wp.uaslp.mx\/noticias\/wp-json\/wp\/v2\/types\/post"}],"author":[{"embeddable":true,"href":"https:\/\/wp.uaslp.mx\/noticias\/wp-json\/wp\/v2\/users\/12"}],"replies":[{"embeddable":true,"href":"https:\/\/wp.uaslp.mx\/noticias\/wp-json\/wp\/v2\/comments?post=22006"}],"version-history":[{"count":1,"href":"https:\/\/wp.uaslp.mx\/noticias\/wp-json\/wp\/v2\/posts\/22006\/revisions"}],"predecessor-version":[{"id":22010,"href":"https:\/\/wp.uaslp.mx\/noticias\/wp-json\/wp\/v2\/posts\/22006\/revisions\/22010"}],"wp:featuredmedia":[{"embeddable":true,"href":"https:\/\/wp.uaslp.mx\/noticias\/wp-json\/wp\/v2\/media\/22007"}],"wp:attachment":[{"href":"https:\/\/wp.uaslp.mx\/noticias\/wp-json\/wp\/v2\/media?parent=22006"}],"wp:term":[{"taxonomy":"category","embeddable":true,"href":"https:\/\/wp.uaslp.mx\/noticias\/wp-json\/wp\/v2\/categories?post=22006"},{"taxonomy":"post_tag","embeddable":true,"href":"https:\/\/wp.uaslp.mx\/noticias\/wp-json\/wp\/v2\/tags?post=22006"}],"curies":[{"name":"wp","href":"https:\/\/api.w.org\/{rel}","templated":true}]}}