{"id":21999,"date":"2025-12-02T12:40:02","date_gmt":"2025-12-02T18:40:02","guid":{"rendered":"https:\/\/wp.uaslp.mx\/noticias\/?p=21999"},"modified":"2025-12-02T12:40:03","modified_gmt":"2025-12-02T18:40:03","slug":"estudiantes-de-la-fcc-realizaran-el-radioton-2025-alumnos-al-aire","status":"publish","type":"post","link":"https:\/\/wp.uaslp.mx\/noticias\/academica\/estudiantes-de-la-fcc-realizaran-el-radioton-2025-alumnos-al-aire\/","title":{"rendered":"Estudiantes de la FCC realizar\u00e1n el Radiot\u00f3n 2025 \u201cAlumnos al Aire\u201d"},"content":{"rendered":"\n<p>Estudiantes de tercer semestre de la <a href=\"https:\/\/www.fcc.uaslp.mx\/#gsc.tab=0\">Facultad de Ciencias de la Comunicaci\u00f3n de la UASLP<\/a> llevar\u00e1n a cabo el pr\u00f3ximo jueves 4 de diciembre de 2025 el <a href=\"https:\/\/www.fcc.uaslp.mx\/Paginas\/Noticias\/7809#gsc.tab=0\">Radiot\u00f3n 2025<\/a> \u201cAlumnos al Aire\u201d, como cierre de actividades de la materia Lenguaje Sonoro de la Licenciatura en Ciencias de la Comunicaci\u00f3n. El proyecto contempla una transmisi\u00f3n de radio a trav\u00e9s de la cuenta oficial @Radioton FCC.<\/p>\n\n\n\n<p>As\u00ed lo informaron los alumnos Juan Pablo Flores Vargas, Claudia Elizabeth Sol\u00f3rzano y Gemma Paola Ram\u00edrez Basilio, integrantes del comit\u00e9 organizador del programa, el cual tendr\u00e1 una duraci\u00f3n de 12 horas, con emisiones de 8:00 de la ma\u00f1ana a 8:00 de la noche, y que en esta edici\u00f3n abordar\u00e1 una tem\u00e1tica inspirada en los a\u00f1os 80.<\/p>\n\n\n\n<p>El grupo a cargo de la actividad est\u00e1 conformado por 30 estudiantes distribuidos en equipos responsables de diversas tareas, con el prop\u00f3sito de garantizar el correcto funcionamiento de la transmisi\u00f3n.<\/p>\n\n\n\n<p>Los organizadores detallaron que, adem\u00e1s de los invitados y participantes que estar\u00e1n al aire durante la jornada, se obtuvieron patrocinios para cubrir alimentos, obsequios y apoyo en transportaci\u00f3n y log\u00edstica para todos los integrantes del proyecto.<\/p>\n\n\n\n<p>La estructura del Radiot\u00f3n se divide en tres secciones: locutores, guionistas y personal de staff. Este \u00faltimo se encargar\u00e1 de la investigaci\u00f3n y de marcar la pauta de las acciones durante los programas, revisando documentos, cortes y la llegada de los invitados.<\/p>\n\n\n\n<p>El maestro Efra\u00edn Ochoa, catedr\u00e1tico de Lenguaje Sonoro, se\u00f1al\u00f3 en entrevista que el evento se realizar\u00e1 en el auditorio de la Facultad y tiene como objetivo que los estudiantes vivan de forma pr\u00e1ctica los contenidos aprendidos en clase. Explic\u00f3 que los j\u00f3venes ya dominan los fundamentos del sonido y su transformaci\u00f3n en un estudio mediante guiones e historias construidas inicialmente sin voz ni m\u00fasica, formadas \u00fanicamente con elementos sonoros.<\/p>\n\n\n\n<p>Posteriormente integran m\u00fasica y voz, lo que permite modificar el lenguaje sonoro y enriquecer la composici\u00f3n final.<\/p>\n\n\n\n<p>El docente a\u00f1adi\u00f3 que este ejercicio acad\u00e9mico, programado al cierre del semestre, funciona tambi\u00e9n como instrumento de evaluaci\u00f3n, pues los estudiantes deben preparar de manera conjunta 12 horas de transmisi\u00f3n, disponibles para la audiencia a trav\u00e9s de la cuenta de Facebook <a href=\"https:\/\/www.facebook.com\/people\/Radioton-FCC\/61558383933987\/\">@Radioton FCC<\/a>.<\/p>\n\n\n\n<p class=\"has-text-align-right\"><em>Guadalupe Guevara<\/em><\/p>\n\n\n<div class=\"pgc-sgb-cb wp-block-pgcsimplygalleryblock-masonry \" data-gallery-id=\"80181818\"><div class=\"sgb-preloader\" id=\"pr_80181818\">\n\t<div class=\"sgb-square\" style=\"background:#d4d4d4\"><\/div>\n\t<div class=\"sgb-square\" style=\"background:#d4d4d4\"><\/div>\n\t<div class=\"sgb-square\" style=\"background:#d4d4d4\"><\/div>\n\t<div class=\"sgb-square\" style=\"background:#d4d4d4\"><\/div><\/div><div class=\"simply-gallery-amp pgc_sgb_slider \"><noscript><div class=\"sgb-gallery\"><div class=\"sgb-item\"><a href=\"https:\/\/wp.uaslp.mx\/noticias\/wp-content\/uploads\/sites\/5\/2025\/12\/WhatsApp-Image-2025-12-02-at-12.35.20-PM.jpeg\"><img decoding=\"async\" alt=\"\" width=\"730\" height=\"927\" loading=\"lazy\" src=\"https:\/\/wp.uaslp.mx\/noticias\/wp-content\/uploads\/sites\/5\/2025\/12\/WhatsApp-Image-2025-12-02-at-12.35.20-PM.jpeg\" srcset=\",https:\/\/wp.uaslp.mx\/noticias\/wp-content\/uploads\/sites\/5\/2025\/12\/WhatsApp-Image-2025-12-02-at-12.35.20-PM.jpeg 730w\" sizes=\"auto, 250px\"\/><\/a><\/div><\/div><\/noscript><\/div><script type=\"application\/json\" class=\"sgb-data\">{\"galleryType\":\"pgc_sgb_masonry\",\"galleryId\":\"80181818\",\"images\":[{\"id\":22000,\"title\":\"WhatsApp Image 2025-12-02 at 12.35.20 PM\",\"url\":\"https:\/\/wp.uaslp.mx\/noticias\/wp-content\/uploads\/sites\/5\/2025\/12\/WhatsApp-Image-2025-12-02-at-12.35.20-PM.jpeg\",\"link\":\"https:\/\/wp.uaslp.mx\/noticias\/?attachment_id=22000\",\"alt\":\"\",\"description\":\"\",\"caption\":\"\",\"mime\":\"image\/jpeg\",\"type\":\"image\",\"width\":730,\"height\":927,\"sizes\":{\"thumbnail\":{\"height\":150,\"width\":150,\"url\":\"https:\/\/wp.uaslp.mx\/noticias\/wp-content\/uploads\/sites\/5\/2025\/12\/WhatsApp-Image-2025-12-02-at-12.35.20-PM-150x150.jpeg\",\"orientation\":\"landscape\"},\"full\":{\"url\":\"https:\/\/wp.uaslp.mx\/noticias\/wp-content\/uploads\/sites\/5\/2025\/12\/WhatsApp-Image-2025-12-02-at-12.35.20-PM.jpeg\",\"height\":927,\"width\":730,\"orientation\":\"portrait\"}},\"imageMeta\":{\"aperture\":\"0\",\"credit\":\"\",\"camera\":\"\",\"caption\":\"\",\"created_timestamp\":\"0\",\"copyright\":\"\",\"focal_length\":\"0\",\"iso\":\"0\",\"shutter_speed\":\"0\",\"title\":\"\",\"orientation\":\"0\",\"keywords\":[]},\"meta\":false}],\"itemsMetaDataCollection\":[]}<\/script><script>(function(){if(window.PGC_SGB && window.PGC_SGB.searcher){window.PGC_SGB.searcher.initBlocks()}})()<\/script><\/div>","protected":false},"excerpt":{"rendered":"<p>Estudiantes de tercer semestre de la Facultad de Ciencias de la Comunicaci\u00f3n de la UASLP&#8230;<\/p>\n","protected":false},"author":12,"featured_media":22001,"comment_status":"closed","ping_status":"closed","sticky":false,"template":"","format":"standard","meta":{"pgc_sgb_lightbox_settings":"","footnotes":""},"categories":[2],"tags":[3253],"class_list":["post-21999","post","type-post","status-publish","format-standard","has-post-thumbnail","hentry","category-academica","tag-radioton2025"],"featured_image_urls":{"full":["https:\/\/wp.uaslp.mx\/noticias\/wp-content\/uploads\/sites\/5\/2025\/12\/WhatsApp-Image-2025-12-02-at-12.35.20-PM-1.jpeg",1599,1101,false],"thumbnail":["https:\/\/wp.uaslp.mx\/noticias\/wp-content\/uploads\/sites\/5\/2025\/12\/WhatsApp-Image-2025-12-02-at-12.35.20-PM-1-150x150.jpeg",150,150,true],"medium":["https:\/\/wp.uaslp.mx\/noticias\/wp-content\/uploads\/sites\/5\/2025\/12\/WhatsApp-Image-2025-12-02-at-12.35.20-PM-1-1024x705.jpeg",1024,705,true],"medium_large":["https:\/\/wp.uaslp.mx\/noticias\/wp-content\/uploads\/sites\/5\/2025\/12\/WhatsApp-Image-2025-12-02-at-12.35.20-PM-1-768x529.jpeg",640,441,true],"large":["https:\/\/wp.uaslp.mx\/noticias\/wp-content\/uploads\/sites\/5\/2025\/12\/WhatsApp-Image-2025-12-02-at-12.35.20-PM-1.jpeg",1599,1101,false],"1536x1536":["https:\/\/wp.uaslp.mx\/noticias\/wp-content\/uploads\/sites\/5\/2025\/12\/WhatsApp-Image-2025-12-02-at-12.35.20-PM-1-1536x1058.jpeg",1536,1058,true],"2048x2048":["https:\/\/wp.uaslp.mx\/noticias\/wp-content\/uploads\/sites\/5\/2025\/12\/WhatsApp-Image-2025-12-02-at-12.35.20-PM-1.jpeg",1599,1101,false],"newsever-slider-full":["https:\/\/wp.uaslp.mx\/noticias\/wp-content\/uploads\/sites\/5\/2025\/12\/WhatsApp-Image-2025-12-02-at-12.35.20-PM-1-1280x845.jpeg",1280,845,true],"newsever-featured":["https:\/\/wp.uaslp.mx\/noticias\/wp-content\/uploads\/sites\/5\/2025\/12\/WhatsApp-Image-2025-12-02-at-12.35.20-PM-1-1024x705.jpeg",1024,705,true],"newsever-medium":["https:\/\/wp.uaslp.mx\/noticias\/wp-content\/uploads\/sites\/5\/2025\/12\/WhatsApp-Image-2025-12-02-at-12.35.20-PM-1-720x475.jpeg",720,475,true],"mailpoet_newsletter_max":["https:\/\/wp.uaslp.mx\/noticias\/wp-content\/uploads\/sites\/5\/2025\/12\/WhatsApp-Image-2025-12-02-at-12.35.20-PM-1-1320x909.jpeg",1320,909,true]},"author_info":{"display_name":"Prensa y difusi\u00f3n","author_link":"https:\/\/wp.uaslp.mx\/noticias\/author\/giovannamorales\/"},"category_info":"<a href=\"https:\/\/wp.uaslp.mx\/noticias\/category\/academica\/\" rel=\"category tag\">Acad\u00e9mica<\/a>","tag_info":"Acad\u00e9mica","comment_count":"0","_links":{"self":[{"href":"https:\/\/wp.uaslp.mx\/noticias\/wp-json\/wp\/v2\/posts\/21999","targetHints":{"allow":["GET"]}}],"collection":[{"href":"https:\/\/wp.uaslp.mx\/noticias\/wp-json\/wp\/v2\/posts"}],"about":[{"href":"https:\/\/wp.uaslp.mx\/noticias\/wp-json\/wp\/v2\/types\/post"}],"author":[{"embeddable":true,"href":"https:\/\/wp.uaslp.mx\/noticias\/wp-json\/wp\/v2\/users\/12"}],"replies":[{"embeddable":true,"href":"https:\/\/wp.uaslp.mx\/noticias\/wp-json\/wp\/v2\/comments?post=21999"}],"version-history":[{"count":1,"href":"https:\/\/wp.uaslp.mx\/noticias\/wp-json\/wp\/v2\/posts\/21999\/revisions"}],"predecessor-version":[{"id":22002,"href":"https:\/\/wp.uaslp.mx\/noticias\/wp-json\/wp\/v2\/posts\/21999\/revisions\/22002"}],"wp:featuredmedia":[{"embeddable":true,"href":"https:\/\/wp.uaslp.mx\/noticias\/wp-json\/wp\/v2\/media\/22001"}],"wp:attachment":[{"href":"https:\/\/wp.uaslp.mx\/noticias\/wp-json\/wp\/v2\/media?parent=21999"}],"wp:term":[{"taxonomy":"category","embeddable":true,"href":"https:\/\/wp.uaslp.mx\/noticias\/wp-json\/wp\/v2\/categories?post=21999"},{"taxonomy":"post_tag","embeddable":true,"href":"https:\/\/wp.uaslp.mx\/noticias\/wp-json\/wp\/v2\/tags?post=21999"}],"curies":[{"name":"wp","href":"https:\/\/api.w.org\/{rel}","templated":true}]}}