{"id":21740,"date":"2025-11-17T06:36:00","date_gmt":"2025-11-17T12:36:00","guid":{"rendered":"https:\/\/wp.uaslp.mx\/noticias\/?p=21740"},"modified":"2025-11-17T19:08:00","modified_gmt":"2025-11-18T01:08:00","slug":"uaslp-celebra-la-revolucion-mexicana-con-musica-danza-y-tradicion-en-el-edificio-central","status":"publish","type":"post","link":"https:\/\/wp.uaslp.mx\/noticias\/arteycultura\/uaslp-celebra-la-revolucion-mexicana-con-musica-danza-y-tradicion-en-el-edificio-central\/","title":{"rendered":"UASLP celebra la Revoluci\u00f3n Mexicana con m\u00fasica, danza y tradici\u00f3n en el Edificio Central"},"content":{"rendered":"\n<p>La Universidad Aut\u00f3noma de San Luis Potos\u00ed invita al p\u00fablico al concierto \u00a1Viva la m\u00fasica, el baile y la revoluci\u00f3n!, una gala art\u00edstica que celebrar\u00e1 el esp\u00edritu, la historia y la riqueza cultural de la Revoluci\u00f3n Mexicana. La funci\u00f3n se llevar\u00e1 a cabo el mi\u00e9rcoles 19 de noviembre de 2025, a las 19:00 horas, en el Patio del Edificio Central, con entrada libre.<\/p>\n\n\n\n<p>El espect\u00e1culo estar\u00e1 a cargo del <a href=\"https:\/\/www.uaslp.mx\/DifusionCultural\/Paginas\/Grupos-artisticos\/2343#gsc.tab=0\">Ballet Folcl\u00f3rico Universitario<\/a>, que presentar\u00e1 una selecci\u00f3n de bailes emblem\u00e1ticos de la \u00e9poca revolucionaria. A trav\u00e9s de coreograf\u00edas vibrantes, vestuarios llenos de color y un lenguaje esc\u00e9nico que conecta pasado y presente, el conjunto ofrecer\u00e1 un recorrido danc\u00edstico que honra a los personajes, tradiciones y s\u00edmbolos que marcaron este periodo hist\u00f3rico.<\/p>\n\n\n\n<p>La presentaci\u00f3n contar\u00e1 con m\u00fasica completamente en vivo a cargo de Fusi\u00f3n Musical, agrupaci\u00f3n potosina invitada para esta edici\u00f3n. El ensamble interpretar\u00e1 piezas tradicionales mexicanas, incorporando el banjo como instrumento protagonista, lo que dar\u00e1 un matiz sonoro distintivo y en\u00e9rgico a la velada.<\/p>\n\n\n\n<p>El Ballet Folkl\u00f3rico Universitario, surgido de la iniciativa de j\u00f3venes apasionados por la danza tradicional, mantiene una trayectoria activa y comprometida con la difusi\u00f3n del folclore mexicano. Su participaci\u00f3n en este evento reafirma su labor como embajador cultural dentro y fuera de la instituci\u00f3n.<\/p>\n\n\n\n<p>La comunidad universitaria y la sociedad en general est\u00e1n invitadas a disfrutar de esta celebraci\u00f3n art\u00edstica en honor a la Revoluci\u00f3n Mexicana.<\/p>\n\n\n<div class=\"pgc-sgb-cb wp-block-pgcsimplygalleryblock-justified \" data-gallery-id=\"a3110694\"><div class=\"sgb-preloader\" id=\"pr_a3110694\">\n\t<div class=\"sgb-square\" style=\"background:#d4d4d4\"><\/div>\n\t<div class=\"sgb-square\" style=\"background:#d4d4d4\"><\/div>\n\t<div class=\"sgb-square\" style=\"background:#d4d4d4\"><\/div>\n\t<div class=\"sgb-square\" style=\"background:#d4d4d4\"><\/div><\/div><div class=\"simply-gallery-amp pgc_sgb_slider \"><noscript><div class=\"sgb-gallery\"><div class=\"sgb-item\"><a href=\"https:\/\/wp.uaslp.mx\/noticias\/wp-content\/uploads\/sites\/5\/2025\/11\/54155667914_e7e24cf53a_k.jpg\"><img decoding=\"async\" alt=\"\" width=\"683\" height=\"1024\" loading=\"lazy\" src=\"https:\/\/wp.uaslp.mx\/noticias\/wp-content\/uploads\/sites\/5\/2025\/11\/54155667914_e7e24cf53a_k-683x1024.jpg\" srcset=\"https:\/\/wp.uaslp.mx\/noticias\/wp-content\/uploads\/sites\/5\/2025\/11\/54155667914_e7e24cf53a_k-683x1024.jpg 683w,https:\/\/wp.uaslp.mx\/noticias\/wp-content\/uploads\/sites\/5\/2025\/11\/54155667914_e7e24cf53a_k.jpg 1365w\" sizes=\"auto, 250px\"\/><\/a><\/div><div class=\"sgb-item\"><a href=\"https:\/\/wp.uaslp.mx\/noticias\/wp-content\/uploads\/sites\/5\/2025\/11\/54155669019_27794d4302_k.jpg\"><img decoding=\"async\" alt=\"\" width=\"1024\" height=\"683\" loading=\"lazy\" src=\"https:\/\/wp.uaslp.mx\/noticias\/wp-content\/uploads\/sites\/5\/2025\/11\/54155669019_27794d4302_k-1024x683.jpg\" srcset=\"https:\/\/wp.uaslp.mx\/noticias\/wp-content\/uploads\/sites\/5\/2025\/11\/54155669019_27794d4302_k-1024x683.jpg 1024w,https:\/\/wp.uaslp.mx\/noticias\/wp-content\/uploads\/sites\/5\/2025\/11\/54155669019_27794d4302_k.jpg 2047w\" sizes=\"auto, 250px\"\/><\/a><\/div><div class=\"sgb-item\"><a href=\"https:\/\/wp.uaslp.mx\/noticias\/wp-content\/uploads\/sites\/5\/2025\/11\/54155668194_138b086234_k.jpg\"><img decoding=\"async\" alt=\"\" width=\"1024\" height=\"683\" loading=\"lazy\" src=\"https:\/\/wp.uaslp.mx\/noticias\/wp-content\/uploads\/sites\/5\/2025\/11\/54155668194_138b086234_k-1024x683.jpg\" srcset=\"https:\/\/wp.uaslp.mx\/noticias\/wp-content\/uploads\/sites\/5\/2025\/11\/54155668194_138b086234_k-1024x683.jpg 1024w,https:\/\/wp.uaslp.mx\/noticias\/wp-content\/uploads\/sites\/5\/2025\/11\/54155668194_138b086234_k.jpg 2047w\" sizes=\"auto, 250px\"\/><\/a><\/div><\/div><\/noscript><\/div><script type=\"application\/json\" class=\"sgb-data\">{\"galleryType\":\"pgc_sgb_justified\",\"galleryId\":\"a3110694\",\"images\":[{\"id\":21741,\"title\":\"54155667914_e7e24cf53a_k\",\"url\":\"https:\/\/wp.uaslp.mx\/noticias\/wp-content\/uploads\/sites\/5\/2025\/11\/54155667914_e7e24cf53a_k.jpg\",\"link\":\"https:\/\/wp.uaslp.mx\/noticias\/arteycultura\/uaslp-celebra-la-revolucion-mexicana-con-musica-danza-y-tradicion-en-el-edificio-central\/attachment\/54155667914_e7e24cf53a_k\/\",\"alt\":\"\",\"description\":\"\",\"caption\":\"\",\"mime\":\"image\/jpeg\",\"type\":\"image\",\"width\":1365,\"height\":2048,\"sizes\":{\"thumbnail\":{\"height\":150,\"width\":150,\"url\":\"https:\/\/wp.uaslp.mx\/noticias\/wp-content\/uploads\/sites\/5\/2025\/11\/54155667914_e7e24cf53a_k-150x150.jpg\",\"orientation\":\"landscape\"},\"medium\":{\"height\":1024,\"width\":683,\"url\":\"https:\/\/wp.uaslp.mx\/noticias\/wp-content\/uploads\/sites\/5\/2025\/11\/54155667914_e7e24cf53a_k-683x1024.jpg\",\"orientation\":\"portrait\"},\"full\":{\"url\":\"https:\/\/wp.uaslp.mx\/noticias\/wp-content\/uploads\/sites\/5\/2025\/11\/54155667914_e7e24cf53a_k.jpg\",\"height\":2048,\"width\":1365,\"orientation\":\"portrait\"}},\"imageMeta\":{\"aperture\":\"0\",\"credit\":\"\",\"camera\":\"\",\"caption\":\"\",\"created_timestamp\":\"0\",\"copyright\":\"\",\"focal_length\":\"0\",\"iso\":\"0\",\"shutter_speed\":\"0\",\"title\":\"\",\"orientation\":\"0\",\"keywords\":[]},\"meta\":false},{\"id\":21743,\"title\":\"54155669019_27794d4302_k\",\"url\":\"https:\/\/wp.uaslp.mx\/noticias\/wp-content\/uploads\/sites\/5\/2025\/11\/54155669019_27794d4302_k.jpg\",\"link\":\"https:\/\/wp.uaslp.mx\/noticias\/arteycultura\/uaslp-celebra-la-revolucion-mexicana-con-musica-danza-y-tradicion-en-el-edificio-central\/attachment\/54155669019_27794d4302_k\/\",\"alt\":\"\",\"description\":\"\",\"caption\":\"\",\"mime\":\"image\/jpeg\",\"type\":\"image\",\"width\":2047,\"height\":1365,\"sizes\":{\"thumbnail\":{\"height\":150,\"width\":150,\"url\":\"https:\/\/wp.uaslp.mx\/noticias\/wp-content\/uploads\/sites\/5\/2025\/11\/54155669019_27794d4302_k-150x150.jpg\",\"orientation\":\"landscape\"},\"medium\":{\"height\":683,\"width\":1024,\"url\":\"https:\/\/wp.uaslp.mx\/noticias\/wp-content\/uploads\/sites\/5\/2025\/11\/54155669019_27794d4302_k-1024x683.jpg\",\"orientation\":\"landscape\"},\"full\":{\"url\":\"https:\/\/wp.uaslp.mx\/noticias\/wp-content\/uploads\/sites\/5\/2025\/11\/54155669019_27794d4302_k.jpg\",\"height\":1365,\"width\":2047,\"orientation\":\"landscape\"}},\"imageMeta\":{\"aperture\":\"0\",\"credit\":\"\",\"camera\":\"\",\"caption\":\"\",\"created_timestamp\":\"0\",\"copyright\":\"\",\"focal_length\":\"0\",\"iso\":\"0\",\"shutter_speed\":\"0\",\"title\":\"\",\"orientation\":\"0\",\"keywords\":[]},\"meta\":false},{\"id\":21742,\"title\":\"54155668194_138b086234_k\",\"url\":\"https:\/\/wp.uaslp.mx\/noticias\/wp-content\/uploads\/sites\/5\/2025\/11\/54155668194_138b086234_k.jpg\",\"link\":\"https:\/\/wp.uaslp.mx\/noticias\/arteycultura\/uaslp-celebra-la-revolucion-mexicana-con-musica-danza-y-tradicion-en-el-edificio-central\/attachment\/54155668194_138b086234_k\/\",\"alt\":\"\",\"description\":\"\",\"caption\":\"\",\"mime\":\"image\/jpeg\",\"type\":\"image\",\"width\":2047,\"height\":1365,\"sizes\":{\"thumbnail\":{\"height\":150,\"width\":150,\"url\":\"https:\/\/wp.uaslp.mx\/noticias\/wp-content\/uploads\/sites\/5\/2025\/11\/54155668194_138b086234_k-150x150.jpg\",\"orientation\":\"landscape\"},\"medium\":{\"height\":683,\"width\":1024,\"url\":\"https:\/\/wp.uaslp.mx\/noticias\/wp-content\/uploads\/sites\/5\/2025\/11\/54155668194_138b086234_k-1024x683.jpg\",\"orientation\":\"landscape\"},\"full\":{\"url\":\"https:\/\/wp.uaslp.mx\/noticias\/wp-content\/uploads\/sites\/5\/2025\/11\/54155668194_138b086234_k.jpg\",\"height\":1365,\"width\":2047,\"orientation\":\"landscape\"}},\"imageMeta\":{\"aperture\":\"0\",\"credit\":\"\",\"camera\":\"\",\"caption\":\"\",\"created_timestamp\":\"0\",\"copyright\":\"\",\"focal_length\":\"0\",\"iso\":\"0\",\"shutter_speed\":\"0\",\"title\":\"\",\"orientation\":\"0\",\"keywords\":[]},\"meta\":false}],\"itemsMetaDataCollection\":[]}<\/script><script>(function(){if(window.PGC_SGB && window.PGC_SGB.searcher){window.PGC_SGB.searcher.initBlocks()}})()<\/script><\/div>","protected":false},"excerpt":{"rendered":"<p>La Universidad Aut\u00f3noma de San Luis Potos\u00ed invita al p\u00fablico al concierto \u00a1Viva la m\u00fasica,&#8230;<\/p>\n","protected":false},"author":12,"featured_media":21744,"comment_status":"closed","ping_status":"closed","sticky":false,"template":"","format":"standard","meta":{"pgc_sgb_lightbox_settings":"","footnotes":""},"categories":[3],"tags":[],"class_list":["post-21740","post","type-post","status-publish","format-standard","has-post-thumbnail","hentry","category-arteycultura"],"featured_image_urls":{"full":["https:\/\/wp.uaslp.mx\/noticias\/wp-content\/uploads\/sites\/5\/2025\/11\/54155667819_6aa0b9cd8d_k.jpg",2048,1365,false],"thumbnail":["https:\/\/wp.uaslp.mx\/noticias\/wp-content\/uploads\/sites\/5\/2025\/11\/54155667819_6aa0b9cd8d_k-150x150.jpg",150,150,true],"medium":["https:\/\/wp.uaslp.mx\/noticias\/wp-content\/uploads\/sites\/5\/2025\/11\/54155667819_6aa0b9cd8d_k-1024x683.jpg",1024,683,true],"medium_large":["https:\/\/wp.uaslp.mx\/noticias\/wp-content\/uploads\/sites\/5\/2025\/11\/54155667819_6aa0b9cd8d_k-768x512.jpg",640,427,true],"large":["https:\/\/wp.uaslp.mx\/noticias\/wp-content\/uploads\/sites\/5\/2025\/11\/54155667819_6aa0b9cd8d_k.jpg",2048,1365,false],"1536x1536":["https:\/\/wp.uaslp.mx\/noticias\/wp-content\/uploads\/sites\/5\/2025\/11\/54155667819_6aa0b9cd8d_k-1536x1024.jpg",1536,1024,true],"2048x2048":["https:\/\/wp.uaslp.mx\/noticias\/wp-content\/uploads\/sites\/5\/2025\/11\/54155667819_6aa0b9cd8d_k.jpg",2048,1365,false],"newsever-slider-full":["https:\/\/wp.uaslp.mx\/noticias\/wp-content\/uploads\/sites\/5\/2025\/11\/54155667819_6aa0b9cd8d_k-1280x845.jpg",1280,845,true],"newsever-featured":["https:\/\/wp.uaslp.mx\/noticias\/wp-content\/uploads\/sites\/5\/2025\/11\/54155667819_6aa0b9cd8d_k-1024x683.jpg",1024,683,true],"newsever-medium":["https:\/\/wp.uaslp.mx\/noticias\/wp-content\/uploads\/sites\/5\/2025\/11\/54155667819_6aa0b9cd8d_k-720x475.jpg",720,475,true],"mailpoet_newsletter_max":["https:\/\/wp.uaslp.mx\/noticias\/wp-content\/uploads\/sites\/5\/2025\/11\/54155667819_6aa0b9cd8d_k-1320x880.jpg",1320,880,true]},"author_info":{"display_name":"Prensa y difusi\u00f3n","author_link":"https:\/\/wp.uaslp.mx\/noticias\/author\/giovannamorales\/"},"category_info":"<a href=\"https:\/\/wp.uaslp.mx\/noticias\/category\/arteycultura\/\" rel=\"category tag\">Arte y cultura<\/a>","tag_info":"Arte y cultura","comment_count":"0","_links":{"self":[{"href":"https:\/\/wp.uaslp.mx\/noticias\/wp-json\/wp\/v2\/posts\/21740","targetHints":{"allow":["GET"]}}],"collection":[{"href":"https:\/\/wp.uaslp.mx\/noticias\/wp-json\/wp\/v2\/posts"}],"about":[{"href":"https:\/\/wp.uaslp.mx\/noticias\/wp-json\/wp\/v2\/types\/post"}],"author":[{"embeddable":true,"href":"https:\/\/wp.uaslp.mx\/noticias\/wp-json\/wp\/v2\/users\/12"}],"replies":[{"embeddable":true,"href":"https:\/\/wp.uaslp.mx\/noticias\/wp-json\/wp\/v2\/comments?post=21740"}],"version-history":[{"count":2,"href":"https:\/\/wp.uaslp.mx\/noticias\/wp-json\/wp\/v2\/posts\/21740\/revisions"}],"predecessor-version":[{"id":21762,"href":"https:\/\/wp.uaslp.mx\/noticias\/wp-json\/wp\/v2\/posts\/21740\/revisions\/21762"}],"wp:featuredmedia":[{"embeddable":true,"href":"https:\/\/wp.uaslp.mx\/noticias\/wp-json\/wp\/v2\/media\/21744"}],"wp:attachment":[{"href":"https:\/\/wp.uaslp.mx\/noticias\/wp-json\/wp\/v2\/media?parent=21740"}],"wp:term":[{"taxonomy":"category","embeddable":true,"href":"https:\/\/wp.uaslp.mx\/noticias\/wp-json\/wp\/v2\/categories?post=21740"},{"taxonomy":"post_tag","embeddable":true,"href":"https:\/\/wp.uaslp.mx\/noticias\/wp-json\/wp\/v2\/tags?post=21740"}],"curies":[{"name":"wp","href":"https:\/\/api.w.org\/{rel}","templated":true}]}}