{"id":21450,"date":"2025-10-19T10:26:43","date_gmt":"2025-10-19T16:26:43","guid":{"rendered":"https:\/\/wp.uaslp.mx\/noticias\/?p=21450"},"modified":"2025-10-20T10:31:09","modified_gmt":"2025-10-20T16:31:09","slug":"ultimos-dias-para-visitar-la-exposicion-fotografica-somos-en-el-edificio-central-de-la-uaslp","status":"publish","type":"post","link":"https:\/\/wp.uaslp.mx\/noticias\/arteycultura\/ultimos-dias-para-visitar-la-exposicion-fotografica-somos-en-el-edificio-central-de-la-uaslp\/","title":{"rendered":"\u00daltimos d\u00edas para visitar la exposici\u00f3n fotogr\u00e1fica \u201cSomos\u201d en el Edificio Central de la UASLP"},"content":{"rendered":"\n<p>La exposici\u00f3n fotogr\u00e1fica \u201cSomos\u201d, del fot\u00f3grafo Alejandro Espericueta Bravo, se encuentra en sus \u00faltimos d\u00edas de exhibici\u00f3n en el patio principal del Edificio Central de la Universidad Aut\u00f3noma de San Luis Potos\u00ed (UASLP), donde permanecer\u00e1 abierta al p\u00fablico hasta el viernes 24 de octubre.<\/p>\n\n\n\n<p>La muestra, integrada por 55 obras en blanco y negro, constituye un homenaje visual a la identidad institucional. En cada pieza, Espericueta Bravo \u2014adscrito a la <a href=\"https:\/\/www.uaslp.mx\/ComunicacionImagen#gsc.tab=0\">Direcci\u00f3n de Comunicaci\u00f3n e Imagen de la UASLP<\/a>\u2014 logra capturar la esencia arquitect\u00f3nica, el patrimonio hist\u00f3rico y la vida universitaria, a trav\u00e9s de un lenguaje visual que combina precisi\u00f3n t\u00e9cnica, sensibilidad est\u00e9tica y un profundo sentido de pertenencia.<\/p>\n\n\n\n<p>Entre las im\u00e1genes que conforman la exposici\u00f3n se encuentran fotograf\u00edas que obtuvieron premio de la Sociedad Mexicana de Fot\u00f3grafos Profesionales (SMFP), distinci\u00f3n que reconoce su calidad t\u00e9cnica, armon\u00eda visual e impacto art\u00edstico.<\/p>\n\n\n\n<p>Una vez concluida la exhibici\u00f3n, se realizar\u00e1 la venta al p\u00fablico de las im\u00e1genes, abierta al p\u00fablico en general y ,de manera especial, a la comunidad universitaria que se identifica con las entidades acad\u00e9micas, de investigaci\u00f3n y administrativas de la instituci\u00f3n.<\/p>\n\n\n\n<p>Actualmente, se prepara un cat\u00e1logo digital con las caracter\u00edsticas de las obras disponibles, que presentan formatos de 60&#215;40 cm, 90&#215;60 cm y 150&#215;90 cm, en marco de madera tono chocolate. La t\u00e9cnica utilizada es impresi\u00f3n digital sobre papel fotogr\u00e1fico con laminado mate, montado sobre pol\u00edmero de 6 mm, lo que garantiza su durabilidad y alta calidad visual.<\/p>\n\n\n\n<p>Asimismo, contin\u00faan a la venta los souvenirs alusivos a la exposici\u00f3n \u201cSomos\u201d en la tienda Uniman\u00eda, ubicada en el interior del Edificio Central, \u00c1lvaro Obreg\u00f3n 64, Zona Centro, de lunes a jueves de 9:00 a 17:00 horas y viernes de 9:00 a 15:00 horas.<\/p>\n\n\n\n<p>Alejandro Espericueta Bravo es licenciado en Dise\u00f1o Gr\u00e1fico por la UASLP y cuenta con formaci\u00f3n en la Escuela de Fotograf\u00eda y Publicidad George Eastman en la Ciudad de M\u00e9xico, as\u00ed como en la Professional Photographers of America. Su trayectoria incluye trabajo en medios editoriales, proyectos curatoriales y publicaciones, entre las que destacan los libros \u201cEdificio Central de la UASLP. Un proyecto de historia gr\u00e1fica\u201d y \u201cReal de Catorce, Luz sobre el Desierto\u201d.<\/p>\n\n\n\n<p>Actualmente, es miembro de la Sociedad Mexicana de Fot\u00f3grafos Profesionales y de la Asociaci\u00f3n Potosina de Fot\u00f3grafos Profesionales, adem\u00e1s de estar a cargo del Archivo Fotogr\u00e1fico y del \u00e1rea de Fotograf\u00eda de la Direcci\u00f3n de Comunicaci\u00f3n e Imagen de la UASLP.<\/p>\n\n\n<div class=\"pgc-sgb-cb wp-block-pgcsimplygalleryblock-masonry \" data-gallery-id=\"0ce86333\"><div class=\"sgb-preloader\" id=\"pr_0ce86333\">\n\t<div class=\"sgb-square\" style=\"background:#d4d4d4\"><\/div>\n\t<div class=\"sgb-square\" style=\"background:#d4d4d4\"><\/div>\n\t<div class=\"sgb-square\" style=\"background:#d4d4d4\"><\/div>\n\t<div class=\"sgb-square\" style=\"background:#d4d4d4\"><\/div><\/div><div class=\"simply-gallery-amp pgc_sgb_slider \"><noscript><div class=\"sgb-gallery\"><div class=\"sgb-item\"><a href=\"https:\/\/wp.uaslp.mx\/noticias\/wp-content\/uploads\/sites\/5\/2025\/10\/WhatsApp-Image-2025-10-19-at-1.35.32-PM.jpeg\"><img decoding=\"async\" alt=\"\" width=\"1024\" height=\"657\" loading=\"lazy\" src=\"https:\/\/wp.uaslp.mx\/noticias\/wp-content\/uploads\/sites\/5\/2025\/10\/WhatsApp-Image-2025-10-19-at-1.35.32-PM-1024x657.jpeg\" srcset=\"https:\/\/wp.uaslp.mx\/noticias\/wp-content\/uploads\/sites\/5\/2025\/10\/WhatsApp-Image-2025-10-19-at-1.35.32-PM-1024x657.jpeg 1024w,https:\/\/wp.uaslp.mx\/noticias\/wp-content\/uploads\/sites\/5\/2025\/10\/WhatsApp-Image-2025-10-19-at-1.35.32-PM.jpeg 1600w\" sizes=\"auto, 250px\"\/><\/a><\/div><div class=\"sgb-item\"><a href=\"https:\/\/wp.uaslp.mx\/noticias\/wp-content\/uploads\/sites\/5\/2025\/10\/WhatsApp-Image-2025-10-19-at-1.35.31-PM-1.jpeg\"><img decoding=\"async\" alt=\"\" width=\"768\" height=\"1024\" loading=\"lazy\" src=\"https:\/\/wp.uaslp.mx\/noticias\/wp-content\/uploads\/sites\/5\/2025\/10\/WhatsApp-Image-2025-10-19-at-1.35.31-PM-1-768x1024.jpeg\" srcset=\"https:\/\/wp.uaslp.mx\/noticias\/wp-content\/uploads\/sites\/5\/2025\/10\/WhatsApp-Image-2025-10-19-at-1.35.31-PM-1-768x1024.jpeg 768w,https:\/\/wp.uaslp.mx\/noticias\/wp-content\/uploads\/sites\/5\/2025\/10\/WhatsApp-Image-2025-10-19-at-1.35.31-PM-1.jpeg 960w\" sizes=\"auto, 250px\"\/><\/a><\/div><div class=\"sgb-item\"><a href=\"https:\/\/wp.uaslp.mx\/noticias\/wp-content\/uploads\/sites\/5\/2025\/10\/WhatsApp-Image-2025-10-19-at-1.35.31-PM-2.jpeg\"><img decoding=\"async\" alt=\"\" width=\"768\" height=\"1024\" loading=\"lazy\" src=\"https:\/\/wp.uaslp.mx\/noticias\/wp-content\/uploads\/sites\/5\/2025\/10\/WhatsApp-Image-2025-10-19-at-1.35.31-PM-2-768x1024.jpeg\" srcset=\"https:\/\/wp.uaslp.mx\/noticias\/wp-content\/uploads\/sites\/5\/2025\/10\/WhatsApp-Image-2025-10-19-at-1.35.31-PM-2-768x1024.jpeg 768w,https:\/\/wp.uaslp.mx\/noticias\/wp-content\/uploads\/sites\/5\/2025\/10\/WhatsApp-Image-2025-10-19-at-1.35.31-PM-2.jpeg 960w\" sizes=\"auto, 250px\"\/><\/a><\/div><\/div><\/noscript><\/div><script type=\"application\/json\" class=\"sgb-data\">{\"galleryType\":\"pgc_sgb_masonry\",\"galleryId\":\"0ce86333\",\"images\":[{\"id\":21454,\"title\":\"WhatsApp Image 2025-10-19 at 1.35.32 PM\",\"url\":\"https:\/\/wp.uaslp.mx\/noticias\/wp-content\/uploads\/sites\/5\/2025\/10\/WhatsApp-Image-2025-10-19-at-1.35.32-PM.jpeg\",\"link\":\"https:\/\/wp.uaslp.mx\/noticias\/arteycultura\/ultimos-dias-para-visitar-la-exposicion-fotografica-somos-en-el-edificio-central-de-la-uaslp\/attachment\/whatsapp-image-2025-10-19-at-1-35-32-pm\/\",\"alt\":\"\",\"description\":\"\",\"caption\":\"\",\"mime\":\"image\/jpeg\",\"type\":\"image\",\"width\":1600,\"height\":1027,\"sizes\":{\"thumbnail\":{\"height\":150,\"width\":150,\"url\":\"https:\/\/wp.uaslp.mx\/noticias\/wp-content\/uploads\/sites\/5\/2025\/10\/WhatsApp-Image-2025-10-19-at-1.35.32-PM-150x150.jpeg\",\"orientation\":\"landscape\"},\"medium\":{\"height\":657,\"width\":1024,\"url\":\"https:\/\/wp.uaslp.mx\/noticias\/wp-content\/uploads\/sites\/5\/2025\/10\/WhatsApp-Image-2025-10-19-at-1.35.32-PM-1024x657.jpeg\",\"orientation\":\"landscape\"},\"full\":{\"url\":\"https:\/\/wp.uaslp.mx\/noticias\/wp-content\/uploads\/sites\/5\/2025\/10\/WhatsApp-Image-2025-10-19-at-1.35.32-PM.jpeg\",\"height\":1027,\"width\":1600,\"orientation\":\"landscape\"}},\"imageMeta\":{\"aperture\":\"0\",\"credit\":\"\",\"camera\":\"\",\"caption\":\"\",\"created_timestamp\":\"0\",\"copyright\":\"\",\"focal_length\":\"0\",\"iso\":\"0\",\"shutter_speed\":\"0\",\"title\":\"\",\"orientation\":\"0\",\"keywords\":[]},\"meta\":false},{\"id\":21453,\"title\":\"WhatsApp Image 2025-10-19 at 1.35.31 PM (1)\",\"url\":\"https:\/\/wp.uaslp.mx\/noticias\/wp-content\/uploads\/sites\/5\/2025\/10\/WhatsApp-Image-2025-10-19-at-1.35.31-PM-1.jpeg\",\"link\":\"https:\/\/wp.uaslp.mx\/noticias\/arteycultura\/ultimos-dias-para-visitar-la-exposicion-fotografica-somos-en-el-edificio-central-de-la-uaslp\/attachment\/whatsapp-image-2025-10-19-at-1-35-31-pm-1\/\",\"alt\":\"\",\"description\":\"\",\"caption\":\"\",\"mime\":\"image\/jpeg\",\"type\":\"image\",\"width\":960,\"height\":1280,\"sizes\":{\"thumbnail\":{\"height\":150,\"width\":150,\"url\":\"https:\/\/wp.uaslp.mx\/noticias\/wp-content\/uploads\/sites\/5\/2025\/10\/WhatsApp-Image-2025-10-19-at-1.35.31-PM-1-150x150.jpeg\",\"orientation\":\"landscape\"},\"medium\":{\"height\":1024,\"width\":768,\"url\":\"https:\/\/wp.uaslp.mx\/noticias\/wp-content\/uploads\/sites\/5\/2025\/10\/WhatsApp-Image-2025-10-19-at-1.35.31-PM-1-768x1024.jpeg\",\"orientation\":\"portrait\"},\"full\":{\"url\":\"https:\/\/wp.uaslp.mx\/noticias\/wp-content\/uploads\/sites\/5\/2025\/10\/WhatsApp-Image-2025-10-19-at-1.35.31-PM-1.jpeg\",\"height\":1280,\"width\":960,\"orientation\":\"portrait\"}},\"imageMeta\":{\"aperture\":\"0\",\"credit\":\"\",\"camera\":\"\",\"caption\":\"\",\"created_timestamp\":\"0\",\"copyright\":\"\",\"focal_length\":\"0\",\"iso\":\"0\",\"shutter_speed\":\"0\",\"title\":\"\",\"orientation\":\"0\",\"keywords\":[]},\"meta\":false},{\"id\":21451,\"title\":\"WhatsApp Image 2025-10-19 at 1.35.31 PM (2)\",\"url\":\"https:\/\/wp.uaslp.mx\/noticias\/wp-content\/uploads\/sites\/5\/2025\/10\/WhatsApp-Image-2025-10-19-at-1.35.31-PM-2.jpeg\",\"link\":\"https:\/\/wp.uaslp.mx\/noticias\/arteycultura\/ultimos-dias-para-visitar-la-exposicion-fotografica-somos-en-el-edificio-central-de-la-uaslp\/attachment\/whatsapp-image-2025-10-19-at-1-35-31-pm-2\/\",\"alt\":\"\",\"description\":\"\",\"caption\":\"\",\"mime\":\"image\/jpeg\",\"type\":\"image\",\"width\":960,\"height\":1280,\"sizes\":{\"thumbnail\":{\"height\":150,\"width\":150,\"url\":\"https:\/\/wp.uaslp.mx\/noticias\/wp-content\/uploads\/sites\/5\/2025\/10\/WhatsApp-Image-2025-10-19-at-1.35.31-PM-2-150x150.jpeg\",\"orientation\":\"landscape\"},\"medium\":{\"height\":1024,\"width\":768,\"url\":\"https:\/\/wp.uaslp.mx\/noticias\/wp-content\/uploads\/sites\/5\/2025\/10\/WhatsApp-Image-2025-10-19-at-1.35.31-PM-2-768x1024.jpeg\",\"orientation\":\"portrait\"},\"full\":{\"url\":\"https:\/\/wp.uaslp.mx\/noticias\/wp-content\/uploads\/sites\/5\/2025\/10\/WhatsApp-Image-2025-10-19-at-1.35.31-PM-2.jpeg\",\"height\":1280,\"width\":960,\"orientation\":\"portrait\"}},\"imageMeta\":{\"aperture\":\"0\",\"credit\":\"\",\"camera\":\"\",\"caption\":\"\",\"created_timestamp\":\"0\",\"copyright\":\"\",\"focal_length\":\"0\",\"iso\":\"0\",\"shutter_speed\":\"0\",\"title\":\"\",\"orientation\":\"0\",\"keywords\":[]},\"meta\":false}],\"itemsMetaDataCollection\":[]}<\/script><script>(function(){if(window.PGC_SGB && window.PGC_SGB.searcher){window.PGC_SGB.searcher.initBlocks()}})()<\/script><\/div>","protected":false},"excerpt":{"rendered":"<p>La exposici\u00f3n fotogr\u00e1fica \u201cSomos\u201d, del fot\u00f3grafo Alejandro Espericueta Bravo, se encuentra en sus \u00faltimos d\u00edas&#8230;<\/p>\n","protected":false},"author":12,"featured_media":21452,"comment_status":"closed","ping_status":"closed","sticky":false,"template":"","format":"standard","meta":{"pgc_sgb_lightbox_settings":"","footnotes":""},"categories":[3],"tags":[],"class_list":["post-21450","post","type-post","status-publish","format-standard","has-post-thumbnail","hentry","category-arteycultura"],"featured_image_urls":{"full":["https:\/\/wp.uaslp.mx\/noticias\/wp-content\/uploads\/sites\/5\/2025\/10\/WhatsApp-Image-2025-10-19-at-1.35.31-PM.jpeg",1280,960,false],"thumbnail":["https:\/\/wp.uaslp.mx\/noticias\/wp-content\/uploads\/sites\/5\/2025\/10\/WhatsApp-Image-2025-10-19-at-1.35.31-PM-150x150.jpeg",150,150,true],"medium":["https:\/\/wp.uaslp.mx\/noticias\/wp-content\/uploads\/sites\/5\/2025\/10\/WhatsApp-Image-2025-10-19-at-1.35.31-PM-1024x768.jpeg",1024,768,true],"medium_large":["https:\/\/wp.uaslp.mx\/noticias\/wp-content\/uploads\/sites\/5\/2025\/10\/WhatsApp-Image-2025-10-19-at-1.35.31-PM-768x576.jpeg",640,480,true],"large":["https:\/\/wp.uaslp.mx\/noticias\/wp-content\/uploads\/sites\/5\/2025\/10\/WhatsApp-Image-2025-10-19-at-1.35.31-PM.jpeg",1280,960,false],"1536x1536":["https:\/\/wp.uaslp.mx\/noticias\/wp-content\/uploads\/sites\/5\/2025\/10\/WhatsApp-Image-2025-10-19-at-1.35.31-PM.jpeg",1280,960,false],"2048x2048":["https:\/\/wp.uaslp.mx\/noticias\/wp-content\/uploads\/sites\/5\/2025\/10\/WhatsApp-Image-2025-10-19-at-1.35.31-PM.jpeg",1280,960,false],"newsever-slider-full":["https:\/\/wp.uaslp.mx\/noticias\/wp-content\/uploads\/sites\/5\/2025\/10\/WhatsApp-Image-2025-10-19-at-1.35.31-PM-1280x845.jpeg",1280,845,true],"newsever-featured":["https:\/\/wp.uaslp.mx\/noticias\/wp-content\/uploads\/sites\/5\/2025\/10\/WhatsApp-Image-2025-10-19-at-1.35.31-PM-1024x768.jpeg",1024,768,true],"newsever-medium":["https:\/\/wp.uaslp.mx\/noticias\/wp-content\/uploads\/sites\/5\/2025\/10\/WhatsApp-Image-2025-10-19-at-1.35.31-PM-720x475.jpeg",720,475,true],"mailpoet_newsletter_max":["https:\/\/wp.uaslp.mx\/noticias\/wp-content\/uploads\/sites\/5\/2025\/10\/WhatsApp-Image-2025-10-19-at-1.35.31-PM.jpeg",1280,960,false]},"author_info":{"display_name":"Prensa y difusi\u00f3n","author_link":"https:\/\/wp.uaslp.mx\/noticias\/author\/giovannamorales\/"},"category_info":"<a href=\"https:\/\/wp.uaslp.mx\/noticias\/category\/arteycultura\/\" rel=\"category tag\">Arte y cultura<\/a>","tag_info":"Arte y cultura","comment_count":"0","_links":{"self":[{"href":"https:\/\/wp.uaslp.mx\/noticias\/wp-json\/wp\/v2\/posts\/21450","targetHints":{"allow":["GET"]}}],"collection":[{"href":"https:\/\/wp.uaslp.mx\/noticias\/wp-json\/wp\/v2\/posts"}],"about":[{"href":"https:\/\/wp.uaslp.mx\/noticias\/wp-json\/wp\/v2\/types\/post"}],"author":[{"embeddable":true,"href":"https:\/\/wp.uaslp.mx\/noticias\/wp-json\/wp\/v2\/users\/12"}],"replies":[{"embeddable":true,"href":"https:\/\/wp.uaslp.mx\/noticias\/wp-json\/wp\/v2\/comments?post=21450"}],"version-history":[{"count":4,"href":"https:\/\/wp.uaslp.mx\/noticias\/wp-json\/wp\/v2\/posts\/21450\/revisions"}],"predecessor-version":[{"id":21458,"href":"https:\/\/wp.uaslp.mx\/noticias\/wp-json\/wp\/v2\/posts\/21450\/revisions\/21458"}],"wp:featuredmedia":[{"embeddable":true,"href":"https:\/\/wp.uaslp.mx\/noticias\/wp-json\/wp\/v2\/media\/21452"}],"wp:attachment":[{"href":"https:\/\/wp.uaslp.mx\/noticias\/wp-json\/wp\/v2\/media?parent=21450"}],"wp:term":[{"taxonomy":"category","embeddable":true,"href":"https:\/\/wp.uaslp.mx\/noticias\/wp-json\/wp\/v2\/categories?post=21450"},{"taxonomy":"post_tag","embeddable":true,"href":"https:\/\/wp.uaslp.mx\/noticias\/wp-json\/wp\/v2\/tags?post=21450"}],"curies":[{"name":"wp","href":"https:\/\/api.w.org\/{rel}","templated":true}]}}