{"id":21421,"date":"2025-10-17T13:07:19","date_gmt":"2025-10-17T19:07:19","guid":{"rendered":"https:\/\/wp.uaslp.mx\/noticias\/?p=21421"},"modified":"2025-10-17T14:10:59","modified_gmt":"2025-10-17T20:10:59","slug":"lector-del-daad-impulsa-cooperacion-academica-y-cultural-entre-alemania-y-la-uaslp","status":"publish","type":"post","link":"https:\/\/wp.uaslp.mx\/noticias\/academica\/lector-del-daad-impulsa-cooperacion-academica-y-cultural-entre-alemania-y-la-uaslp\/","title":{"rendered":"Lector del DAAD impulsa cooperaci\u00f3n acad\u00e9mica y cultural entre Alemania y la UASLP"},"content":{"rendered":"\n<p>Directores, funcionarios y coordinadores de diversas \u00e1reas de las Facultades de la UASLP, as\u00ed como estudiantes de licenciatura y posgrado, asistieron a la primera charla impartida por el Mtro. Nils Schulz, Lector del Servicio Alem\u00e1n de Intercambio Acad\u00e9mico (DAAD), quien abord\u00f3 la historia de personajes extranjeros que llegaron a M\u00e9xico y dejaron una huella significativa en el pa\u00eds.<\/p>\n\n\n\n<p>El docente alem\u00e1n comparti\u00f3 casos de mujeres y hombres acogidos en M\u00e9xico que migraron debido a los conflictos en sus lugares de origen. Mencion\u00f3, entre ellos, a la escultora Leonora Carrington, de quien relat\u00f3 aspectos de su vida, y a Maximiliano de Habsburgo, a quien calific\u00f3 como un personaje incomprendido que leg\u00f3 obras y monumentos emblem\u00e1ticos a la Ciudad de M\u00e9xico, como el Paseo de la Reforma y el Castillo de Chapultepec.<\/p>\n\n\n\n<p>Asimismo, habl\u00f3 sobre el escritor alem\u00e1n B. Traven, figura pol\u00e9mica autora de las novelas &#8220;El barco de la muerte&#8221;, &#8220;El tesoro de Sierra Madre&#8221; y &#8220;Puente en la selva&#8221;.<\/p>\n\n\n\n<p>Durante esta primera charla, el Mtro. Schulz agradeci\u00f3 la presencia de la comunidad universitaria y explic\u00f3 que su labor en la UASLP se desarrollar\u00e1 durante dos a\u00f1os, periodo en el que promover\u00e1 oportunidades para que estudiantes y acad\u00e9micos realicen estudios en Alemania mediante las becas del DAAD.<\/p>\n\n\n\n<p>El invitado respondi\u00f3 numerosas preguntas sobre los procesos para acceder a dichos apoyos e invit\u00f3 a la comunidad universitaria a visitar el sitio web https:\/\/www.daad.mx\/es\/, donde se detallan los programas de intercambio acad\u00e9mico que ofrece el Gobierno de Alemania.<\/p>\n\n\n\n<p>En representaci\u00f3n del rector, Dr. Alejandro Zerme\u00f1o Guerra, asisti\u00f3 el secretario acad\u00e9mico, Mtro. Jorge Alberto P\u00e9rez Gonz\u00e1lez. Lo acompa\u00f1aron la directora de Internacionalizaci\u00f3n, Lic. Mariela Ch\u00e1vez Ram\u00edrez; la directora de la Agenda Ambiental, Dra. Isabel L\u00e1zaro B\u00e1ez; la titular del Departamento Universitario de Ingl\u00e9s, Mtra. Mar\u00eda Luisa Portales P\u00e9rez; el director de la Facultad de Ingenier\u00eda, Dr. Emilio Jorge Gonz\u00e1lez Galv\u00e1n; el director de la Facultad de Agronom\u00eda y Veterinaria, Dr. Heriberto M\u00e9ndez Cort\u00e9s, y la directora de la Facultad de Ciencias de la Comunicaci\u00f3n, Mtra. Adriana del Socorro Ochoa.<\/p>\n\n\n\n<p>Finalmente, el Lector del DAAD invit\u00f3 a las facultades y campus de la UASLP a promover entre sus comunidades el aprendizaje del idioma alem\u00e1n mediante los cursos gratuitos que actualmente imparte en la Facultad de Ingenier\u00eda y que, durante su estancia, se ofrecer\u00e1n en otras sedes universitarias.<\/p>\n\n\n\n<p class=\"has-text-align-right\"><em>Guadalupe Guevara<\/em><\/p>\n\n\n<div class=\"pgc-sgb-cb wp-block-pgcsimplygalleryblock-masonry \" data-gallery-id=\"0c015793\"><div class=\"sgb-preloader\" id=\"pr_0c015793\">\n\t<div class=\"sgb-square\" style=\"background:#d4d4d4\"><\/div>\n\t<div class=\"sgb-square\" style=\"background:#d4d4d4\"><\/div>\n\t<div class=\"sgb-square\" style=\"background:#d4d4d4\"><\/div>\n\t<div class=\"sgb-square\" style=\"background:#d4d4d4\"><\/div><\/div><div class=\"simply-gallery-amp pgc_sgb_slider \"><noscript><div class=\"sgb-gallery\"><div class=\"sgb-item\"><a href=\"https:\/\/wp.uaslp.mx\/noticias\/academica\/lector-del-daad-impulsa-cooperacion-academica-y-cultural-entre-alemania-y-la-uaslp\/attachment\/whatsapp-image-2025-10-17-at-12-08-26-pm\/\" target=\"_blank\"><img decoding=\"async\" alt=\"\" width=\"768\" height=\"1024\" loading=\"lazy\" src=\"https:\/\/wp.uaslp.mx\/noticias\/wp-content\/uploads\/sites\/5\/2025\/10\/WhatsApp-Image-2025-10-17-at-12.08.26-PM-768x1024.jpeg\" srcset=\"https:\/\/wp.uaslp.mx\/noticias\/wp-content\/uploads\/sites\/5\/2025\/10\/WhatsApp-Image-2025-10-17-at-12.08.26-PM-768x1024.jpeg 768w,https:\/\/wp.uaslp.mx\/noticias\/wp-content\/uploads\/sites\/5\/2025\/10\/WhatsApp-Image-2025-10-17-at-12.08.26-PM.jpeg 1200w\" sizes=\"auto, 250px\"\/><\/a><\/div><\/div><\/noscript><\/div><script type=\"application\/json\" class=\"sgb-data\">{\"galleryType\":\"pgc_sgb_masonry\",\"galleryId\":\"0c015793\",\"images\":[{\"id\":21422,\"title\":\"WhatsApp Image 2025-10-17 at 12.08.26 PM\",\"url\":\"https:\/\/wp.uaslp.mx\/noticias\/wp-content\/uploads\/sites\/5\/2025\/10\/WhatsApp-Image-2025-10-17-at-12.08.26-PM.jpeg\",\"link\":\"https:\/\/wp.uaslp.mx\/noticias\/academica\/lector-del-daad-impulsa-cooperacion-academica-y-cultural-entre-alemania-y-la-uaslp\/attachment\/whatsapp-image-2025-10-17-at-12-08-26-pm\/\",\"alt\":\"\",\"description\":\"\",\"caption\":\"\",\"mime\":\"image\/jpeg\",\"type\":\"image\",\"width\":1200,\"height\":1600,\"sizes\":{\"thumbnail\":{\"height\":150,\"width\":150,\"url\":\"https:\/\/wp.uaslp.mx\/noticias\/wp-content\/uploads\/sites\/5\/2025\/10\/WhatsApp-Image-2025-10-17-at-12.08.26-PM-150x150.jpeg\",\"orientation\":\"landscape\"},\"medium\":{\"height\":1024,\"width\":768,\"url\":\"https:\/\/wp.uaslp.mx\/noticias\/wp-content\/uploads\/sites\/5\/2025\/10\/WhatsApp-Image-2025-10-17-at-12.08.26-PM-768x1024.jpeg\",\"orientation\":\"portrait\"},\"full\":{\"url\":\"https:\/\/wp.uaslp.mx\/noticias\/wp-content\/uploads\/sites\/5\/2025\/10\/WhatsApp-Image-2025-10-17-at-12.08.26-PM.jpeg\",\"height\":1600,\"width\":1200,\"orientation\":\"portrait\"}},\"imageMeta\":{\"aperture\":\"0\",\"credit\":\"\",\"camera\":\"\",\"caption\":\"\",\"created_timestamp\":\"0\",\"copyright\":\"\",\"focal_length\":\"0\",\"iso\":\"0\",\"shutter_speed\":\"0\",\"title\":\"\",\"orientation\":\"0\",\"keywords\":[]},\"meta\":false,\"postlink\":\"https:\/\/wp.uaslp.mx\/noticias\/academica\/lector-del-daad-impulsa-cooperacion-academica-y-cultural-entre-alemania-y-la-uaslp\/attachment\/whatsapp-image-2025-10-17-at-12-08-26-pm\/\"}],\"itemsMetaDataCollection\":[]}<\/script><script>(function(){if(window.PGC_SGB && window.PGC_SGB.searcher){window.PGC_SGB.searcher.initBlocks()}})()<\/script><\/div>\n\n\n<p><\/p>\n","protected":false},"excerpt":{"rendered":"<p>Directores, funcionarios y coordinadores de diversas \u00e1reas de las Facultades de la UASLP, as\u00ed como&#8230;<\/p>\n","protected":false},"author":12,"featured_media":21424,"comment_status":"closed","ping_status":"closed","sticky":false,"template":"","format":"standard","meta":{"pgc_sgb_lightbox_settings":"","footnotes":""},"categories":[2],"tags":[2019,3179],"class_list":["post-21421","post","type-post","status-publish","format-standard","has-post-thumbnail","hentry","category-academica","tag-colaboracioninternacional","tag-daadenlauaslp"],"featured_image_urls":{"full":["https:\/\/wp.uaslp.mx\/noticias\/wp-content\/uploads\/sites\/5\/2025\/10\/WhatsApp-Image-2025-10-17-at-12.08.26-PM-2.jpeg",1600,1200,false],"thumbnail":["https:\/\/wp.uaslp.mx\/noticias\/wp-content\/uploads\/sites\/5\/2025\/10\/WhatsApp-Image-2025-10-17-at-12.08.26-PM-2-150x150.jpeg",150,150,true],"medium":["https:\/\/wp.uaslp.mx\/noticias\/wp-content\/uploads\/sites\/5\/2025\/10\/WhatsApp-Image-2025-10-17-at-12.08.26-PM-2-1024x768.jpeg",1024,768,true],"medium_large":["https:\/\/wp.uaslp.mx\/noticias\/wp-content\/uploads\/sites\/5\/2025\/10\/WhatsApp-Image-2025-10-17-at-12.08.26-PM-2-768x576.jpeg",640,480,true],"large":["https:\/\/wp.uaslp.mx\/noticias\/wp-content\/uploads\/sites\/5\/2025\/10\/WhatsApp-Image-2025-10-17-at-12.08.26-PM-2.jpeg",1600,1200,false],"1536x1536":["https:\/\/wp.uaslp.mx\/noticias\/wp-content\/uploads\/sites\/5\/2025\/10\/WhatsApp-Image-2025-10-17-at-12.08.26-PM-2-1536x1152.jpeg",1536,1152,true],"2048x2048":["https:\/\/wp.uaslp.mx\/noticias\/wp-content\/uploads\/sites\/5\/2025\/10\/WhatsApp-Image-2025-10-17-at-12.08.26-PM-2.jpeg",1600,1200,false],"newsever-slider-full":["https:\/\/wp.uaslp.mx\/noticias\/wp-content\/uploads\/sites\/5\/2025\/10\/WhatsApp-Image-2025-10-17-at-12.08.26-PM-2-1280x845.jpeg",1280,845,true],"newsever-featured":["https:\/\/wp.uaslp.mx\/noticias\/wp-content\/uploads\/sites\/5\/2025\/10\/WhatsApp-Image-2025-10-17-at-12.08.26-PM-2-1024x768.jpeg",1024,768,true],"newsever-medium":["https:\/\/wp.uaslp.mx\/noticias\/wp-content\/uploads\/sites\/5\/2025\/10\/WhatsApp-Image-2025-10-17-at-12.08.26-PM-2-720x475.jpeg",720,475,true],"mailpoet_newsletter_max":["https:\/\/wp.uaslp.mx\/noticias\/wp-content\/uploads\/sites\/5\/2025\/10\/WhatsApp-Image-2025-10-17-at-12.08.26-PM-2-1320x990.jpeg",1320,990,true]},"author_info":{"display_name":"Prensa y difusi\u00f3n","author_link":"https:\/\/wp.uaslp.mx\/noticias\/author\/giovannamorales\/"},"category_info":"<a href=\"https:\/\/wp.uaslp.mx\/noticias\/category\/academica\/\" rel=\"category tag\">Acad\u00e9mica<\/a>","tag_info":"Acad\u00e9mica","comment_count":"0","_links":{"self":[{"href":"https:\/\/wp.uaslp.mx\/noticias\/wp-json\/wp\/v2\/posts\/21421","targetHints":{"allow":["GET"]}}],"collection":[{"href":"https:\/\/wp.uaslp.mx\/noticias\/wp-json\/wp\/v2\/posts"}],"about":[{"href":"https:\/\/wp.uaslp.mx\/noticias\/wp-json\/wp\/v2\/types\/post"}],"author":[{"embeddable":true,"href":"https:\/\/wp.uaslp.mx\/noticias\/wp-json\/wp\/v2\/users\/12"}],"replies":[{"embeddable":true,"href":"https:\/\/wp.uaslp.mx\/noticias\/wp-json\/wp\/v2\/comments?post=21421"}],"version-history":[{"count":4,"href":"https:\/\/wp.uaslp.mx\/noticias\/wp-json\/wp\/v2\/posts\/21421\/revisions"}],"predecessor-version":[{"id":21436,"href":"https:\/\/wp.uaslp.mx\/noticias\/wp-json\/wp\/v2\/posts\/21421\/revisions\/21436"}],"wp:featuredmedia":[{"embeddable":true,"href":"https:\/\/wp.uaslp.mx\/noticias\/wp-json\/wp\/v2\/media\/21424"}],"wp:attachment":[{"href":"https:\/\/wp.uaslp.mx\/noticias\/wp-json\/wp\/v2\/media?parent=21421"}],"wp:term":[{"taxonomy":"category","embeddable":true,"href":"https:\/\/wp.uaslp.mx\/noticias\/wp-json\/wp\/v2\/categories?post=21421"},{"taxonomy":"post_tag","embeddable":true,"href":"https:\/\/wp.uaslp.mx\/noticias\/wp-json\/wp\/v2\/tags?post=21421"}],"curies":[{"name":"wp","href":"https:\/\/api.w.org\/{rel}","templated":true}]}}