{"id":21356,"date":"2025-10-14T13:03:20","date_gmt":"2025-10-14T19:03:20","guid":{"rendered":"https:\/\/wp.uaslp.mx\/noticias\/?p=21356"},"modified":"2025-10-14T13:03:21","modified_gmt":"2025-10-14T19:03:21","slug":"facultad-de-psicologia-desarrolla-proyecto-nacional-sobre-igualdad-de-genero-en-la-ensenanza-de-las-ciencias","status":"publish","type":"post","link":"https:\/\/wp.uaslp.mx\/noticias\/investigacion\/facultad-de-psicologia-desarrolla-proyecto-nacional-sobre-igualdad-de-genero-en-la-ensenanza-de-las-ciencias\/","title":{"rendered":"Facultad de Psicolog\u00eda desarrolla proyecto nacional sobre igualdad de g\u00e9nero en la ense\u00f1anza de las ciencias"},"content":{"rendered":"\n<p>A la <a href=\"https:\/\/www.psicologia.uaslp.mx\/#gsc.tab=0\">Facultad de Psicolog\u00eda de la Universidad Aut\u00f3noma de San Luis Potos\u00ed <\/a>(UASLP) le fue aprobado un proyecto en la Convocatoria de Proyectos de Investigaci\u00f3n Cient\u00edfica y Human\u00edstica 2025, emitida por la Secretar\u00eda de Ciencia, Humanidades, Tecnolog\u00eda e Investigaci\u00f3n (Secihti) del gobierno federal. La entidad acad\u00e9mica, a trav\u00e9s de su Unidad para la Igualdad de G\u00e9nero y Derechos Humanos, ser\u00e1 la responsable de llevarlo a cabo bajo la coordinaci\u00f3n de la doctora Mar\u00eda Magdalena Monserrat Contreras Turrubiartes.<\/p>\n\n\n\n<p>El proyecto se titula \u201cYachay Warmi: Mujeres y ciencias por un futuro igualitario\u201d, y tiene como objetivo trabajar en la ense\u00f1anza de las ciencias con perspectiva de g\u00e9nero. Seg\u00fan explic\u00f3 la investigadora, la iniciativa se desarrollar\u00e1 en tres fases a lo largo de tres a\u00f1os, iniciando con un diagn\u00f3stico sobre la percepci\u00f3n de docentes y estudiantes respecto a c\u00f3mo se vive el proceso de ense\u00f1anza-aprendizaje en las aulas.<\/p>\n\n\n\n<p>El trabajo incluye un an\u00e1lisis de los programas de la Nueva Escuela Mexicana y de los libros de texto. De entrada, se ha detectado que, de cada decena de cient\u00edficos mencionados en los materiales escolares, apenas dos son mujeres. Este tipo de sesgos, advirti\u00f3 la doctora Contreras, influye en que muchas ni\u00f1as pierdan el inter\u00e9s por carreras cient\u00edficas conforme avanzan en su formaci\u00f3n, pues a los 15 a\u00f1os, m\u00e1s del 80 por ciento de quienes ten\u00edan la intenci\u00f3n de dedicarse a la ciencia cambian de rumbo hacia otras profesiones, en buena medida por presiones sociales y familiares.<\/p>\n\n\n\n<p>La propuesta prev\u00e9 la participaci\u00f3n de estudiantes de la licenciatura en Psicopedagog\u00eda con \u00e9nfasis en ciencias, quienes ya colaboran en el dise\u00f1o de estrategias de intervenci\u00f3n que se pondr\u00e1n a prueba en escuelas piloto de nivel b\u00e1sico, medio superior y superior, incluyendo instituciones de comunidades rurales. Posteriormente, se elaborar\u00e1 un cuadernillo para la ense\u00f1anza de las ciencias con perspectiva de g\u00e9nero y, al finalizar, se buscar\u00e1 presentar una propuesta de pol\u00edtica p\u00fablica aplicable a nivel local y, en el mejor de los casos, nacional.<\/p>\n\n\n\n<p>El equipo de trabajo lo integran tambi\u00e9n la doctora Araceli Camacho Navarro, profesorado, investigadores y alumnado de la facultad, todos sumados en diferentes etapas del proceso. La intenci\u00f3n es fomentar la formaci\u00f3n de recursos humanos con capacidad de continuar l\u00edneas de investigaci\u00f3n relacionadas con igualdad de g\u00e9nero, derechos humanos y educaci\u00f3n cient\u00edfica.<\/p>\n\n\n\n<p>La doctora Contreras subray\u00f3 que la aprobaci\u00f3n de este proyecto representa un reconocimiento al papel de la Facultad de Psicolog\u00eda y de la propia universidad en temas sociales. Destac\u00f3 adem\u00e1s que es la primera vez que la Secihti lanza una convocatoria espec\u00edfica para proyectos de car\u00e1cter human\u00edstico, lo que refleja una mayor atenci\u00f3n hacia los problemas sociales y culturales que enfrenta el pa\u00eds.<\/p>\n\n\n\n<p>Con el financiamiento otorgado se podr\u00e1n realizar diagn\u00f3sticos en campo, visitas escolares, desarrollo de materiales y la elaboraci\u00f3n de la propuesta de pol\u00edtica p\u00fablica. El proyecto fue aprobado en junio de este a\u00f1o y constituye el primero en su tipo para la UASLP en esta convocatoria.<\/p>\n\n\n\n<p>\u201cSe trata de un esfuerzo que busca abrir camino a nuevas generaciones, para que ni\u00f1as y j\u00f3venes puedan decidir con libertad su futuro profesional en \u00e1reas cient\u00edficas, sin limitaciones sociales o de g\u00e9nero\u201d, puntualiz\u00f3 la investigadora.<\/p>\n\n\n\n<p class=\"has-text-align-right\"><em>Hugo Laussin<\/em><\/p>\n","protected":false},"excerpt":{"rendered":"<p>A la Facultad de Psicolog\u00eda de la Universidad Aut\u00f3noma de San Luis Potos\u00ed (UASLP) le&#8230;<\/p>\n","protected":false},"author":12,"featured_media":21357,"comment_status":"closed","ping_status":"closed","sticky":false,"template":"","format":"standard","meta":{"pgc_sgb_lightbox_settings":"","footnotes":""},"categories":[10],"tags":[3171,2159],"class_list":["post-21356","post","type-post","status-publish","format-standard","has-post-thumbnail","hentry","category-investigacion","tag-igualdadenlaciencia","tag-psicologiauaslp"],"featured_image_urls":{"full":["https:\/\/wp.uaslp.mx\/noticias\/wp-content\/uploads\/sites\/5\/2025\/10\/WhatsApp-Image-2025-10-14-at-12.58.49-PM.jpeg",1280,960,false],"thumbnail":["https:\/\/wp.uaslp.mx\/noticias\/wp-content\/uploads\/sites\/5\/2025\/10\/WhatsApp-Image-2025-10-14-at-12.58.49-PM-150x150.jpeg",150,150,true],"medium":["https:\/\/wp.uaslp.mx\/noticias\/wp-content\/uploads\/sites\/5\/2025\/10\/WhatsApp-Image-2025-10-14-at-12.58.49-PM-1024x768.jpeg",1024,768,true],"medium_large":["https:\/\/wp.uaslp.mx\/noticias\/wp-content\/uploads\/sites\/5\/2025\/10\/WhatsApp-Image-2025-10-14-at-12.58.49-PM-768x576.jpeg",640,480,true],"large":["https:\/\/wp.uaslp.mx\/noticias\/wp-content\/uploads\/sites\/5\/2025\/10\/WhatsApp-Image-2025-10-14-at-12.58.49-PM.jpeg",1280,960,false],"1536x1536":["https:\/\/wp.uaslp.mx\/noticias\/wp-content\/uploads\/sites\/5\/2025\/10\/WhatsApp-Image-2025-10-14-at-12.58.49-PM.jpeg",1280,960,false],"2048x2048":["https:\/\/wp.uaslp.mx\/noticias\/wp-content\/uploads\/sites\/5\/2025\/10\/WhatsApp-Image-2025-10-14-at-12.58.49-PM.jpeg",1280,960,false],"newsever-slider-full":["https:\/\/wp.uaslp.mx\/noticias\/wp-content\/uploads\/sites\/5\/2025\/10\/WhatsApp-Image-2025-10-14-at-12.58.49-PM-1280x845.jpeg",1280,845,true],"newsever-featured":["https:\/\/wp.uaslp.mx\/noticias\/wp-content\/uploads\/sites\/5\/2025\/10\/WhatsApp-Image-2025-10-14-at-12.58.49-PM-1024x768.jpeg",1024,768,true],"newsever-medium":["https:\/\/wp.uaslp.mx\/noticias\/wp-content\/uploads\/sites\/5\/2025\/10\/WhatsApp-Image-2025-10-14-at-12.58.49-PM-720x475.jpeg",720,475,true],"mailpoet_newsletter_max":["https:\/\/wp.uaslp.mx\/noticias\/wp-content\/uploads\/sites\/5\/2025\/10\/WhatsApp-Image-2025-10-14-at-12.58.49-PM.jpeg",1280,960,false]},"author_info":{"display_name":"Prensa y difusi\u00f3n","author_link":"https:\/\/wp.uaslp.mx\/noticias\/author\/giovannamorales\/"},"category_info":"<a href=\"https:\/\/wp.uaslp.mx\/noticias\/category\/investigacion\/\" rel=\"category tag\">Investigaci\u00f3n<\/a>","tag_info":"Investigaci\u00f3n","comment_count":"0","_links":{"self":[{"href":"https:\/\/wp.uaslp.mx\/noticias\/wp-json\/wp\/v2\/posts\/21356","targetHints":{"allow":["GET"]}}],"collection":[{"href":"https:\/\/wp.uaslp.mx\/noticias\/wp-json\/wp\/v2\/posts"}],"about":[{"href":"https:\/\/wp.uaslp.mx\/noticias\/wp-json\/wp\/v2\/types\/post"}],"author":[{"embeddable":true,"href":"https:\/\/wp.uaslp.mx\/noticias\/wp-json\/wp\/v2\/users\/12"}],"replies":[{"embeddable":true,"href":"https:\/\/wp.uaslp.mx\/noticias\/wp-json\/wp\/v2\/comments?post=21356"}],"version-history":[{"count":1,"href":"https:\/\/wp.uaslp.mx\/noticias\/wp-json\/wp\/v2\/posts\/21356\/revisions"}],"predecessor-version":[{"id":21358,"href":"https:\/\/wp.uaslp.mx\/noticias\/wp-json\/wp\/v2\/posts\/21356\/revisions\/21358"}],"wp:featuredmedia":[{"embeddable":true,"href":"https:\/\/wp.uaslp.mx\/noticias\/wp-json\/wp\/v2\/media\/21357"}],"wp:attachment":[{"href":"https:\/\/wp.uaslp.mx\/noticias\/wp-json\/wp\/v2\/media?parent=21356"}],"wp:term":[{"taxonomy":"category","embeddable":true,"href":"https:\/\/wp.uaslp.mx\/noticias\/wp-json\/wp\/v2\/categories?post=21356"},{"taxonomy":"post_tag","embeddable":true,"href":"https:\/\/wp.uaslp.mx\/noticias\/wp-json\/wp\/v2\/tags?post=21356"}],"curies":[{"name":"wp","href":"https:\/\/api.w.org\/{rel}","templated":true}]}}