{"id":21282,"date":"2025-10-10T14:00:13","date_gmt":"2025-10-10T20:00:13","guid":{"rendered":"https:\/\/wp.uaslp.mx\/noticias\/?p=21282"},"modified":"2025-10-10T14:00:15","modified_gmt":"2025-10-10T20:00:15","slug":"presenta-la-uaslp-resultados-del-diagnostico-de-salud-mental-estudiantil-2025-orientado-a-la-atencion-oportuna","status":"publish","type":"post","link":"https:\/\/wp.uaslp.mx\/noticias\/comunidad\/presenta-la-uaslp-resultados-del-diagnostico-de-salud-mental-estudiantil-2025-orientado-a-la-atencion-oportuna\/","title":{"rendered":"Presenta la UASLP resultados del Diagn\u00f3stico de Salud Mental Estudiantil 2025 orientado a la atenci\u00f3n oportuna"},"content":{"rendered":"\n<p>En el marco del D\u00eda Mundial de la Salud Mental, se llev\u00f3 a cabo en la <a href=\"https:\/\/www.medicina.uaslp.mx\/#gsc.tab=0\">Facultad de Medicina de la Universidad Aut\u00f3noma de San Luis Potos\u00ed <\/a>(UASLP) la presentaci\u00f3n del Diagn\u00f3stico de Salud Mental Estudiantil UASLP 2025, un estudio que busca comprender y atender el estado emocional de la comunidad universitaria desde un enfoque preventivo y de bienestar integral.<\/p>\n\n\n\n<p>Durante la presentaci\u00f3n, el Dr. Jaime Sebasti\u00e1n F. Gal\u00e1n Jim\u00e9nez, director de la <a href=\"https:\/\/www.psicologia.uaslp.mx\/#gsc.tab=0\">Facultad de Psicolog\u00eda<\/a>, explic\u00f3 que el estudio re\u00fane informaci\u00f3n de 2,204 participantes, obtenida mediante una muestra aleatoria y representativa. Se\u00f1al\u00f3 que se trata de una primera aproximaci\u00f3n descriptiva, cuyos datos deben interpretarse con prudencia, especialmente en las entidades con baja participaci\u00f3n.<\/p>\n\n\n\n<p>El acad\u00e9mico destac\u00f3 que la mayor\u00eda de las y los encuestados se identifican con un nivel socioecon\u00f3mico medio y viven con padre y madre. Entre los resultados, mencion\u00f3 que el consumo de alcohol se reporta en 38.2%, tabaco en 12.2% y marihuana en un porcentaje menor, aunque advirti\u00f3 que la cifra podr\u00eda estar subestimada por el car\u00e1cter sensible del tema. Agreg\u00f3 que 18.5% de las personas encuestadas considera tener alg\u00fan trastorno de la conducta alimentaria y 18.3% se reconoce como neurodivergente.<\/p>\n\n\n\n<p>En cuanto a las escalas de tamizaje aplicadas, se\u00f1al\u00f3 que 43.2% de la poblaci\u00f3n no presenta ansiedad, mientras que el resto muestra niveles bajos, medios o altos; 18.7% de los casos corresponde a depresi\u00f3n grave y 14.8% reporta riesgo de autolesi\u00f3n. Tambi\u00e9n se registraron indicadores de posible TDAH en 72.1% y estr\u00e9s postraum\u00e1tico en 29.3%. El investigador subray\u00f3 que los resultados no constituyen diagn\u00f3sticos cl\u00ednicos, sino orientaciones que permiten dimensionar el panorama y fortalecer estrategias de apoyo.<\/p>\n\n\n\n<p>Por su parte, el Dr. Alejandro Javier Zerme\u00f1o Guerra, rector de la UASLP, se\u00f1al\u00f3 que la salud mental es un tema prioritario para cualquier sociedad y subray\u00f3 la importancia de promover una actitud preventiva. Expres\u00f3 que, m\u00e1s all\u00e1 de las cifras, el acompa\u00f1amiento cercano de las y los estudiantes debe ser una prioridad institucional. \u201cHay que fortalecer los lazos familiares y, cuando no sea posible, las redes de amistad y apoyo dentro de la universidad deben cumplir esa funci\u00f3n. Lo esencial es detectar a tiempo los casos que requieren atenci\u00f3n y brindarles seguimiento y acompa\u00f1amiento\u201d, se\u00f1al\u00f3.<\/p>\n\n\n\n<p>El rector tambi\u00e9n hizo un llamado a analizar con cuidado los posibles sobrediagn\u00f3sticos y a mantener una mirada prudente sobre los resultados. Recalc\u00f3 que este diagn\u00f3stico representa un primer paso que permitir\u00e1, con el tiempo, perfeccionar los instrumentos y consolidar pol\u00edticas universitarias de prevenci\u00f3n y atenci\u00f3n oportuna.<\/p>\n\n\n\n<p>El Diagn\u00f3stico de Salud Mental 2025 plantea la necesidad de consolidar una cultura institucional que promueva el bienestar integral y la atenci\u00f3n temprana de las problem\u00e1ticas emocionales. Actualmente, la UASLP brinda atenci\u00f3n psicol\u00f3gica y psiqui\u00e1trica a su comunidad a trav\u00e9s del Centro de Salud Universitario y de espacios de psicolog\u00eda y psicopedagog\u00eda en distintas entidades acad\u00e9micas. En el \u00faltimo a\u00f1o, Psiquiatr\u00eda atendi\u00f3 a 2,837 integrantes de la comunidad universitaria y se ofrecieron 1,785 consultas psicol\u00f3gicas y 572 psiqui\u00e1tricas.<\/p>\n\n\n\n<p>En el evento tambi\u00e9n estuvieron presentes el Dr. Ismael Francisco Herrera Benavente, director de la Facultad de Medicina; el Dr. Alfonso Grageda Foyo, jefe del Departamento de Psiquiatr\u00eda de la Facultad de Medicina; el Dr. Benito Daniel Estrada Aranda, profesor investigador de la Facultad de Psicolog\u00eda; la Dra. Claudia Elena Gonz\u00e1lez Acevedo, secretaria de Servicios Escolares; la Mtra. Ana Luisa Gonz\u00e1lez S\u00e1nchez, jefa de la Divisi\u00f3n de Servicios Estudiantiles; la Mtra. Claudia Elena Pesina Sifuentes, jefa de la Divisi\u00f3n de Inform\u00e1tica, y el Mtro. Alejandro Zepeda L\u00f3pez Mend\u00eda, secretario t\u00e9cnico de la Rector\u00eda, adem\u00e1s de directoras, directores y estudiantes de distintas facultades.<\/p>\n\n\n\n<p class=\"has-text-align-right\"><em>Hugo Laussin<\/em><\/p>\n\n\n<div class=\"pgc-sgb-cb wp-block-pgcsimplygalleryblock-justified \" data-gallery-id=\"36540244\"><div class=\"sgb-preloader\" id=\"pr_36540244\">\n\t<div class=\"sgb-square\" style=\"background:#d4d4d4\"><\/div>\n\t<div class=\"sgb-square\" style=\"background:#d4d4d4\"><\/div>\n\t<div class=\"sgb-square\" style=\"background:#d4d4d4\"><\/div>\n\t<div class=\"sgb-square\" style=\"background:#d4d4d4\"><\/div><\/div><div class=\"simply-gallery-amp pgc_sgb_slider \"><noscript><div class=\"sgb-gallery\"><div class=\"sgb-item\"><a href=\"https:\/\/wp.uaslp.mx\/noticias\/wp-content\/uploads\/sites\/5\/2025\/10\/WhatsApp-Image-2025-10-10-at-1.51.13-PM-1.jpeg\"><img decoding=\"async\" alt=\"\" width=\"1024\" height=\"708\" loading=\"lazy\" src=\"https:\/\/wp.uaslp.mx\/noticias\/wp-content\/uploads\/sites\/5\/2025\/10\/WhatsApp-Image-2025-10-10-at-1.51.13-PM-1-1024x708.jpeg\" srcset=\"https:\/\/wp.uaslp.mx\/noticias\/wp-content\/uploads\/sites\/5\/2025\/10\/WhatsApp-Image-2025-10-10-at-1.51.13-PM-1-1024x708.jpeg 1024w,https:\/\/wp.uaslp.mx\/noticias\/wp-content\/uploads\/sites\/5\/2025\/10\/WhatsApp-Image-2025-10-10-at-1.51.13-PM-1.jpeg 1561w\" sizes=\"auto, 250px\"\/><\/a><\/div><div class=\"sgb-item\"><a href=\"https:\/\/wp.uaslp.mx\/noticias\/wp-content\/uploads\/sites\/5\/2025\/10\/WhatsApp-Image-2025-10-10-at-1.51.13-PM.jpeg\"><img decoding=\"async\" alt=\"\" width=\"1024\" height=\"685\" loading=\"lazy\" src=\"https:\/\/wp.uaslp.mx\/noticias\/wp-content\/uploads\/sites\/5\/2025\/10\/WhatsApp-Image-2025-10-10-at-1.51.13-PM-1024x685.jpeg\" srcset=\"https:\/\/wp.uaslp.mx\/noticias\/wp-content\/uploads\/sites\/5\/2025\/10\/WhatsApp-Image-2025-10-10-at-1.51.13-PM-1024x685.jpeg 1024w,https:\/\/wp.uaslp.mx\/noticias\/wp-content\/uploads\/sites\/5\/2025\/10\/WhatsApp-Image-2025-10-10-at-1.51.13-PM.jpeg 1405w\" sizes=\"auto, 250px\"\/><\/a><\/div><div class=\"sgb-item\"><a href=\"https:\/\/wp.uaslp.mx\/noticias\/wp-content\/uploads\/sites\/5\/2025\/10\/WhatsApp-Image-2025-10-10-at-1.51.12-PM-1.jpeg\"><img decoding=\"async\" alt=\"\" width=\"1024\" height=\"689\" loading=\"lazy\" src=\"https:\/\/wp.uaslp.mx\/noticias\/wp-content\/uploads\/sites\/5\/2025\/10\/WhatsApp-Image-2025-10-10-at-1.51.12-PM-1-1024x689.jpeg\" srcset=\"https:\/\/wp.uaslp.mx\/noticias\/wp-content\/uploads\/sites\/5\/2025\/10\/WhatsApp-Image-2025-10-10-at-1.51.12-PM-1-1024x689.jpeg 1024w,https:\/\/wp.uaslp.mx\/noticias\/wp-content\/uploads\/sites\/5\/2025\/10\/WhatsApp-Image-2025-10-10-at-1.51.12-PM-1.jpeg 1415w\" sizes=\"auto, 250px\"\/><\/a><\/div><\/div><\/noscript><\/div><script type=\"application\/json\" class=\"sgb-data\">{\"galleryType\":\"pgc_sgb_justified\",\"galleryId\":\"36540244\",\"images\":[{\"id\":21285,\"title\":\"WhatsApp Image 2025-10-10 at 1.51.13 PM (1)\",\"url\":\"https:\/\/wp.uaslp.mx\/noticias\/wp-content\/uploads\/sites\/5\/2025\/10\/WhatsApp-Image-2025-10-10-at-1.51.13-PM-1.jpeg\",\"link\":\"https:\/\/wp.uaslp.mx\/noticias\/?attachment_id=21285\",\"alt\":\"\",\"description\":\"\",\"caption\":\"\",\"mime\":\"image\/jpeg\",\"type\":\"image\",\"width\":1561,\"height\":1080,\"sizes\":{\"thumbnail\":{\"height\":150,\"width\":150,\"url\":\"https:\/\/wp.uaslp.mx\/noticias\/wp-content\/uploads\/sites\/5\/2025\/10\/WhatsApp-Image-2025-10-10-at-1.51.13-PM-1-150x150.jpeg\",\"orientation\":\"landscape\"},\"medium\":{\"height\":708,\"width\":1024,\"url\":\"https:\/\/wp.uaslp.mx\/noticias\/wp-content\/uploads\/sites\/5\/2025\/10\/WhatsApp-Image-2025-10-10-at-1.51.13-PM-1-1024x708.jpeg\",\"orientation\":\"landscape\"},\"full\":{\"url\":\"https:\/\/wp.uaslp.mx\/noticias\/wp-content\/uploads\/sites\/5\/2025\/10\/WhatsApp-Image-2025-10-10-at-1.51.13-PM-1.jpeg\",\"height\":1080,\"width\":1561,\"orientation\":\"landscape\"}},\"imageMeta\":{\"aperture\":\"0\",\"credit\":\"\",\"camera\":\"\",\"caption\":\"\",\"created_timestamp\":\"0\",\"copyright\":\"\",\"focal_length\":\"0\",\"iso\":\"0\",\"shutter_speed\":\"0\",\"title\":\"\",\"orientation\":\"0\",\"keywords\":[]},\"meta\":false},{\"id\":21286,\"title\":\"WhatsApp Image 2025-10-10 at 1.51.13 PM\",\"url\":\"https:\/\/wp.uaslp.mx\/noticias\/wp-content\/uploads\/sites\/5\/2025\/10\/WhatsApp-Image-2025-10-10-at-1.51.13-PM.jpeg\",\"link\":\"https:\/\/wp.uaslp.mx\/noticias\/?attachment_id=21286\",\"alt\":\"\",\"description\":\"\",\"caption\":\"\",\"mime\":\"image\/jpeg\",\"type\":\"image\",\"width\":1405,\"height\":940,\"sizes\":{\"thumbnail\":{\"height\":150,\"width\":150,\"url\":\"https:\/\/wp.uaslp.mx\/noticias\/wp-content\/uploads\/sites\/5\/2025\/10\/WhatsApp-Image-2025-10-10-at-1.51.13-PM-150x150.jpeg\",\"orientation\":\"landscape\"},\"medium\":{\"height\":685,\"width\":1024,\"url\":\"https:\/\/wp.uaslp.mx\/noticias\/wp-content\/uploads\/sites\/5\/2025\/10\/WhatsApp-Image-2025-10-10-at-1.51.13-PM-1024x685.jpeg\",\"orientation\":\"landscape\"},\"full\":{\"url\":\"https:\/\/wp.uaslp.mx\/noticias\/wp-content\/uploads\/sites\/5\/2025\/10\/WhatsApp-Image-2025-10-10-at-1.51.13-PM.jpeg\",\"height\":940,\"width\":1405,\"orientation\":\"landscape\"}},\"imageMeta\":{\"aperture\":\"0\",\"credit\":\"\",\"camera\":\"\",\"caption\":\"\",\"created_timestamp\":\"0\",\"copyright\":\"\",\"focal_length\":\"0\",\"iso\":\"0\",\"shutter_speed\":\"0\",\"title\":\"\",\"orientation\":\"0\",\"keywords\":[]},\"meta\":false},{\"id\":21284,\"title\":\"WhatsApp Image 2025-10-10 at 1.51.12 PM (1)\",\"url\":\"https:\/\/wp.uaslp.mx\/noticias\/wp-content\/uploads\/sites\/5\/2025\/10\/WhatsApp-Image-2025-10-10-at-1.51.12-PM-1.jpeg\",\"link\":\"https:\/\/wp.uaslp.mx\/noticias\/?attachment_id=21284\",\"alt\":\"\",\"description\":\"\",\"caption\":\"\",\"mime\":\"image\/jpeg\",\"type\":\"image\",\"width\":1415,\"height\":952,\"sizes\":{\"thumbnail\":{\"height\":150,\"width\":150,\"url\":\"https:\/\/wp.uaslp.mx\/noticias\/wp-content\/uploads\/sites\/5\/2025\/10\/WhatsApp-Image-2025-10-10-at-1.51.12-PM-1-150x150.jpeg\",\"orientation\":\"landscape\"},\"medium\":{\"height\":689,\"width\":1024,\"url\":\"https:\/\/wp.uaslp.mx\/noticias\/wp-content\/uploads\/sites\/5\/2025\/10\/WhatsApp-Image-2025-10-10-at-1.51.12-PM-1-1024x689.jpeg\",\"orientation\":\"landscape\"},\"full\":{\"url\":\"https:\/\/wp.uaslp.mx\/noticias\/wp-content\/uploads\/sites\/5\/2025\/10\/WhatsApp-Image-2025-10-10-at-1.51.12-PM-1.jpeg\",\"height\":952,\"width\":1415,\"orientation\":\"landscape\"}},\"imageMeta\":{\"aperture\":\"0\",\"credit\":\"\",\"camera\":\"\",\"caption\":\"\",\"created_timestamp\":\"0\",\"copyright\":\"\",\"focal_length\":\"0\",\"iso\":\"0\",\"shutter_speed\":\"0\",\"title\":\"\",\"orientation\":\"0\",\"keywords\":[]},\"meta\":false}],\"itemsMetaDataCollection\":[]}<\/script><script>(function(){if(window.PGC_SGB && window.PGC_SGB.searcher){window.PGC_SGB.searcher.initBlocks()}})()<\/script><\/div>","protected":false},"excerpt":{"rendered":"<p>En el marco del D\u00eda Mundial de la Salud Mental, se llev\u00f3 a cabo en&#8230;<\/p>\n","protected":false},"author":12,"featured_media":21283,"comment_status":"closed","ping_status":"closed","sticky":false,"template":"","format":"standard","meta":{"pgc_sgb_lightbox_settings":"","footnotes":""},"categories":[5,10],"tags":[3163,2644],"class_list":["post-21282","post","type-post","status-publish","format-standard","has-post-thumbnail","hentry","category-comunidad","category-investigacion","tag-bienestaruniversitario","tag-saludmentaluaslp"],"featured_image_urls":{"full":["https:\/\/wp.uaslp.mx\/noticias\/wp-content\/uploads\/sites\/5\/2025\/10\/WhatsApp-Image-2025-10-10-at-1.51.12-PM.jpeg",1495,986,false],"thumbnail":["https:\/\/wp.uaslp.mx\/noticias\/wp-content\/uploads\/sites\/5\/2025\/10\/WhatsApp-Image-2025-10-10-at-1.51.12-PM-150x150.jpeg",150,150,true],"medium":["https:\/\/wp.uaslp.mx\/noticias\/wp-content\/uploads\/sites\/5\/2025\/10\/WhatsApp-Image-2025-10-10-at-1.51.12-PM-1024x675.jpeg",1024,675,true],"medium_large":["https:\/\/wp.uaslp.mx\/noticias\/wp-content\/uploads\/sites\/5\/2025\/10\/WhatsApp-Image-2025-10-10-at-1.51.12-PM-768x507.jpeg",640,423,true],"large":["https:\/\/wp.uaslp.mx\/noticias\/wp-content\/uploads\/sites\/5\/2025\/10\/WhatsApp-Image-2025-10-10-at-1.51.12-PM.jpeg",1495,986,false],"1536x1536":["https:\/\/wp.uaslp.mx\/noticias\/wp-content\/uploads\/sites\/5\/2025\/10\/WhatsApp-Image-2025-10-10-at-1.51.12-PM.jpeg",1495,986,false],"2048x2048":["https:\/\/wp.uaslp.mx\/noticias\/wp-content\/uploads\/sites\/5\/2025\/10\/WhatsApp-Image-2025-10-10-at-1.51.12-PM.jpeg",1495,986,false],"newsever-slider-full":["https:\/\/wp.uaslp.mx\/noticias\/wp-content\/uploads\/sites\/5\/2025\/10\/WhatsApp-Image-2025-10-10-at-1.51.12-PM-1280x845.jpeg",1280,845,true],"newsever-featured":["https:\/\/wp.uaslp.mx\/noticias\/wp-content\/uploads\/sites\/5\/2025\/10\/WhatsApp-Image-2025-10-10-at-1.51.12-PM-1024x675.jpeg",1024,675,true],"newsever-medium":["https:\/\/wp.uaslp.mx\/noticias\/wp-content\/uploads\/sites\/5\/2025\/10\/WhatsApp-Image-2025-10-10-at-1.51.12-PM-720x475.jpeg",720,475,true],"mailpoet_newsletter_max":["https:\/\/wp.uaslp.mx\/noticias\/wp-content\/uploads\/sites\/5\/2025\/10\/WhatsApp-Image-2025-10-10-at-1.51.12-PM-1320x871.jpeg",1320,871,true]},"author_info":{"display_name":"Prensa y difusi\u00f3n","author_link":"https:\/\/wp.uaslp.mx\/noticias\/author\/giovannamorales\/"},"category_info":"<a href=\"https:\/\/wp.uaslp.mx\/noticias\/category\/comunidad\/\" rel=\"category tag\">Comunidad<\/a> <a href=\"https:\/\/wp.uaslp.mx\/noticias\/category\/investigacion\/\" rel=\"category tag\">Investigaci\u00f3n<\/a>","tag_info":"Investigaci\u00f3n","comment_count":"0","_links":{"self":[{"href":"https:\/\/wp.uaslp.mx\/noticias\/wp-json\/wp\/v2\/posts\/21282","targetHints":{"allow":["GET"]}}],"collection":[{"href":"https:\/\/wp.uaslp.mx\/noticias\/wp-json\/wp\/v2\/posts"}],"about":[{"href":"https:\/\/wp.uaslp.mx\/noticias\/wp-json\/wp\/v2\/types\/post"}],"author":[{"embeddable":true,"href":"https:\/\/wp.uaslp.mx\/noticias\/wp-json\/wp\/v2\/users\/12"}],"replies":[{"embeddable":true,"href":"https:\/\/wp.uaslp.mx\/noticias\/wp-json\/wp\/v2\/comments?post=21282"}],"version-history":[{"count":1,"href":"https:\/\/wp.uaslp.mx\/noticias\/wp-json\/wp\/v2\/posts\/21282\/revisions"}],"predecessor-version":[{"id":21287,"href":"https:\/\/wp.uaslp.mx\/noticias\/wp-json\/wp\/v2\/posts\/21282\/revisions\/21287"}],"wp:featuredmedia":[{"embeddable":true,"href":"https:\/\/wp.uaslp.mx\/noticias\/wp-json\/wp\/v2\/media\/21283"}],"wp:attachment":[{"href":"https:\/\/wp.uaslp.mx\/noticias\/wp-json\/wp\/v2\/media?parent=21282"}],"wp:term":[{"taxonomy":"category","embeddable":true,"href":"https:\/\/wp.uaslp.mx\/noticias\/wp-json\/wp\/v2\/categories?post=21282"},{"taxonomy":"post_tag","embeddable":true,"href":"https:\/\/wp.uaslp.mx\/noticias\/wp-json\/wp\/v2\/tags?post=21282"}],"curies":[{"name":"wp","href":"https:\/\/api.w.org\/{rel}","templated":true}]}}