{"id":21236,"date":"2025-10-08T12:35:44","date_gmt":"2025-10-08T18:35:44","guid":{"rendered":"https:\/\/wp.uaslp.mx\/noticias\/?p=21236"},"modified":"2025-10-08T12:39:35","modified_gmt":"2025-10-08T18:39:35","slug":"facultad-de-ciencias-sera-sede-del-tercer-congreso-nacional-de-nanotecnologia-y-energias-renovables","status":"publish","type":"post","link":"https:\/\/wp.uaslp.mx\/noticias\/academica\/facultad-de-ciencias-sera-sede-del-tercer-congreso-nacional-de-nanotecnologia-y-energias-renovables\/","title":{"rendered":"Facultad de Ciencias ser\u00e1 sede del Tercer Congreso Nacional de Nanotecnolog\u00eda y Energ\u00edas Renovables"},"content":{"rendered":"\n<p>La Universidad Aut\u00f3noma de San Luis Potos\u00ed (UASLP), a trav\u00e9s de la <a href=\"http:\/\/www.fc.uaslp.mx\/\">Facultad de Ciencias<\/a>, ser\u00e1 sede del <a href=\"http:\/\/www.fc.uaslp.mx\/cnner\/\">Tercer Congreso Nacional de Nanotecnolog\u00eda y Energ\u00edas Renovables<\/a>, que se llevar\u00e1 a cabo del 15 al 17 de octubre en el Centro Cultural Bicentenario y en la Coordinaci\u00f3n para la Innovaci\u00f3n y Aplicaci\u00f3n de la Ciencia y la Tecnolog\u00eda (CIACyT).<\/p>\n\n\n\n<p>La Dra. Leticia Ithsmel Espinosa Vega, docente de la CIACyT e integrante del comit\u00e9 organizador, explic\u00f3 que el encuentro tendr\u00e1 como lema \u201cMateriales con aplicaciones a energ\u00edas\u201d y reunir\u00e1 a especialistas de distintas instituciones del pa\u00eds. Se espera la participaci\u00f3n de investigadores provenientes de Baja California, Guanajuato, Aguascalientes, Puebla, Nuevo Le\u00f3n y Estado de M\u00e9xico, quienes compartir\u00e1n sus avances en almacenamiento de energ\u00eda y energ\u00edas renovables.<\/p>\n\n\n\n<p>Entre los temas destacados figuran el desarrollo de nanomateriales para aplicaciones en cat\u00e1lisis y fotocat\u00e1lisis, nanotecnolog\u00eda en bater\u00edas recargables de alto desempe\u00f1o, qu\u00edmica verde para la s\u00edntesis de puntos cu\u00e1nticos de carbono, materiales carbonosos y sistemas de estimulaci\u00f3n magn\u00e9tica para rehabilitaci\u00f3n muscular. \u201cSe contar\u00e1 con ponentes de alto nivel, principalmente investigadores reconocidos en el Sistema Nacional de Investigadores, niveles II y III\u201d, subray\u00f3 Espinosa Vega.<\/p>\n\n\n\n<p>El congreso estar\u00e1 dirigido a la comunidad acad\u00e9mica y al p\u00fablico en general. Guadalupe Yepez Barradas, estudiante de la carrera de Nanotecnolog\u00eda y Energ\u00edas Renovables, se\u00f1al\u00f3 que la relevancia del evento radica en abrir espacios de aprendizaje para los j\u00f3venes. \u201cEs una oportunidad para conocer de cerca a expertos en la materia, ampliar el panorama sobre el futuro de la energ\u00eda sustentable y despertar el inter\u00e9s en nuevas \u00e1reas de investigaci\u00f3n\u201d, expres\u00f3.<\/p>\n\n\n\n<p>Adem\u00e1s de las conferencias y talleres especializados, el programa contempla actividades de divulgaci\u00f3n cient\u00edfica, sesiones de experimentos, concursos de carteles y un torneo de ajedrez que incluir\u00e1 la participaci\u00f3n de ni\u00f1os y adultos mayores. Tambi\u00e9n habr\u00e1 talleres para estudiantes de bachillerato y actividades culturales abiertas a la sociedad potosina.<\/p>\n\n\n\n<p>El evento cuenta con apoyo del Consejo Potosino de Ciencia y Tecnolog\u00eda (Copocyt), por lo que la entrada ser\u00e1 gratuita para la comunidad local. El registro puede realizarse a trav\u00e9s de la p\u00e1gina oficial y redes sociales del Congreso, identificado como CNER.<\/p>\n\n\n\n<p class=\"has-text-align-right\"><em>Hugo Laussin<\/em><\/p>\n\n\n<div class=\"pgc-sgb-cb wp-block-pgcsimplygalleryblock-masonry \" data-gallery-id=\"c3a44582\"><div class=\"sgb-preloader\" id=\"pr_c3a44582\">\n\t<div class=\"sgb-square\" style=\"background:#d4d4d4\"><\/div>\n\t<div class=\"sgb-square\" style=\"background:#d4d4d4\"><\/div>\n\t<div class=\"sgb-square\" style=\"background:#d4d4d4\"><\/div>\n\t<div class=\"sgb-square\" style=\"background:#d4d4d4\"><\/div><\/div><div class=\"simply-gallery-amp pgc_sgb_slider \"><noscript><div class=\"sgb-gallery\"><div class=\"sgb-item\"><a href=\"https:\/\/wp.uaslp.mx\/noticias\/?attachment_id=21237\" target=\"_blank\"><img decoding=\"async\" alt=\"\" width=\"690\" height=\"1024\" loading=\"lazy\" src=\"https:\/\/wp.uaslp.mx\/noticias\/wp-content\/uploads\/sites\/5\/2025\/10\/WhatsApp-Image-2025-10-08-at-12.30.18-PM-690x1024.jpeg\" srcset=\"https:\/\/wp.uaslp.mx\/noticias\/wp-content\/uploads\/sites\/5\/2025\/10\/WhatsApp-Image-2025-10-08-at-12.30.18-PM-690x1024.jpeg 690w,https:\/\/wp.uaslp.mx\/noticias\/wp-content\/uploads\/sites\/5\/2025\/10\/WhatsApp-Image-2025-10-08-at-12.30.18-PM.jpeg 862w\" sizes=\"auto, 250px\"\/><\/a><\/div><\/div><\/noscript><\/div><script type=\"application\/json\" class=\"sgb-data\">{\"galleryType\":\"pgc_sgb_masonry\",\"galleryId\":\"c3a44582\",\"images\":[{\"id\":21237,\"title\":\"WhatsApp Image 2025-10-08 at 12.30.18 PM\",\"url\":\"https:\/\/wp.uaslp.mx\/noticias\/wp-content\/uploads\/sites\/5\/2025\/10\/WhatsApp-Image-2025-10-08-at-12.30.18-PM.jpeg\",\"link\":\"https:\/\/wp.uaslp.mx\/noticias\/?attachment_id=21237\",\"alt\":\"\",\"description\":\"\",\"caption\":\"\",\"mime\":\"image\/jpeg\",\"type\":\"image\",\"width\":862,\"height\":1280,\"sizes\":{\"thumbnail\":{\"height\":150,\"width\":150,\"url\":\"https:\/\/wp.uaslp.mx\/noticias\/wp-content\/uploads\/sites\/5\/2025\/10\/WhatsApp-Image-2025-10-08-at-12.30.18-PM-150x150.jpeg\",\"orientation\":\"landscape\"},\"medium\":{\"height\":1024,\"width\":690,\"url\":\"https:\/\/wp.uaslp.mx\/noticias\/wp-content\/uploads\/sites\/5\/2025\/10\/WhatsApp-Image-2025-10-08-at-12.30.18-PM-690x1024.jpeg\",\"orientation\":\"portrait\"},\"full\":{\"url\":\"https:\/\/wp.uaslp.mx\/noticias\/wp-content\/uploads\/sites\/5\/2025\/10\/WhatsApp-Image-2025-10-08-at-12.30.18-PM.jpeg\",\"height\":1280,\"width\":862,\"orientation\":\"portrait\"}},\"imageMeta\":{\"aperture\":\"0\",\"credit\":\"\",\"camera\":\"\",\"caption\":\"\",\"created_timestamp\":\"0\",\"copyright\":\"\",\"focal_length\":\"0\",\"iso\":\"0\",\"shutter_speed\":\"0\",\"title\":\"\",\"orientation\":\"0\",\"keywords\":[]},\"meta\":false,\"postlink\":\"https:\/\/wp.uaslp.mx\/noticias\/?attachment_id=21237\"}],\"itemsMetaDataCollection\":[]}<\/script><script>(function(){if(window.PGC_SGB && window.PGC_SGB.searcher){window.PGC_SGB.searcher.initBlocks()}})()<\/script><\/div>","protected":false},"excerpt":{"rendered":"<p>La Universidad Aut\u00f3noma de San Luis Potos\u00ed (UASLP), a trav\u00e9s de la Facultad de Ciencias,&#8230;<\/p>\n","protected":false},"author":12,"featured_media":21238,"comment_status":"closed","ping_status":"closed","sticky":false,"template":"","format":"standard","meta":{"pgc_sgb_lightbox_settings":"","footnotes":""},"categories":[2],"tags":[3155,3121],"class_list":["post-21236","post","type-post","status-publish","format-standard","has-post-thumbnail","hentry","category-academica","tag-energiasrenovables2025","tag-nanotecnologiauaslp"],"featured_image_urls":{"full":["https:\/\/wp.uaslp.mx\/noticias\/wp-content\/uploads\/sites\/5\/2025\/10\/WhatsApp-Image-2025-10-08-at-12.29.26-PM.jpeg",1280,853,false],"thumbnail":["https:\/\/wp.uaslp.mx\/noticias\/wp-content\/uploads\/sites\/5\/2025\/10\/WhatsApp-Image-2025-10-08-at-12.29.26-PM-150x150.jpeg",150,150,true],"medium":["https:\/\/wp.uaslp.mx\/noticias\/wp-content\/uploads\/sites\/5\/2025\/10\/WhatsApp-Image-2025-10-08-at-12.29.26-PM-1024x682.jpeg",1024,682,true],"medium_large":["https:\/\/wp.uaslp.mx\/noticias\/wp-content\/uploads\/sites\/5\/2025\/10\/WhatsApp-Image-2025-10-08-at-12.29.26-PM-768x512.jpeg",640,427,true],"large":["https:\/\/wp.uaslp.mx\/noticias\/wp-content\/uploads\/sites\/5\/2025\/10\/WhatsApp-Image-2025-10-08-at-12.29.26-PM.jpeg",1280,853,false],"1536x1536":["https:\/\/wp.uaslp.mx\/noticias\/wp-content\/uploads\/sites\/5\/2025\/10\/WhatsApp-Image-2025-10-08-at-12.29.26-PM.jpeg",1280,853,false],"2048x2048":["https:\/\/wp.uaslp.mx\/noticias\/wp-content\/uploads\/sites\/5\/2025\/10\/WhatsApp-Image-2025-10-08-at-12.29.26-PM.jpeg",1280,853,false],"newsever-slider-full":["https:\/\/wp.uaslp.mx\/noticias\/wp-content\/uploads\/sites\/5\/2025\/10\/WhatsApp-Image-2025-10-08-at-12.29.26-PM-1280x845.jpeg",1280,845,true],"newsever-featured":["https:\/\/wp.uaslp.mx\/noticias\/wp-content\/uploads\/sites\/5\/2025\/10\/WhatsApp-Image-2025-10-08-at-12.29.26-PM-1024x682.jpeg",1024,682,true],"newsever-medium":["https:\/\/wp.uaslp.mx\/noticias\/wp-content\/uploads\/sites\/5\/2025\/10\/WhatsApp-Image-2025-10-08-at-12.29.26-PM-720x475.jpeg",720,475,true],"mailpoet_newsletter_max":["https:\/\/wp.uaslp.mx\/noticias\/wp-content\/uploads\/sites\/5\/2025\/10\/WhatsApp-Image-2025-10-08-at-12.29.26-PM.jpeg",1280,853,false]},"author_info":{"display_name":"Prensa y difusi\u00f3n","author_link":"https:\/\/wp.uaslp.mx\/noticias\/author\/giovannamorales\/"},"category_info":"<a href=\"https:\/\/wp.uaslp.mx\/noticias\/category\/academica\/\" rel=\"category tag\">Acad\u00e9mica<\/a>","tag_info":"Acad\u00e9mica","comment_count":"0","_links":{"self":[{"href":"https:\/\/wp.uaslp.mx\/noticias\/wp-json\/wp\/v2\/posts\/21236","targetHints":{"allow":["GET"]}}],"collection":[{"href":"https:\/\/wp.uaslp.mx\/noticias\/wp-json\/wp\/v2\/posts"}],"about":[{"href":"https:\/\/wp.uaslp.mx\/noticias\/wp-json\/wp\/v2\/types\/post"}],"author":[{"embeddable":true,"href":"https:\/\/wp.uaslp.mx\/noticias\/wp-json\/wp\/v2\/users\/12"}],"replies":[{"embeddable":true,"href":"https:\/\/wp.uaslp.mx\/noticias\/wp-json\/wp\/v2\/comments?post=21236"}],"version-history":[{"count":2,"href":"https:\/\/wp.uaslp.mx\/noticias\/wp-json\/wp\/v2\/posts\/21236\/revisions"}],"predecessor-version":[{"id":21240,"href":"https:\/\/wp.uaslp.mx\/noticias\/wp-json\/wp\/v2\/posts\/21236\/revisions\/21240"}],"wp:featuredmedia":[{"embeddable":true,"href":"https:\/\/wp.uaslp.mx\/noticias\/wp-json\/wp\/v2\/media\/21238"}],"wp:attachment":[{"href":"https:\/\/wp.uaslp.mx\/noticias\/wp-json\/wp\/v2\/media?parent=21236"}],"wp:term":[{"taxonomy":"category","embeddable":true,"href":"https:\/\/wp.uaslp.mx\/noticias\/wp-json\/wp\/v2\/categories?post=21236"},{"taxonomy":"post_tag","embeddable":true,"href":"https:\/\/wp.uaslp.mx\/noticias\/wp-json\/wp\/v2\/tags?post=21236"}],"curies":[{"name":"wp","href":"https:\/\/api.w.org\/{rel}","templated":true}]}}