{"id":20760,"date":"2025-09-06T16:01:17","date_gmt":"2025-09-06T22:01:17","guid":{"rendered":"https:\/\/wp.uaslp.mx\/noticias\/?p=20760"},"modified":"2025-09-06T16:06:38","modified_gmt":"2025-09-06T22:06:38","slug":"experta-expone-impacto-de-la-violencia-obstetrica-en-el-primer-congreso-internacional-de-criminologia","status":"publish","type":"post","link":"https:\/\/wp.uaslp.mx\/noticias\/academica\/experta-expone-impacto-de-la-violencia-obstetrica-en-el-primer-congreso-internacional-de-criminologia\/","title":{"rendered":"Experta expone impacto de la violencia obst\u00e9trica en el Primer Congreso Internacional de Criminolog\u00eda"},"content":{"rendered":"\n<p>En el segundo d\u00eda de actividades del Primer Congreso Internacional de Criminolog\u00eda, Victimolog\u00eda y Pol\u00edtica Criminal, organizado por la <a href=\"https:\/\/www.derecho.uaslp.mx\/#gsc.tab=0\">Facultad de Derecho Abogado Ponciano Arriaga Leija de la Universidad Aut\u00f3noma de San Luis Potos\u00ed<\/a> (UASLP), la maestra Gabriela Cruz Ortiz imparti\u00f3 la conferencia \u201cAspectos criminol\u00f3gicos y victimol\u00f3gicos de la violencia obst\u00e9trica\u201d, con el prop\u00f3sito de visibilizar c\u00f3mo las mujeres son v\u00edctimas en distintos contextos sociales, econ\u00f3micos y educativos, y c\u00f3mo esas condiciones influyen en la forma en que se ejerce la violencia.<\/p>\n\n\n\n<p>\u201cLa violencia obst\u00e9trica debe visibilizarse como una forma de prevenci\u00f3n. Tras revisar estudios de \u00e1reas jur\u00eddicas, psicol\u00f3gicas y psiqui\u00e1tricas, se ha confirmado cient\u00edficamente que existe relaci\u00f3n entre la violencia en el parto y la violencia en la adultez. Por ello debemos observar c\u00f3mo nacemos para entender por qu\u00e9 ha aumentado la violencia en la sociedad. Este fue el objetivo central de mi participaci\u00f3n en el Congreso\u201d, se\u00f1al\u00f3 la catedr\u00e1tica.<\/p>\n\n\n\n<p>La maestra Cruz Ortiz llam\u00f3 al empoderamiento de las mujeres mediante la recuperaci\u00f3n de la confianza en su propio cuerpo: un parto sin dolor, la eliminaci\u00f3n de episiotom\u00edas de rutina cuando no son necesarias, la justificaci\u00f3n m\u00e9dica de cada intervenci\u00f3n, el derecho a alimentarse, deambular y elegir la posici\u00f3n m\u00e1s c\u00f3moda para parir. Subray\u00f3 que obligarlas a permanecer acostadas constituye una forma de tortura.<\/p>\n\n\n\n<p>\u201cEs importante que todas y todos conozcamos qu\u00e9 es la violencia obst\u00e9trica, cu\u00e1les son las pr\u00e1cticas reconocidas por la Organizaci\u00f3n Mundial de la Salud, y exigir que se salvaguarden los derechos de las mujeres\u201d, afirm\u00f3.<\/p>\n\n\n\n<p>La especialista record\u00f3 que, aunque el marco jur\u00eddico existe en tratados internacionales y legislaci\u00f3n interna, solo siete estados del pa\u00eds tipifican la violencia obst\u00e9trica como delito. Reconoci\u00f3 que ha habido intentos institucionales y elaboraci\u00f3n de normas en cada administraci\u00f3n, pero persiste la falta de pol\u00edticas p\u00fablicas, presupuesto e infraestructura.<\/p>\n\n\n\n<p>A\u00f1adi\u00f3 que la Norma Oficial establece el derecho al acompa\u00f1amiento durante el parto, condicionado al espacio hospitalario, lo que muchas veces impide su cumplimiento. Por ello insisti\u00f3 en la necesidad de invertir en instalaciones adecuadas que garanticen esta prerrogativa.<\/p>\n\n\n\n<p>Finalmente, reiter\u00f3 que la forma en que nacemos influye en nuestra vida adulta, y que la violencia normalizada desde el parto incide en los niveles de violencia social. \u201cEst\u00e1 comprobado que los pa\u00edses con mayor incidencia de partos respetados y menor n\u00famero de ces\u00e1reas registran menos cr\u00edmenes violentos\u201d, puntualiz\u00f3.<\/p>\n\n\n\n<p class=\"has-text-align-right\"><em>Noelia Mart\u00ednez<\/em><\/p>\n\n\n\n<p class=\"has-text-align-right\"><em>\u00a0<\/em><\/p>\n\n\n<div class=\"pgc-sgb-cb wp-block-pgcsimplygalleryblock-masonry \" data-gallery-id=\"1c007086\"><div class=\"sgb-preloader\" id=\"pr_1c007086\">\n\t<div class=\"sgb-square\" style=\"background:#d4d4d4\"><\/div>\n\t<div class=\"sgb-square\" style=\"background:#d4d4d4\"><\/div>\n\t<div class=\"sgb-square\" style=\"background:#d4d4d4\"><\/div>\n\t<div class=\"sgb-square\" style=\"background:#d4d4d4\"><\/div><\/div><div class=\"simply-gallery-amp pgc_sgb_slider \"><noscript><div class=\"sgb-gallery\"><div class=\"sgb-item\"><a href=\"https:\/\/wp.uaslp.mx\/noticias\/wp-content\/uploads\/sites\/5\/2025\/09\/WhatsApp-Image-2025-09-05-at-16.01.32.jpeg\"><img decoding=\"async\" alt=\"\" width=\"1024\" height=\"768\" loading=\"lazy\" src=\"https:\/\/wp.uaslp.mx\/noticias\/wp-content\/uploads\/sites\/5\/2025\/09\/WhatsApp-Image-2025-09-05-at-16.01.32-1024x768.jpeg\" srcset=\"https:\/\/wp.uaslp.mx\/noticias\/wp-content\/uploads\/sites\/5\/2025\/09\/WhatsApp-Image-2025-09-05-at-16.01.32-1024x768.jpeg 1024w,https:\/\/wp.uaslp.mx\/noticias\/wp-content\/uploads\/sites\/5\/2025\/09\/WhatsApp-Image-2025-09-05-at-16.01.32.jpeg 1280w\" sizes=\"auto, 250px\"\/><\/a><\/div><\/div><\/noscript><\/div><script type=\"application\/json\" class=\"sgb-data\">{\"galleryType\":\"pgc_sgb_masonry\",\"galleryId\":\"1c007086\",\"images\":[{\"id\":20762,\"title\":\"WhatsApp Image 2025-09-05 at 16.01.32\",\"url\":\"https:\/\/wp.uaslp.mx\/noticias\/wp-content\/uploads\/sites\/5\/2025\/09\/WhatsApp-Image-2025-09-05-at-16.01.32.jpeg\",\"link\":\"https:\/\/wp.uaslp.mx\/noticias\/?attachment_id=20762\",\"alt\":\"\",\"description\":\"\",\"caption\":\"\",\"mime\":\"image\/jpeg\",\"type\":\"image\",\"width\":1280,\"height\":960,\"sizes\":{\"thumbnail\":{\"height\":150,\"width\":150,\"url\":\"https:\/\/wp.uaslp.mx\/noticias\/wp-content\/uploads\/sites\/5\/2025\/09\/WhatsApp-Image-2025-09-05-at-16.01.32-150x150.jpeg\",\"orientation\":\"landscape\"},\"medium\":{\"height\":768,\"width\":1024,\"url\":\"https:\/\/wp.uaslp.mx\/noticias\/wp-content\/uploads\/sites\/5\/2025\/09\/WhatsApp-Image-2025-09-05-at-16.01.32-1024x768.jpeg\",\"orientation\":\"landscape\"},\"full\":{\"url\":\"https:\/\/wp.uaslp.mx\/noticias\/wp-content\/uploads\/sites\/5\/2025\/09\/WhatsApp-Image-2025-09-05-at-16.01.32.jpeg\",\"height\":960,\"width\":1280,\"orientation\":\"landscape\"}},\"imageMeta\":{\"aperture\":\"0\",\"credit\":\"\",\"camera\":\"\",\"caption\":\"\",\"created_timestamp\":\"0\",\"copyright\":\"\",\"focal_length\":\"0\",\"iso\":\"0\",\"shutter_speed\":\"0\",\"title\":\"\",\"orientation\":\"0\",\"keywords\":[]},\"meta\":false}],\"itemsMetaDataCollection\":[]}<\/script><script>(function(){if(window.PGC_SGB && window.PGC_SGB.searcher){window.PGC_SGB.searcher.initBlocks()}})()<\/script><\/div>","protected":false},"excerpt":{"rendered":"<p>En el segundo d\u00eda de actividades del Primer Congreso Internacional de Criminolog\u00eda, Victimolog\u00eda y Pol\u00edtica&#8230;<\/p>\n","protected":false},"author":12,"featured_media":20765,"comment_status":"closed","ping_status":"closed","sticky":false,"template":"","format":"standard","meta":{"pgc_sgb_lightbox_settings":"","footnotes":""},"categories":[2],"tags":[183],"class_list":["post-20760","post","type-post","status-publish","format-standard","has-post-thumbnail","hentry","category-academica","tag-congreso-internacional"],"featured_image_urls":{"full":["https:\/\/wp.uaslp.mx\/noticias\/wp-content\/uploads\/sites\/5\/2025\/09\/Diseno-sin-titulo-2.png",1800,1200,false],"thumbnail":["https:\/\/wp.uaslp.mx\/noticias\/wp-content\/uploads\/sites\/5\/2025\/09\/Diseno-sin-titulo-2-150x150.png",150,150,true],"medium":["https:\/\/wp.uaslp.mx\/noticias\/wp-content\/uploads\/sites\/5\/2025\/09\/Diseno-sin-titulo-2-1024x683.png",1024,683,true],"medium_large":["https:\/\/wp.uaslp.mx\/noticias\/wp-content\/uploads\/sites\/5\/2025\/09\/Diseno-sin-titulo-2-768x512.png",640,427,true],"large":["https:\/\/wp.uaslp.mx\/noticias\/wp-content\/uploads\/sites\/5\/2025\/09\/Diseno-sin-titulo-2.png",1800,1200,false],"1536x1536":["https:\/\/wp.uaslp.mx\/noticias\/wp-content\/uploads\/sites\/5\/2025\/09\/Diseno-sin-titulo-2-1536x1024.png",1536,1024,true],"2048x2048":["https:\/\/wp.uaslp.mx\/noticias\/wp-content\/uploads\/sites\/5\/2025\/09\/Diseno-sin-titulo-2.png",1800,1200,false],"newsever-slider-full":["https:\/\/wp.uaslp.mx\/noticias\/wp-content\/uploads\/sites\/5\/2025\/09\/Diseno-sin-titulo-2-1280x845.png",1280,845,true],"newsever-featured":["https:\/\/wp.uaslp.mx\/noticias\/wp-content\/uploads\/sites\/5\/2025\/09\/Diseno-sin-titulo-2-1024x683.png",1024,683,true],"newsever-medium":["https:\/\/wp.uaslp.mx\/noticias\/wp-content\/uploads\/sites\/5\/2025\/09\/Diseno-sin-titulo-2-720x475.png",720,475,true],"mailpoet_newsletter_max":["https:\/\/wp.uaslp.mx\/noticias\/wp-content\/uploads\/sites\/5\/2025\/09\/Diseno-sin-titulo-2-1320x880.png",1320,880,true]},"author_info":{"display_name":"Prensa y difusi\u00f3n","author_link":"https:\/\/wp.uaslp.mx\/noticias\/author\/giovannamorales\/"},"category_info":"<a href=\"https:\/\/wp.uaslp.mx\/noticias\/category\/academica\/\" rel=\"category tag\">Acad\u00e9mica<\/a>","tag_info":"Acad\u00e9mica","comment_count":"0","_links":{"self":[{"href":"https:\/\/wp.uaslp.mx\/noticias\/wp-json\/wp\/v2\/posts\/20760","targetHints":{"allow":["GET"]}}],"collection":[{"href":"https:\/\/wp.uaslp.mx\/noticias\/wp-json\/wp\/v2\/posts"}],"about":[{"href":"https:\/\/wp.uaslp.mx\/noticias\/wp-json\/wp\/v2\/types\/post"}],"author":[{"embeddable":true,"href":"https:\/\/wp.uaslp.mx\/noticias\/wp-json\/wp\/v2\/users\/12"}],"replies":[{"embeddable":true,"href":"https:\/\/wp.uaslp.mx\/noticias\/wp-json\/wp\/v2\/comments?post=20760"}],"version-history":[{"count":2,"href":"https:\/\/wp.uaslp.mx\/noticias\/wp-json\/wp\/v2\/posts\/20760\/revisions"}],"predecessor-version":[{"id":20766,"href":"https:\/\/wp.uaslp.mx\/noticias\/wp-json\/wp\/v2\/posts\/20760\/revisions\/20766"}],"wp:featuredmedia":[{"embeddable":true,"href":"https:\/\/wp.uaslp.mx\/noticias\/wp-json\/wp\/v2\/media\/20765"}],"wp:attachment":[{"href":"https:\/\/wp.uaslp.mx\/noticias\/wp-json\/wp\/v2\/media?parent=20760"}],"wp:term":[{"taxonomy":"category","embeddable":true,"href":"https:\/\/wp.uaslp.mx\/noticias\/wp-json\/wp\/v2\/categories?post=20760"},{"taxonomy":"post_tag","embeddable":true,"href":"https:\/\/wp.uaslp.mx\/noticias\/wp-json\/wp\/v2\/tags?post=20760"}],"curies":[{"name":"wp","href":"https:\/\/api.w.org\/{rel}","templated":true}]}}