{"id":20731,"date":"2025-09-04T14:06:10","date_gmt":"2025-09-04T20:06:10","guid":{"rendered":"https:\/\/wp.uaslp.mx\/noticias\/?p=20731"},"modified":"2025-09-04T14:06:11","modified_gmt":"2025-09-04T20:06:11","slug":"uaslp-alberga-la-feria-nacional-del-libro-de-escritoras-mexicanas-con-tres-dias-de-letras-femeninas","status":"publish","type":"post","link":"https:\/\/wp.uaslp.mx\/noticias\/arteycultura\/uaslp-alberga-la-feria-nacional-del-libro-de-escritoras-mexicanas-con-tres-dias-de-letras-femeninas\/","title":{"rendered":"UASLP alberga la Feria Nacional del Libro de Escritoras Mexicanas con tres d\u00edas de letras femeninas"},"content":{"rendered":"\n<p>La Universidad Aut\u00f3noma de San Luis Potos\u00ed inaugur\u00f3 en el Auditorio Rafael Nieto Compe\u00e1n las jornadas de la <a href=\"https:\/\/fenalem.mx\/\">Feria Nacional del Libro de Escritoras Mexicanas <\/a>(FENALEM), evento que se extender\u00e1 hasta el domingo 7 de septiembre y que re\u00fane a autoras de todo el pa\u00eds para compartir sus obras, las historias detr\u00e1s de sus publicaciones y sus experiencias creativas.<\/p>\n\n\n\n<p>En representaci\u00f3n del rector, doctor Alejandro Zerme\u00f1o Guerra, la Lic. Cynthia Valle Meade, secretaria de Difusi\u00f3n Cultural de la UASLP, dio la bienvenida al comit\u00e9 organizador de la FENALEM.<\/p>\n\n\n\n<p>En su mensaje, la funcionaria subray\u00f3 que la palabra es una fuerza que une a la humanidad, lo ha sido desde la antig\u00fcedad y lo sigue siendo en la actualidad. Record\u00f3 que la palabra transforma, vincula y reafirma que todas y todos somos parte de un mismo origen y de una misma historia.<\/p>\n\n\n\n<p>Destac\u00f3 que la Feria es m\u00e1s que un encuentro cultural: constituye un acto de reconocimiento, visibilidad y celebraci\u00f3n, pero tambi\u00e9n de resistencia y lucha. Subray\u00f3 que cada p\u00e1gina escrita por una mujer representa una conquista frente al silencio impuesto durante siglos por la sociedad y, en muchos casos, por la cultura misma.<\/p>\n\n\n\n<p>Agreg\u00f3 que la palabra es s\u00edmbolo de resistencia frente a la violencia y la exclusi\u00f3n, y que en este encuentro se celebrar\u00e1 y escuchar\u00e1 esa voz femenina que expresa arte, conocimiento y sentir, a lo largo de tres d\u00edas de intensa actividad.<\/p>\n\n\n\n<p>A nombre del comit\u00e9 organizador, la escritora Mar\u00eda Eugenia San Mart\u00edn agradeci\u00f3 la hospitalidad de la UASLP y resalt\u00f3 que la FENALEM es un proyecto literario que une a mujeres en un esfuerzo horizontal por visibilizar las letras y abrir espacios a autoras emergentes.<\/p>\n\n\n\n<p>Subray\u00f3 que este foro tambi\u00e9n ofrece cabida a escritoras en consolidaci\u00f3n, reconociendo la participaci\u00f3n de todas aquellas que creen en este proyecto, pues su certeza y colaboraci\u00f3n ampl\u00edan las posibilidades de dar voz a creadoras de todas las edades y g\u00e9neros literarios. Se\u00f1al\u00f3 que en la FENALEM confluyen expresiones que van desde el c\u00f3mic hasta la dramaturgia, la literatura infantil y juvenil, siempre bajo un denominador com\u00fan: la calidad de las propuestas.<\/p>\n\n\n\n<p>Los trabajos de la FENALEN contienen una amplia programaci\u00f3n y para el viernes 05 de septiembre las actividades dar\u00e1n inicio a las 10:00 de la ma\u00f1ana con una lectura de textos infantiles en la que participar\u00e1n diversas escritoras. Elsa Ram\u00edrez Gardu\u00f1o presentar\u00e1 \u201cGerm\u00e1n y el drag\u00f3n de patas fr\u00edas\u201d; Teresita Dur\u00e1n compartir\u00e1 el cuento \u201cTengo una pluma paseadora\u201d; y Flor Moreno Salazar dar\u00e1 lectura a su obra \u201cZack, el mejor regalo de cumplea\u00f1os\u201d.<\/p>\n\n\n\n<p>Posteriormente, a las 13:00 horas se llevar\u00e1 a cabo una mesa de lecturas de cuentos con la presencia de reconocidas autoras. Paula Guill\u00e9n presentar\u00e1 Nocturlabio; M\u00f3nica Maydez leer\u00e1 \u201cLas burlas del gato\u201d; mientras que Isela Sayas compartir\u00e1 la historia \u201cEntre concreto y coarteaduras\u201d.<\/p>\n\n\n\n<p>Para el s\u00e1bado 6 de septiembre, las actividades se extender\u00e1n hasta las 18:00 horas, con un programa que incluye destacadas lecturas. Silvia Parque participar\u00e1 con el texto \u201cNo s\u00e9, creo, me acuerdo\u201d; Guadalupe Castro Contreras con el cuento \u201cPenumbra\u201d; y Lucero Pe\u00f1a con su \u201cCuentario: Cuna de sombra\u201d.<\/p>\n\n\n\n<p>Finalmente, el domingo 7 de septiembre se llevar\u00e1 a cabo la clausura del evento a las 18:00 horas en el Auditorio Rafael Nieto Compe\u00e1n. De manera previa, se presentar\u00e1 un ciclo de lecturas de poes\u00eda a cargo de Ana Basilio, con \u201cY como \u00faltimo acto de amor voy a fingir que falleciste\u201d; Astrid Paola Chavelas, con \u201cDe lo que nadie habla\u201d; y Judith Escand\u00f3n, con \u201cLa musa del fuego\u201d.<\/p>\n\n\n\n<p>El programa completo se puede consultar en el link:<a href=\"https:\/\/fenalem.mx\/entradas\/noticias\/programa-general-fenalem-2025\/\"> https:\/\/fenalem.mx\/entradas\/noticias\/programa-general-fenalem-2025\/<\/a><\/p>\n\n\n\n<p class=\"has-text-align-right\"><em>Guadalupe Guevara<\/em><\/p>\n\n\n\n<figure class=\"wp-block-gallery has-nested-images columns-default is-cropped wp-block-gallery-1 is-layout-flex wp-block-gallery-is-layout-flex\">\n<figure class=\"wp-block-image size-large\"><img loading=\"lazy\" decoding=\"async\" width=\"1200\" height=\"1600\" data-id=\"20734\" src=\"https:\/\/wp.uaslp.mx\/noticias\/wp-content\/uploads\/sites\/5\/2025\/09\/WhatsApp-Image-2025-09-04-at-2.01.10-PM.jpeg\" alt=\"\" class=\"wp-image-20734\" srcset=\"https:\/\/wp.uaslp.mx\/noticias\/wp-content\/uploads\/sites\/5\/2025\/09\/WhatsApp-Image-2025-09-04-at-2.01.10-PM.jpeg 1200w, https:\/\/wp.uaslp.mx\/noticias\/wp-content\/uploads\/sites\/5\/2025\/09\/WhatsApp-Image-2025-09-04-at-2.01.10-PM-768x1024.jpeg 768w, https:\/\/wp.uaslp.mx\/noticias\/wp-content\/uploads\/sites\/5\/2025\/09\/WhatsApp-Image-2025-09-04-at-2.01.10-PM-1152x1536.jpeg 1152w, https:\/\/wp.uaslp.mx\/noticias\/wp-content\/uploads\/sites\/5\/2025\/09\/WhatsApp-Image-2025-09-04-at-2.01.10-PM-1024x1365.jpeg 1024w\" sizes=\"auto, (max-width: 1200px) 100vw, 1200px\" \/><\/figure>\n\n\n\n<figure class=\"wp-block-image size-medium\"><img loading=\"lazy\" decoding=\"async\" width=\"768\" height=\"1024\" data-id=\"20733\" src=\"https:\/\/wp.uaslp.mx\/noticias\/wp-content\/uploads\/sites\/5\/2025\/09\/WhatsApp-Image-2025-09-04-at-2.01.00-PM-768x1024.jpeg\" alt=\"\" class=\"wp-image-20733\" srcset=\"https:\/\/wp.uaslp.mx\/noticias\/wp-content\/uploads\/sites\/5\/2025\/09\/WhatsApp-Image-2025-09-04-at-2.01.00-PM-768x1024.jpeg 768w, https:\/\/wp.uaslp.mx\/noticias\/wp-content\/uploads\/sites\/5\/2025\/09\/WhatsApp-Image-2025-09-04-at-2.01.00-PM-1152x1536.jpeg 1152w, https:\/\/wp.uaslp.mx\/noticias\/wp-content\/uploads\/sites\/5\/2025\/09\/WhatsApp-Image-2025-09-04-at-2.01.00-PM-1024x1365.jpeg 1024w, https:\/\/wp.uaslp.mx\/noticias\/wp-content\/uploads\/sites\/5\/2025\/09\/WhatsApp-Image-2025-09-04-at-2.01.00-PM.jpeg 1200w\" sizes=\"auto, (max-width: 768px) 100vw, 768px\" \/><\/figure>\n<\/figure>\n","protected":false},"excerpt":{"rendered":"<p>La Universidad Aut\u00f3noma de San Luis Potos\u00ed inaugur\u00f3 en el Auditorio Rafael Nieto Compe\u00e1n las&#8230;<\/p>\n","protected":false},"author":12,"featured_media":20732,"comment_status":"closed","ping_status":"closed","sticky":false,"template":"","format":"standard","meta":{"pgc_sgb_lightbox_settings":"","footnotes":""},"categories":[3],"tags":[3089],"class_list":["post-20731","post","type-post","status-publish","format-standard","has-post-thumbnail","hentry","category-arteycultura","tag-fenalemuaslp"],"featured_image_urls":{"full":["https:\/\/wp.uaslp.mx\/noticias\/wp-content\/uploads\/sites\/5\/2025\/09\/WhatsApp-Image-2025-09-04-at-2.01.09-PM.jpeg",1600,1200,false],"thumbnail":["https:\/\/wp.uaslp.mx\/noticias\/wp-content\/uploads\/sites\/5\/2025\/09\/WhatsApp-Image-2025-09-04-at-2.01.09-PM-150x150.jpeg",150,150,true],"medium":["https:\/\/wp.uaslp.mx\/noticias\/wp-content\/uploads\/sites\/5\/2025\/09\/WhatsApp-Image-2025-09-04-at-2.01.09-PM-1024x768.jpeg",1024,768,true],"medium_large":["https:\/\/wp.uaslp.mx\/noticias\/wp-content\/uploads\/sites\/5\/2025\/09\/WhatsApp-Image-2025-09-04-at-2.01.09-PM-768x576.jpeg",640,480,true],"large":["https:\/\/wp.uaslp.mx\/noticias\/wp-content\/uploads\/sites\/5\/2025\/09\/WhatsApp-Image-2025-09-04-at-2.01.09-PM.jpeg",1600,1200,false],"1536x1536":["https:\/\/wp.uaslp.mx\/noticias\/wp-content\/uploads\/sites\/5\/2025\/09\/WhatsApp-Image-2025-09-04-at-2.01.09-PM-1536x1152.jpeg",1536,1152,true],"2048x2048":["https:\/\/wp.uaslp.mx\/noticias\/wp-content\/uploads\/sites\/5\/2025\/09\/WhatsApp-Image-2025-09-04-at-2.01.09-PM.jpeg",1600,1200,false],"newsever-slider-full":["https:\/\/wp.uaslp.mx\/noticias\/wp-content\/uploads\/sites\/5\/2025\/09\/WhatsApp-Image-2025-09-04-at-2.01.09-PM-1280x845.jpeg",1280,845,true],"newsever-featured":["https:\/\/wp.uaslp.mx\/noticias\/wp-content\/uploads\/sites\/5\/2025\/09\/WhatsApp-Image-2025-09-04-at-2.01.09-PM-1024x768.jpeg",1024,768,true],"newsever-medium":["https:\/\/wp.uaslp.mx\/noticias\/wp-content\/uploads\/sites\/5\/2025\/09\/WhatsApp-Image-2025-09-04-at-2.01.09-PM-720x475.jpeg",720,475,true],"mailpoet_newsletter_max":["https:\/\/wp.uaslp.mx\/noticias\/wp-content\/uploads\/sites\/5\/2025\/09\/WhatsApp-Image-2025-09-04-at-2.01.09-PM-1320x990.jpeg",1320,990,true]},"author_info":{"display_name":"Prensa y difusi\u00f3n","author_link":"https:\/\/wp.uaslp.mx\/noticias\/author\/giovannamorales\/"},"category_info":"<a href=\"https:\/\/wp.uaslp.mx\/noticias\/category\/arteycultura\/\" rel=\"category tag\">Arte y cultura<\/a>","tag_info":"Arte y cultura","comment_count":"0","_links":{"self":[{"href":"https:\/\/wp.uaslp.mx\/noticias\/wp-json\/wp\/v2\/posts\/20731","targetHints":{"allow":["GET"]}}],"collection":[{"href":"https:\/\/wp.uaslp.mx\/noticias\/wp-json\/wp\/v2\/posts"}],"about":[{"href":"https:\/\/wp.uaslp.mx\/noticias\/wp-json\/wp\/v2\/types\/post"}],"author":[{"embeddable":true,"href":"https:\/\/wp.uaslp.mx\/noticias\/wp-json\/wp\/v2\/users\/12"}],"replies":[{"embeddable":true,"href":"https:\/\/wp.uaslp.mx\/noticias\/wp-json\/wp\/v2\/comments?post=20731"}],"version-history":[{"count":1,"href":"https:\/\/wp.uaslp.mx\/noticias\/wp-json\/wp\/v2\/posts\/20731\/revisions"}],"predecessor-version":[{"id":20735,"href":"https:\/\/wp.uaslp.mx\/noticias\/wp-json\/wp\/v2\/posts\/20731\/revisions\/20735"}],"wp:featuredmedia":[{"embeddable":true,"href":"https:\/\/wp.uaslp.mx\/noticias\/wp-json\/wp\/v2\/media\/20732"}],"wp:attachment":[{"href":"https:\/\/wp.uaslp.mx\/noticias\/wp-json\/wp\/v2\/media?parent=20731"}],"wp:term":[{"taxonomy":"category","embeddable":true,"href":"https:\/\/wp.uaslp.mx\/noticias\/wp-json\/wp\/v2\/categories?post=20731"},{"taxonomy":"post_tag","embeddable":true,"href":"https:\/\/wp.uaslp.mx\/noticias\/wp-json\/wp\/v2\/tags?post=20731"}],"curies":[{"name":"wp","href":"https:\/\/api.w.org\/{rel}","templated":true}]}}