{"id":20717,"date":"2025-09-04T13:03:17","date_gmt":"2025-09-04T19:03:17","guid":{"rendered":"https:\/\/wp.uaslp.mx\/noticias\/?p=20717"},"modified":"2025-09-04T13:04:06","modified_gmt":"2025-09-04T19:04:06","slug":"academia-y-realidad-social-eje-del-primer-congreso-internacional-de-criminologia-victimologia-y-politica-criminal-de-la-uaslp","status":"publish","type":"post","link":"https:\/\/wp.uaslp.mx\/noticias\/academica\/academia-y-realidad-social-eje-del-primer-congreso-internacional-de-criminologia-victimologia-y-politica-criminal-de-la-uaslp\/","title":{"rendered":"Academia y realidad social, eje del Primer Congreso Internacional de Criminolog\u00eda, Victimolog\u00eda y Pol\u00edtica Criminal de la UASLP"},"content":{"rendered":"\n<p>La <a href=\"https:\/\/www.derecho.uaslp.mx\/#gsc.tab=0\">Facultad de Derecho Abogado Ponciano Arriaga Leija<\/a> puso en marcha el <a href=\"https:\/\/redaccionsanluispotosi.com\/destacados\/2025\/facultad-de-derecho-de-la-uaslp-llevara-a-cabo-el-primer-congreso-internacional-de-criminologia-victimologia-y-politica-criminal\/?fbclid=IwY2xjawMmwOZleHRuA2FlbQIxMABicmlkETFEZ2t2QlA4dW91Ukw0ZFdiAR7au_6zH5edfs4sr-fOORsjiwh3QEltDlnr5WWya2bJDBQi4DqaFGCqZnWnkQ_aem_TFOWudHdNYxu7HRR0tL26A\">Primer Congreso Internacional de Criminolog\u00eda, Victimolog\u00eda y Pol\u00edtica Criminal<\/a>, encuentro acad\u00e9mico que re\u00fane a especialistas de talla nacional e internacional durante los d\u00edas jueves 5 y viernes 6 de septiembre, en el Centro de Emprendimiento e Innovaci\u00f3n Potosino de la UASLP.<\/p>\n\n\n\n<p>En la ceremonia de apertura, el director de la Facultad de Derecho, Lic. Germ\u00e1n Federico Pedroza Gait\u00e1n, destac\u00f3 que para la Universidad Aut\u00f3noma de San Luis Potos\u00ed resulta satisfactorio llevar a cabo actividades que fortalecen la formaci\u00f3n acad\u00e9mica y cultural de los estudiantes, al tiempo que permiten estrechar v\u00ednculos con la sociedad en torno a temas de criminolog\u00eda, victimolog\u00eda y pol\u00edtica criminal.<\/p>\n\n\n\n<p>Se\u00f1al\u00f3 que durante dos d\u00edas los asistentes tendr\u00e1n la oportunidad de escuchar ponencias y experiencias de personalidades con amplia trayectoria, aportaciones que resultar\u00e1n valiosas para su desarrollo profesional. \u201cLa Facultad de Derecho imparte la Licenciatura en Criminolog\u00eda y la Maestr\u00eda en Pol\u00edtica Criminal, ambas constituyen un eje esencial para nuestra labor acad\u00e9mica. Tenemos la certeza de que los resultados de este congreso beneficiar\u00e1n tanto a la comunidad universitaria como a la sociedad en general\u201d, afirm\u00f3.<\/p>\n\n\n\n<p>Por su parte, el director de la Unidad de Posgrado de la Facultad, Mtro. Fernando Robledo, subray\u00f3 que este tipo de encuentros fortalecen la oferta acad\u00e9mica de la instituci\u00f3n. En particular, los relacionados con la criminolog\u00eda acercan a los estudiantes a la Maestr\u00eda en Pol\u00edtica Criminal y los invitan a reflexionar sobre la pertinencia y alcance de esta disciplina.<\/p>\n\n\n\n<p>Asimismo, reconoci\u00f3 el inter\u00e9s de las y los estudiantes que participan en este foro, el cual sit\u00faa a la Universidad Aut\u00f3noma de San Luis Potos\u00ed como un espacio id\u00f3neo para generar conocimiento y herramientas mediante mesas de debate, conferencias y di\u00e1logos especializados. \u201cLos exhorto a aprovechar la experiencia de los docentes que compartir\u00e1n sus reflexiones y propuestas; de ese intercambio se nutre la vinculaci\u00f3n entre academia y vida real\u201d, agreg\u00f3.<\/p>\n\n\n\n<p>El pres\u00eddium estuvo conformado tambi\u00e9n por la Dra. Karla Monroy Ojeda, profesora investigadora de la Facultad y coordinadora del Congreso, as\u00ed como por la Dra. Elizabet Alejandra D\u00edaz de Le\u00f3n Alfaro, acad\u00e9mica del plantel.<\/p>\n\n\n\n<p>Como parte de la primera actividad del Congreso, el Mtro. Rub\u00e9n Ignacio Moreira Valdez, coordinador del grupo parlamentario del PRI en el Congreso de la Uni\u00f3n y exgobernador de Coahuila, sostuvo un di\u00e1logo con estudiantes de la Licenciatura en Criminolog\u00eda.<\/p>\n\n\n\n<p>En su intervenci\u00f3n agradeci\u00f3 la invitaci\u00f3n de la UASLP y reconoci\u00f3 la importancia de que estos foros se realicen en una de las instituciones de educaci\u00f3n superior m\u00e1s destacadas del pa\u00eds. Record\u00f3 que la Universidad ha sido, especialmente para el norte del pa\u00eds y estados como Coahuila, una formadora de profesionistas. \u201cInteractuar con los estudiantes en un espacio acad\u00e9mico, presentar aspectos te\u00f3ricos y pr\u00e1cticos, as\u00ed como generar di\u00e1logo, es fundamental para su formaci\u00f3n, y ese fue el objetivo de esta charla\u201d, se\u00f1al\u00f3.<\/p>\n\n\n\n<p>Al referirse a la estrategia de seguridad aplicada en Coahuila durante su administraci\u00f3n, explic\u00f3 que la paz y la seguridad son posibles de mantener mediante un enfoque multidimensional. \u201cNo se trata \u00fanicamente del uso de la fuerza p\u00fablica; la seguridad debe prevenir el delito, atender sus causas, garantizar el respeto a los derechos humanos y terminar con la impunidad\u201d, enfatiz\u00f3.<\/p>\n\n\n\n<p class=\"has-text-align-right\"><em>Noelia Mart\u00ednez<\/em><\/p>\n\n\n<div class=\"pgc-sgb-cb wp-block-pgcsimplygalleryblock-justified \" data-gallery-id=\"b6964089\"><div class=\"sgb-preloader\" id=\"pr_b6964089\">\n\t<div class=\"sgb-square\" style=\"background:#d4d4d4\"><\/div>\n\t<div class=\"sgb-square\" style=\"background:#d4d4d4\"><\/div>\n\t<div class=\"sgb-square\" style=\"background:#d4d4d4\"><\/div>\n\t<div class=\"sgb-square\" style=\"background:#d4d4d4\"><\/div><\/div><div class=\"simply-gallery-amp pgc_sgb_slider \"><noscript><div class=\"sgb-gallery\"><\/div><\/noscript><\/div><script type=\"application\/json\" class=\"sgb-data\">{\"galleryType\":\"pgc_sgb_justified\",\"galleryId\":\"b6964089\",\"images\":[{\"url\":\"https:\/\/wp.uaslp.mx\/noticias\/wp-content\/uploads\/sites\/5\/2025\/09\/WhatsApp-Image-2025-09-04-at-12.57.11-PM-1.jpeg\",\"id\":20721,\"alt\":\"\"},{\"url\":\"https:\/\/wp.uaslp.mx\/noticias\/wp-content\/uploads\/sites\/5\/2025\/09\/WhatsApp-Image-2025-09-04-at-12.57.10-PM-1.jpeg\",\"id\":20719,\"alt\":\"\"},{\"url\":\"https:\/\/wp.uaslp.mx\/noticias\/wp-content\/uploads\/sites\/5\/2025\/09\/WhatsApp-Image-2025-09-04-at-12.57.11-PM.jpeg\",\"id\":20720,\"alt\":\"\"},{\"url\":\"https:\/\/wp.uaslp.mx\/noticias\/wp-content\/uploads\/sites\/5\/2025\/09\/WhatsApp-Image-2025-09-04-at-12.57.11-PM-2.jpeg\",\"id\":20722,\"alt\":\"\"}],\"itemsMetaDataCollection\":[]}<\/script><script>(function(){if(window.PGC_SGB && window.PGC_SGB.searcher){window.PGC_SGB.searcher.initBlocks()}})()<\/script><\/div>","protected":false},"excerpt":{"rendered":"<p>La Facultad de Derecho Abogado Ponciano Arriaga Leija puso en marcha el Primer Congreso Internacional&#8230;<\/p>\n","protected":false},"author":12,"featured_media":20718,"comment_status":"closed","ping_status":"closed","sticky":false,"template":"","format":"standard","meta":{"pgc_sgb_lightbox_settings":"","footnotes":""},"categories":[2],"tags":[3087],"class_list":["post-20717","post","type-post","status-publish","format-standard","has-post-thumbnail","hentry","category-academica","tag-congresocriminologiauaslp"],"featured_image_urls":{"full":["https:\/\/wp.uaslp.mx\/noticias\/wp-content\/uploads\/sites\/5\/2025\/09\/WhatsApp-Image-2025-09-04-at-12.57.10-PM.jpeg",1280,882,false],"thumbnail":["https:\/\/wp.uaslp.mx\/noticias\/wp-content\/uploads\/sites\/5\/2025\/09\/WhatsApp-Image-2025-09-04-at-12.57.10-PM-150x150.jpeg",150,150,true],"medium":["https:\/\/wp.uaslp.mx\/noticias\/wp-content\/uploads\/sites\/5\/2025\/09\/WhatsApp-Image-2025-09-04-at-12.57.10-PM-1024x706.jpeg",1024,706,true],"medium_large":["https:\/\/wp.uaslp.mx\/noticias\/wp-content\/uploads\/sites\/5\/2025\/09\/WhatsApp-Image-2025-09-04-at-12.57.10-PM-768x529.jpeg",640,441,true],"large":["https:\/\/wp.uaslp.mx\/noticias\/wp-content\/uploads\/sites\/5\/2025\/09\/WhatsApp-Image-2025-09-04-at-12.57.10-PM.jpeg",1280,882,false],"1536x1536":["https:\/\/wp.uaslp.mx\/noticias\/wp-content\/uploads\/sites\/5\/2025\/09\/WhatsApp-Image-2025-09-04-at-12.57.10-PM.jpeg",1280,882,false],"2048x2048":["https:\/\/wp.uaslp.mx\/noticias\/wp-content\/uploads\/sites\/5\/2025\/09\/WhatsApp-Image-2025-09-04-at-12.57.10-PM.jpeg",1280,882,false],"newsever-slider-full":["https:\/\/wp.uaslp.mx\/noticias\/wp-content\/uploads\/sites\/5\/2025\/09\/WhatsApp-Image-2025-09-04-at-12.57.10-PM-1280x845.jpeg",1280,845,true],"newsever-featured":["https:\/\/wp.uaslp.mx\/noticias\/wp-content\/uploads\/sites\/5\/2025\/09\/WhatsApp-Image-2025-09-04-at-12.57.10-PM-1024x706.jpeg",1024,706,true],"newsever-medium":["https:\/\/wp.uaslp.mx\/noticias\/wp-content\/uploads\/sites\/5\/2025\/09\/WhatsApp-Image-2025-09-04-at-12.57.10-PM-720x475.jpeg",720,475,true],"mailpoet_newsletter_max":["https:\/\/wp.uaslp.mx\/noticias\/wp-content\/uploads\/sites\/5\/2025\/09\/WhatsApp-Image-2025-09-04-at-12.57.10-PM.jpeg",1280,882,false]},"author_info":{"display_name":"Prensa y difusi\u00f3n","author_link":"https:\/\/wp.uaslp.mx\/noticias\/author\/giovannamorales\/"},"category_info":"<a href=\"https:\/\/wp.uaslp.mx\/noticias\/category\/academica\/\" rel=\"category tag\">Acad\u00e9mica<\/a>","tag_info":"Acad\u00e9mica","comment_count":"0","_links":{"self":[{"href":"https:\/\/wp.uaslp.mx\/noticias\/wp-json\/wp\/v2\/posts\/20717","targetHints":{"allow":["GET"]}}],"collection":[{"href":"https:\/\/wp.uaslp.mx\/noticias\/wp-json\/wp\/v2\/posts"}],"about":[{"href":"https:\/\/wp.uaslp.mx\/noticias\/wp-json\/wp\/v2\/types\/post"}],"author":[{"embeddable":true,"href":"https:\/\/wp.uaslp.mx\/noticias\/wp-json\/wp\/v2\/users\/12"}],"replies":[{"embeddable":true,"href":"https:\/\/wp.uaslp.mx\/noticias\/wp-json\/wp\/v2\/comments?post=20717"}],"version-history":[{"count":2,"href":"https:\/\/wp.uaslp.mx\/noticias\/wp-json\/wp\/v2\/posts\/20717\/revisions"}],"predecessor-version":[{"id":20724,"href":"https:\/\/wp.uaslp.mx\/noticias\/wp-json\/wp\/v2\/posts\/20717\/revisions\/20724"}],"wp:featuredmedia":[{"embeddable":true,"href":"https:\/\/wp.uaslp.mx\/noticias\/wp-json\/wp\/v2\/media\/20718"}],"wp:attachment":[{"href":"https:\/\/wp.uaslp.mx\/noticias\/wp-json\/wp\/v2\/media?parent=20717"}],"wp:term":[{"taxonomy":"category","embeddable":true,"href":"https:\/\/wp.uaslp.mx\/noticias\/wp-json\/wp\/v2\/categories?post=20717"},{"taxonomy":"post_tag","embeddable":true,"href":"https:\/\/wp.uaslp.mx\/noticias\/wp-json\/wp\/v2\/tags?post=20717"}],"curies":[{"name":"wp","href":"https:\/\/api.w.org\/{rel}","templated":true}]}}