{"id":20713,"date":"2025-09-04T12:30:33","date_gmt":"2025-09-04T18:30:33","guid":{"rendered":"https:\/\/wp.uaslp.mx\/noticias\/?p=20713"},"modified":"2025-09-04T12:30:33","modified_gmt":"2025-09-04T18:30:33","slug":"uaslp-impulsa-la-semana-institucional-de-emprendimiento-2025-con-actividades-en-todas-sus-regiones","status":"publish","type":"post","link":"https:\/\/wp.uaslp.mx\/noticias\/comunidad\/uaslp-impulsa-la-semana-institucional-de-emprendimiento-2025-con-actividades-en-todas-sus-regiones\/","title":{"rendered":"UASLP impulsa la Semana Institucional de Emprendimiento 2025 con actividades en todas sus regiones"},"content":{"rendered":"\n<p>La Universidad Aut\u00f3noma de San Luis Potos\u00ed (UASLP), a trav\u00e9s de la <a href=\"https:\/\/www.uaslp.mx\/Vinculacion\/#gsc.tab=0\">Secretar\u00eda de Vinculaci\u00f3n Social Universitaria<\/a>, prepara la cuarta edici\u00f3n de la <a href=\"https:\/\/forms.office.com\/pages\/responsepage.aspx?id=WBZoYC0PTkqq8W_V8tujP5Ov5DjNiE1EuZBZZvrVGMFUMzFZRFdEREcwVENOVEM5WFM4QTg5VlhMNy4u&amp;fbclid=IwY2xjawMmuK9leHRuA2FlbQIxMABicmlkETFkY0EwV0JPRURzRnZNbDlvAR64lIpZ86IHMXzIk1g2QgL_nqn7sE2iP1jDwb8yU_WuFZMNXaEatZyn1l0ITA_aem_YXO-0mWJadF_Viy47ymGlw&amp;route=shorturl\">Semana Institucional de Emprendimiento UASLP<\/a>, que se llevar\u00e1 a cabo del 8 al 12 de septiembre en diferentes campus de la instituci\u00f3n.<\/p>\n\n\n\n<p>El maestro Gylmar Mariel C\u00e1rdenas, titular de la dependencia, inform\u00f3 que la inauguraci\u00f3n ser\u00e1 el 8 de septiembre en el Centro Cultural Universitario Bicentenario. Posteriormente, las actividades se trasladar\u00e1n a las regiones universitarias: el d\u00eda 9 en Matehuala, el 10 en la Zona Media, el 11 en la Huasteca y el 12 en el Centro de Emprendimiento de la UASLP.<\/p>\n\n\n\n<p>Durante la semana se realizar\u00e1n talleres y cursos pr\u00e1cticos para fomentar la actitud emprendedora, dirigidos tanto a estudiantes como a docentes. Entre los invitados destacan Irlanda Roa, potosina radicada en Espa\u00f1a y emprendedora reconocida a nivel internacional, as\u00ed como Mark Guardiola y Juan Carlos Gius, quienes compartir\u00e1n sus experiencias.<\/p>\n\n\n\n<p>El maestro Mariel C\u00e1rdenas subray\u00f3 que el emprendimiento no se limita a la creaci\u00f3n de empresas, pues tambi\u00e9n se abordar\u00e1 el concepto de intraemprendimiento, que busca innovar dentro de organizaciones ya existentes.<\/p>\n\n\n\n<p>Paralelamente, la Secretar\u00eda de Vinculaci\u00f3n Social Universitaria desarrolla la Semana de Educaci\u00f3n Continua, que ofrece cursos gratuitos en diversas \u00e1reas, desde herramientas digitales hasta inteligencia artificial, abiertos a la comunidad universitaria y al p\u00fablico en general.<\/p>\n\n\n\n<p>Finalmente, invit\u00f3 a seguir las redes sociales de la Secretar\u00eda para conocer la programaci\u00f3n completa y registrarse en las actividades, con el objetivo de impulsar el desarrollo de emprendedores en San Luis Potos\u00ed y proyectar su talento a nivel nacional e internacional.<\/p>\n\n\n\n<p class=\"has-text-align-right\"><em>Hugo Laussin<\/em><\/p>\n\n\n<div class=\"pgc-sgb-cb wp-block-pgcsimplygalleryblock-masonry \" data-gallery-id=\"14362014\"><div class=\"sgb-preloader\" id=\"pr_14362014\">\n\t<div class=\"sgb-square\" style=\"background:#d4d4d4\"><\/div>\n\t<div class=\"sgb-square\" style=\"background:#d4d4d4\"><\/div>\n\t<div class=\"sgb-square\" style=\"background:#d4d4d4\"><\/div>\n\t<div class=\"sgb-square\" style=\"background:#d4d4d4\"><\/div><\/div><div class=\"simply-gallery-amp pgc_sgb_slider \"><noscript><div class=\"sgb-gallery\"><\/div><\/noscript><\/div><script type=\"application\/json\" class=\"sgb-data\">{\"galleryType\":\"pgc_sgb_masonry\",\"galleryId\":\"14362014\",\"images\":[{\"url\":\"https:\/\/wp.uaslp.mx\/noticias\/wp-content\/uploads\/sites\/5\/2025\/09\/semana_Emprendimiento2025.png\",\"id\":20715,\"alt\":\"\"}],\"itemsMetaDataCollection\":[]}<\/script><script>(function(){if(window.PGC_SGB && window.PGC_SGB.searcher){window.PGC_SGB.searcher.initBlocks()}})()<\/script><\/div>","protected":false},"excerpt":{"rendered":"<p>La Universidad Aut\u00f3noma de San Luis Potos\u00ed (UASLP), a trav\u00e9s de la Secretar\u00eda de Vinculaci\u00f3n&#8230;<\/p>\n","protected":false},"author":12,"featured_media":20714,"comment_status":"closed","ping_status":"closed","sticky":false,"template":"","format":"standard","meta":{"pgc_sgb_lightbox_settings":"","footnotes":""},"categories":[5,855],"tags":[3086],"class_list":["post-20713","post","type-post","status-publish","format-standard","has-post-thumbnail","hentry","category-comunidad","category-servicios","tag-talentoemprendedorslp"],"featured_image_urls":{"full":["https:\/\/wp.uaslp.mx\/noticias\/wp-content\/uploads\/sites\/5\/2025\/09\/WhatsApp-Image-2025-09-04-at-12.14.20-PM.jpeg",2560,1991,false],"thumbnail":["https:\/\/wp.uaslp.mx\/noticias\/wp-content\/uploads\/sites\/5\/2025\/09\/WhatsApp-Image-2025-09-04-at-12.14.20-PM-150x150.jpeg",150,150,true],"medium":["https:\/\/wp.uaslp.mx\/noticias\/wp-content\/uploads\/sites\/5\/2025\/09\/WhatsApp-Image-2025-09-04-at-12.14.20-PM-1024x796.jpeg",1024,796,true],"medium_large":["https:\/\/wp.uaslp.mx\/noticias\/wp-content\/uploads\/sites\/5\/2025\/09\/WhatsApp-Image-2025-09-04-at-12.14.20-PM-768x597.jpeg",640,498,true],"large":["https:\/\/wp.uaslp.mx\/noticias\/wp-content\/uploads\/sites\/5\/2025\/09\/WhatsApp-Image-2025-09-04-at-12.14.20-PM.jpeg",2560,1991,false],"1536x1536":["https:\/\/wp.uaslp.mx\/noticias\/wp-content\/uploads\/sites\/5\/2025\/09\/WhatsApp-Image-2025-09-04-at-12.14.20-PM-1536x1195.jpeg",1536,1195,true],"2048x2048":["https:\/\/wp.uaslp.mx\/noticias\/wp-content\/uploads\/sites\/5\/2025\/09\/WhatsApp-Image-2025-09-04-at-12.14.20-PM-2048x1593.jpeg",2048,1593,true],"newsever-slider-full":["https:\/\/wp.uaslp.mx\/noticias\/wp-content\/uploads\/sites\/5\/2025\/09\/WhatsApp-Image-2025-09-04-at-12.14.20-PM-1280x845.jpeg",1280,845,true],"newsever-featured":["https:\/\/wp.uaslp.mx\/noticias\/wp-content\/uploads\/sites\/5\/2025\/09\/WhatsApp-Image-2025-09-04-at-12.14.20-PM-1024x796.jpeg",1024,796,true],"newsever-medium":["https:\/\/wp.uaslp.mx\/noticias\/wp-content\/uploads\/sites\/5\/2025\/09\/WhatsApp-Image-2025-09-04-at-12.14.20-PM-720x475.jpeg",720,475,true],"mailpoet_newsletter_max":["https:\/\/wp.uaslp.mx\/noticias\/wp-content\/uploads\/sites\/5\/2025\/09\/WhatsApp-Image-2025-09-04-at-12.14.20-PM-1320x1027.jpeg",1320,1027,true]},"author_info":{"display_name":"Prensa y difusi\u00f3n","author_link":"https:\/\/wp.uaslp.mx\/noticias\/author\/giovannamorales\/"},"category_info":"<a href=\"https:\/\/wp.uaslp.mx\/noticias\/category\/comunidad\/\" rel=\"category tag\">Comunidad<\/a> <a href=\"https:\/\/wp.uaslp.mx\/noticias\/category\/servicios\/\" rel=\"category tag\">Servicios<\/a>","tag_info":"Servicios","comment_count":"0","_links":{"self":[{"href":"https:\/\/wp.uaslp.mx\/noticias\/wp-json\/wp\/v2\/posts\/20713","targetHints":{"allow":["GET"]}}],"collection":[{"href":"https:\/\/wp.uaslp.mx\/noticias\/wp-json\/wp\/v2\/posts"}],"about":[{"href":"https:\/\/wp.uaslp.mx\/noticias\/wp-json\/wp\/v2\/types\/post"}],"author":[{"embeddable":true,"href":"https:\/\/wp.uaslp.mx\/noticias\/wp-json\/wp\/v2\/users\/12"}],"replies":[{"embeddable":true,"href":"https:\/\/wp.uaslp.mx\/noticias\/wp-json\/wp\/v2\/comments?post=20713"}],"version-history":[{"count":1,"href":"https:\/\/wp.uaslp.mx\/noticias\/wp-json\/wp\/v2\/posts\/20713\/revisions"}],"predecessor-version":[{"id":20716,"href":"https:\/\/wp.uaslp.mx\/noticias\/wp-json\/wp\/v2\/posts\/20713\/revisions\/20716"}],"wp:featuredmedia":[{"embeddable":true,"href":"https:\/\/wp.uaslp.mx\/noticias\/wp-json\/wp\/v2\/media\/20714"}],"wp:attachment":[{"href":"https:\/\/wp.uaslp.mx\/noticias\/wp-json\/wp\/v2\/media?parent=20713"}],"wp:term":[{"taxonomy":"category","embeddable":true,"href":"https:\/\/wp.uaslp.mx\/noticias\/wp-json\/wp\/v2\/categories?post=20713"},{"taxonomy":"post_tag","embeddable":true,"href":"https:\/\/wp.uaslp.mx\/noticias\/wp-json\/wp\/v2\/tags?post=20713"}],"curies":[{"name":"wp","href":"https:\/\/api.w.org\/{rel}","templated":true}]}}