{"id":20700,"date":"2025-09-03T12:41:35","date_gmt":"2025-09-03T18:41:35","guid":{"rendered":"https:\/\/wp.uaslp.mx\/noticias\/?p=20700"},"modified":"2025-09-03T14:33:33","modified_gmt":"2025-09-03T20:33:33","slug":"agenda-llena-para-las-aguilas-marching-band-de-la-fepzh-inicia-con-participacion-en-la-universiada-cervantina","status":"publish","type":"post","link":"https:\/\/wp.uaslp.mx\/noticias\/arteycultura\/agenda-llena-para-las-aguilas-marching-band-de-la-fepzh-inicia-con-participacion-en-la-universiada-cervantina\/","title":{"rendered":"Agenda llena para Las \u00c1guilas Marching Band de la FEPZH inicia con participaci\u00f3n en la Universiada Cervantina"},"content":{"rendered":"\n<p>Las \u00c1guilas Marching Band de la <a href=\"https:\/\/www.fepzh.uaslp.mx\/#gsc.tab=0\">Facultad de Estudios Profesionales Zona Huasteca<\/a> (FEPZH) de la Universidad Aut\u00f3noma de San Luis Potos\u00ed (UASLP) se presentar\u00e1 este jueves 4 de septiembre en la ciudad de Guanajuato, como parte de las actividades de la Universiada Cervantina, confirm\u00f3 el coordinador de Difusi\u00f3n Cultural de la entidad acad\u00e9mica, Lic. Daniel Mir\u00f3n.<\/p>\n\n\n\n<p>En entrevista, el funcionario se\u00f1al\u00f3 que este grupo de estudiantes apasionados por el arte, la m\u00fasica y el baile tiene una agenda casi llena para el semestre agosto-diciembre 2025, gracias a las diversas invitaciones recibidas, a trav\u00e9s de la Secretar\u00eda de Difusi\u00f3n Cultural de la UASLP, para participar en eventos dentro y fuera de San Luis Potos\u00ed.<\/p>\n\n\n\n<p>La agrupaci\u00f3n est\u00e1 integrada por alrededor de 70 estudiantes distribuidos en las secciones de vientos, percusiones y alegor\u00edas. Cada miembro contribuye a cumplir los objetivos de la banda: interpretar canciones y cadencias, adem\u00e1s de ejecutar las coreograf\u00edas correspondientes. El grupo es mixto y cuenta con la instrucci\u00f3n del licenciado en m\u00fasica Antonio Hern\u00e1ndez, encargado de la capacitaci\u00f3n instrumental, mientras que el Lic. Diego L\u00e1rraga dirige las coreograf\u00edas.<\/p>\n\n\n\n<p>Entre las actividades programadas, el grupo participar\u00e1 en las fiestas patronales del municipio de Tancanhuitz el viernes 26 de septiembre, y en la apertura del Medio Marat\u00f3n UASLP el domingo 28 del mismo mes.<\/p>\n\n\n\n<p>Para el 11 de octubre se presentar\u00e1 en el parque de diversiones Six Flags, en la Ciudad de M\u00e9xico, invitaci\u00f3n que surgi\u00f3 tras su destacada participaci\u00f3n en una competencia nacional realizada en febrero en Puebla. Seg\u00fan explic\u00f3 el coordinador cultural del Campus Valles, un representante de la empresa qued\u00f3 impresionado con la agrupaci\u00f3n y estableci\u00f3 contacto inmediato con la UASLP. Adem\u00e1s de presentarse en el parque, la banda formar\u00e1 parte de un desfile del Festival del Terror, experiencia que incluye acceso gratuito y alimentos para los integrantes.<\/p>\n\n\n\n<p>Posteriormente, el 15 de noviembre participar\u00e1 en un Encuentro de Bandas Sinf\u00f3nicas en Jalpan de Serra, Quer\u00e9taro. Aunque no se trata de una banda sinf\u00f3nica, el entusiasmo de sus integrantes y la variedad instrumental les permitir\u00e1 aportar un espect\u00e1culo diferente.<\/p>\n\n\n\n<p>Para diciembre, la agenda comienza a saturarse con presentaciones en desfiles navide\u00f1os. Entre ellas destaca la ciudad de Aguascalientes, donde la participaci\u00f3n ya est\u00e1 confirmada durante la primera quincena del mes, a falta de precisar la fecha exacta.<\/p>\n\n\n\n<p>Respecto a la log\u00edstica de los traslados, el Lic. Daniel Mir\u00f3n explic\u00f3 que, debido al n\u00famero de integrantes, en las giras nacionales s\u00f3lo pueden viajar 45 estudiantes, cupo m\u00e1ximo del transporte que los traslada, por lo que se organizan para que participen los disponibles. En cambio, cuando las presentaciones se realizan en la regi\u00f3n huasteca, acude la agrupaci\u00f3n completa.<\/p>\n\n\n\n<p>Cabe destacar que la participaci\u00f3n en la Marching Band forma parte de las materias optativas obligatorias que los estudiantes deben cursar al menos un semestre durante su formaci\u00f3n profesional. Esto fortalece la pertenencia al grupo y garantiza la rotaci\u00f3n de sus integrantes.<\/p>\n\n\n\n<p class=\"has-text-align-right\"><em>Guadalupe Guevara<\/em><\/p>\n\n\n\n<figure class=\"wp-block-gallery has-nested-images columns-default is-cropped wp-block-gallery-1 is-layout-flex wp-block-gallery-is-layout-flex\">\n<figure class=\"wp-block-image size-large\"><img loading=\"lazy\" decoding=\"async\" width=\"1600\" height=\"1067\" data-id=\"20702\" src=\"https:\/\/wp.uaslp.mx\/noticias\/wp-content\/uploads\/sites\/5\/2025\/09\/WhatsApp-Image-2025-09-03-at-12.34.15-PM-2.jpeg\" alt=\"\" class=\"wp-image-20702\" srcset=\"https:\/\/wp.uaslp.mx\/noticias\/wp-content\/uploads\/sites\/5\/2025\/09\/WhatsApp-Image-2025-09-03-at-12.34.15-PM-2.jpeg 1600w, https:\/\/wp.uaslp.mx\/noticias\/wp-content\/uploads\/sites\/5\/2025\/09\/WhatsApp-Image-2025-09-03-at-12.34.15-PM-2-1024x683.jpeg 1024w, https:\/\/wp.uaslp.mx\/noticias\/wp-content\/uploads\/sites\/5\/2025\/09\/WhatsApp-Image-2025-09-03-at-12.34.15-PM-2-768x512.jpeg 768w, https:\/\/wp.uaslp.mx\/noticias\/wp-content\/uploads\/sites\/5\/2025\/09\/WhatsApp-Image-2025-09-03-at-12.34.15-PM-2-1536x1024.jpeg 1536w, https:\/\/wp.uaslp.mx\/noticias\/wp-content\/uploads\/sites\/5\/2025\/09\/WhatsApp-Image-2025-09-03-at-12.34.15-PM-2-1320x880.jpeg 1320w\" sizes=\"auto, (max-width: 1600px) 100vw, 1600px\" \/><\/figure>\n<\/figure>\n","protected":false},"excerpt":{"rendered":"<p>Las \u00c1guilas Marching Band de la Facultad de Estudios Profesionales Zona Huasteca (FEPZH) de la&#8230;<\/p>\n","protected":false},"author":12,"featured_media":20712,"comment_status":"closed","ping_status":"closed","sticky":false,"template":"","format":"standard","meta":{"pgc_sgb_lightbox_settings":"","footnotes":""},"categories":[3],"tags":[2733],"class_list":["post-20700","post","type-post","status-publish","format-standard","has-post-thumbnail","hentry","category-arteycultura","tag-aguilas-marching-band"],"featured_image_urls":{"full":["https:\/\/wp.uaslp.mx\/noticias\/wp-content\/uploads\/sites\/5\/2025\/09\/WhatsApp-Image-2025-09-03-at-2.32.42-PM.jpeg",1600,1067,false],"thumbnail":["https:\/\/wp.uaslp.mx\/noticias\/wp-content\/uploads\/sites\/5\/2025\/09\/WhatsApp-Image-2025-09-03-at-2.32.42-PM-150x150.jpeg",150,150,true],"medium":["https:\/\/wp.uaslp.mx\/noticias\/wp-content\/uploads\/sites\/5\/2025\/09\/WhatsApp-Image-2025-09-03-at-2.32.42-PM-1024x683.jpeg",1024,683,true],"medium_large":["https:\/\/wp.uaslp.mx\/noticias\/wp-content\/uploads\/sites\/5\/2025\/09\/WhatsApp-Image-2025-09-03-at-2.32.42-PM-768x512.jpeg",640,427,true],"large":["https:\/\/wp.uaslp.mx\/noticias\/wp-content\/uploads\/sites\/5\/2025\/09\/WhatsApp-Image-2025-09-03-at-2.32.42-PM.jpeg",1600,1067,false],"1536x1536":["https:\/\/wp.uaslp.mx\/noticias\/wp-content\/uploads\/sites\/5\/2025\/09\/WhatsApp-Image-2025-09-03-at-2.32.42-PM-1536x1024.jpeg",1536,1024,true],"2048x2048":["https:\/\/wp.uaslp.mx\/noticias\/wp-content\/uploads\/sites\/5\/2025\/09\/WhatsApp-Image-2025-09-03-at-2.32.42-PM.jpeg",1600,1067,false],"newsever-slider-full":["https:\/\/wp.uaslp.mx\/noticias\/wp-content\/uploads\/sites\/5\/2025\/09\/WhatsApp-Image-2025-09-03-at-2.32.42-PM-1280x845.jpeg",1280,845,true],"newsever-featured":["https:\/\/wp.uaslp.mx\/noticias\/wp-content\/uploads\/sites\/5\/2025\/09\/WhatsApp-Image-2025-09-03-at-2.32.42-PM-1024x683.jpeg",1024,683,true],"newsever-medium":["https:\/\/wp.uaslp.mx\/noticias\/wp-content\/uploads\/sites\/5\/2025\/09\/WhatsApp-Image-2025-09-03-at-2.32.42-PM-720x475.jpeg",720,475,true],"mailpoet_newsletter_max":["https:\/\/wp.uaslp.mx\/noticias\/wp-content\/uploads\/sites\/5\/2025\/09\/WhatsApp-Image-2025-09-03-at-2.32.42-PM-1320x880.jpeg",1320,880,true]},"author_info":{"display_name":"Prensa y difusi\u00f3n","author_link":"https:\/\/wp.uaslp.mx\/noticias\/author\/giovannamorales\/"},"category_info":"<a href=\"https:\/\/wp.uaslp.mx\/noticias\/category\/arteycultura\/\" rel=\"category tag\">Arte y cultura<\/a>","tag_info":"Arte y cultura","comment_count":"0","_links":{"self":[{"href":"https:\/\/wp.uaslp.mx\/noticias\/wp-json\/wp\/v2\/posts\/20700","targetHints":{"allow":["GET"]}}],"collection":[{"href":"https:\/\/wp.uaslp.mx\/noticias\/wp-json\/wp\/v2\/posts"}],"about":[{"href":"https:\/\/wp.uaslp.mx\/noticias\/wp-json\/wp\/v2\/types\/post"}],"author":[{"embeddable":true,"href":"https:\/\/wp.uaslp.mx\/noticias\/wp-json\/wp\/v2\/users\/12"}],"replies":[{"embeddable":true,"href":"https:\/\/wp.uaslp.mx\/noticias\/wp-json\/wp\/v2\/comments?post=20700"}],"version-history":[{"count":1,"href":"https:\/\/wp.uaslp.mx\/noticias\/wp-json\/wp\/v2\/posts\/20700\/revisions"}],"predecessor-version":[{"id":20703,"href":"https:\/\/wp.uaslp.mx\/noticias\/wp-json\/wp\/v2\/posts\/20700\/revisions\/20703"}],"wp:featuredmedia":[{"embeddable":true,"href":"https:\/\/wp.uaslp.mx\/noticias\/wp-json\/wp\/v2\/media\/20712"}],"wp:attachment":[{"href":"https:\/\/wp.uaslp.mx\/noticias\/wp-json\/wp\/v2\/media?parent=20700"}],"wp:term":[{"taxonomy":"category","embeddable":true,"href":"https:\/\/wp.uaslp.mx\/noticias\/wp-json\/wp\/v2\/categories?post=20700"},{"taxonomy":"post_tag","embeddable":true,"href":"https:\/\/wp.uaslp.mx\/noticias\/wp-json\/wp\/v2\/tags?post=20700"}],"curies":[{"name":"wp","href":"https:\/\/api.w.org\/{rel}","templated":true}]}}