{"id":20656,"date":"2025-08-31T10:30:00","date_gmt":"2025-08-31T16:30:00","guid":{"rendered":"https:\/\/wp.uaslp.mx\/noticias\/?p=20656"},"modified":"2025-09-01T11:47:17","modified_gmt":"2025-09-01T17:47:17","slug":"facultad-de-derecho-llevara-a-cabo-el-primer-congreso-internacional-de-criminologia-victimologia-y-politica-criminal","status":"publish","type":"post","link":"https:\/\/wp.uaslp.mx\/noticias\/academica\/facultad-de-derecho-llevara-a-cabo-el-primer-congreso-internacional-de-criminologia-victimologia-y-politica-criminal\/","title":{"rendered":"Facultad de Derecho llevar\u00e1 a cabo el Primer Congreso Internacional de Criminolog\u00eda, Victimolog\u00eda y Pol\u00edtica Criminal"},"content":{"rendered":"\n<p>La <a href=\"https:\/\/www.derecho.uaslp.mx\/#gsc.tab=0\">Facultad de Derecho Abogado Ponciano Arriaga Leija de la Universidad Aut\u00f3noma de San Luis Potos\u00ed <\/a>(UASLP) anuncia la realizaci\u00f3n del Primer Congreso Internacional de Criminolog\u00eda, Victimolog\u00eda y Pol\u00edtica Criminal, que tendr\u00e1 lugar los d\u00edas 4 y 5 de septiembre en la Unidad de Posgrado.<\/p>\n\n\n\n<p>La doctora Alejandra Silva, docente e investigadora de la Facultad, explic\u00f3 que este congreso surge de la necesidad de enriquecer la formaci\u00f3n de los estudiantes m\u00e1s all\u00e1 de las aulas. Se\u00f1al\u00f3 que, junto con la doctora Carla Monroy Ojeda, identificaron la importancia de acercar a los alumnos y al p\u00fablico en general a especialistas que analicen los problemas de seguridad y las alternativas para la prevenci\u00f3n y atenci\u00f3n de la delincuencia.<\/p>\n\n\n\n<p>El encuentro contar\u00e1 con ponentes nacionales e internacionales. Uno de los invitados centrales ser\u00e1 el doctor em\u00e9rito Irvin Waller, considerado entre los crimin\u00f3logos m\u00e1s influyentes del mundo y colaborador de la ONU, quien ofrecer\u00e1 desde Canad\u00e1 una conferencia enfocada en la violencia y la criminalidad en Am\u00e9rica Latina, con especial atenci\u00f3n en el caso de San Luis Potos\u00ed.<\/p>\n\n\n\n<p>Entre los participantes nacionales se encuentra el diputado federal Rub\u00e9n Ignacio Moreira, exgobernador de Coahuila, quien abordar\u00e1 la estrategia de seguridad que permiti\u00f3 transformar a ese estado en uno de los m\u00e1s seguros. Asimismo, el doctor Gerardo Laviaga, exdirector del Instituto Nacional de Ciencias Penales y especialista en neuroderecho, hablar\u00e1 sobre la relaci\u00f3n entre la biolog\u00eda y la prevenci\u00f3n del delito, una de las nuevas tendencias en la pol\u00edtica criminal.<\/p>\n\n\n\n<p>El programa incluye, adem\u00e1s, mesas de trabajo con la participaci\u00f3n de estudiantes de licenciatura y posgrado de diversas universidades, como la UNAM, quienes presentar\u00e1n proyectos de investigaci\u00f3n en torno a la criminolog\u00eda y la pol\u00edtica criminal.<\/p>\n\n\n\n<p>El congreso se desarrollar\u00e1 en sesiones matutinas de 9:00 a 14:00 horas, con conferencias magistrales, mesas de j\u00f3venes investigadores y charlas sobre temas como prevenci\u00f3n de la violencia y el acoso escolar. La clausura estar\u00e1 a cargo del doctor Waller el viernes 5 de septiembre por la tarde.<\/p>\n\n\n\n<p>El registro es en l\u00ednea y el acceso tendr\u00e1 un costo de 650 pesos para integrantes de la comunidad universitaria y con una cuota ligeramente mayor para el p\u00fablico en general. Mayores informes al correo&nbsp;<a href=\"mailto:alejandra.silva@uaslp.mx\">alejandra.silva@uaslp.mx<\/a>&nbsp;y carla.monroy@uaslp.mx.<\/p>\n\n\n\n<p>La doctora Monroy Ojeda coment\u00f3 que este congreso es una oportunidad \u00fanica para estudiantes, acad\u00e9micos y profesionales interesados en la criminolog\u00eda y la pol\u00edtica criminal de dialogar con expertos y conocer experiencias de impacto en M\u00e9xico y el extranjero.<\/p>\n\n\n\n<p class=\"has-text-align-right\"><em>Hugo Laussin<\/em><\/p>\n\n\n<div class=\"pgc-sgb-cb wp-block-pgcsimplygalleryblock-masonry \" data-gallery-id=\"cfc88335\"><div class=\"sgb-preloader\" id=\"pr_cfc88335\">\n\t<div class=\"sgb-square\" style=\"background:#d4d4d4\"><\/div>\n\t<div class=\"sgb-square\" style=\"background:#d4d4d4\"><\/div>\n\t<div class=\"sgb-square\" style=\"background:#d4d4d4\"><\/div>\n\t<div class=\"sgb-square\" style=\"background:#d4d4d4\"><\/div><\/div><div class=\"simply-gallery-amp pgc_sgb_slider \"><noscript><div class=\"sgb-gallery\"><div class=\"sgb-item\"><a href=\"https:\/\/wp.uaslp.mx\/noticias\/wp-content\/uploads\/sites\/5\/2025\/09\/WhatsApp-Image-2025-08-20-at-10.59.38.jpeg\"><img decoding=\"async\" alt=\"\" width=\"768\" height=\"1024\" loading=\"lazy\" src=\"https:\/\/wp.uaslp.mx\/noticias\/wp-content\/uploads\/sites\/5\/2025\/09\/WhatsApp-Image-2025-08-20-at-10.59.38-768x1024.jpeg\" srcset=\"https:\/\/wp.uaslp.mx\/noticias\/wp-content\/uploads\/sites\/5\/2025\/09\/WhatsApp-Image-2025-08-20-at-10.59.38-768x1024.jpeg 768w,https:\/\/wp.uaslp.mx\/noticias\/wp-content\/uploads\/sites\/5\/2025\/09\/WhatsApp-Image-2025-08-20-at-10.59.38.jpeg 1200w\" sizes=\"auto, 250px\"\/><\/a><\/div><\/div><\/noscript><\/div><script type=\"application\/json\" class=\"sgb-data\">{\"galleryType\":\"pgc_sgb_masonry\",\"galleryId\":\"cfc88335\",\"images\":[{\"id\":20658,\"title\":\"WhatsApp Image 2025-08-20 at 10.59.38\",\"url\":\"https:\/\/wp.uaslp.mx\/noticias\/wp-content\/uploads\/sites\/5\/2025\/09\/WhatsApp-Image-2025-08-20-at-10.59.38.jpeg\",\"link\":\"https:\/\/wp.uaslp.mx\/noticias\/?attachment_id=20658\",\"alt\":\"\",\"description\":\"\",\"caption\":\"\",\"mime\":\"image\/jpeg\",\"type\":\"image\",\"width\":1200,\"height\":1600,\"sizes\":{\"thumbnail\":{\"height\":150,\"width\":150,\"url\":\"https:\/\/wp.uaslp.mx\/noticias\/wp-content\/uploads\/sites\/5\/2025\/09\/WhatsApp-Image-2025-08-20-at-10.59.38-150x150.jpeg\",\"orientation\":\"landscape\"},\"medium\":{\"height\":1024,\"width\":768,\"url\":\"https:\/\/wp.uaslp.mx\/noticias\/wp-content\/uploads\/sites\/5\/2025\/09\/WhatsApp-Image-2025-08-20-at-10.59.38-768x1024.jpeg\",\"orientation\":\"portrait\"},\"full\":{\"url\":\"https:\/\/wp.uaslp.mx\/noticias\/wp-content\/uploads\/sites\/5\/2025\/09\/WhatsApp-Image-2025-08-20-at-10.59.38.jpeg\",\"height\":1600,\"width\":1200,\"orientation\":\"portrait\"}},\"imageMeta\":{\"aperture\":\"0\",\"credit\":\"\",\"camera\":\"\",\"caption\":\"\",\"created_timestamp\":\"0\",\"copyright\":\"\",\"focal_length\":\"0\",\"iso\":\"0\",\"shutter_speed\":\"0\",\"title\":\"\",\"orientation\":\"0\",\"keywords\":[]},\"meta\":false}],\"itemsMetaDataCollection\":[]}<\/script><script>(function(){if(window.PGC_SGB && window.PGC_SGB.searcher){window.PGC_SGB.searcher.initBlocks()}})()<\/script><\/div>","protected":false},"excerpt":{"rendered":"<p>La Facultad de Derecho Abogado Ponciano Arriaga Leija de la Universidad Aut\u00f3noma de San Luis&#8230;<\/p>\n","protected":false},"author":12,"featured_media":20657,"comment_status":"closed","ping_status":"closed","sticky":false,"template":"","format":"standard","meta":{"pgc_sgb_lightbox_settings":"","footnotes":""},"categories":[2],"tags":[3081],"class_list":["post-20656","post","type-post","status-publish","format-standard","has-post-thumbnail","hentry","category-academica","tag-congresocriminologia"],"featured_image_urls":{"full":["https:\/\/wp.uaslp.mx\/noticias\/wp-content\/uploads\/sites\/5\/2025\/09\/doctora-Carla-Monroy-Ojeda.jpeg",1280,960,false],"thumbnail":["https:\/\/wp.uaslp.mx\/noticias\/wp-content\/uploads\/sites\/5\/2025\/09\/doctora-Carla-Monroy-Ojeda-150x150.jpeg",150,150,true],"medium":["https:\/\/wp.uaslp.mx\/noticias\/wp-content\/uploads\/sites\/5\/2025\/09\/doctora-Carla-Monroy-Ojeda-1024x768.jpeg",1024,768,true],"medium_large":["https:\/\/wp.uaslp.mx\/noticias\/wp-content\/uploads\/sites\/5\/2025\/09\/doctora-Carla-Monroy-Ojeda-768x576.jpeg",640,480,true],"large":["https:\/\/wp.uaslp.mx\/noticias\/wp-content\/uploads\/sites\/5\/2025\/09\/doctora-Carla-Monroy-Ojeda.jpeg",1280,960,false],"1536x1536":["https:\/\/wp.uaslp.mx\/noticias\/wp-content\/uploads\/sites\/5\/2025\/09\/doctora-Carla-Monroy-Ojeda.jpeg",1280,960,false],"2048x2048":["https:\/\/wp.uaslp.mx\/noticias\/wp-content\/uploads\/sites\/5\/2025\/09\/doctora-Carla-Monroy-Ojeda.jpeg",1280,960,false],"newsever-slider-full":["https:\/\/wp.uaslp.mx\/noticias\/wp-content\/uploads\/sites\/5\/2025\/09\/doctora-Carla-Monroy-Ojeda-1280x845.jpeg",1280,845,true],"newsever-featured":["https:\/\/wp.uaslp.mx\/noticias\/wp-content\/uploads\/sites\/5\/2025\/09\/doctora-Carla-Monroy-Ojeda-1024x768.jpeg",1024,768,true],"newsever-medium":["https:\/\/wp.uaslp.mx\/noticias\/wp-content\/uploads\/sites\/5\/2025\/09\/doctora-Carla-Monroy-Ojeda-720x475.jpeg",720,475,true],"mailpoet_newsletter_max":["https:\/\/wp.uaslp.mx\/noticias\/wp-content\/uploads\/sites\/5\/2025\/09\/doctora-Carla-Monroy-Ojeda.jpeg",1280,960,false]},"author_info":{"display_name":"Prensa y difusi\u00f3n","author_link":"https:\/\/wp.uaslp.mx\/noticias\/author\/giovannamorales\/"},"category_info":"<a href=\"https:\/\/wp.uaslp.mx\/noticias\/category\/academica\/\" rel=\"category tag\">Acad\u00e9mica<\/a>","tag_info":"Acad\u00e9mica","comment_count":"0","_links":{"self":[{"href":"https:\/\/wp.uaslp.mx\/noticias\/wp-json\/wp\/v2\/posts\/20656","targetHints":{"allow":["GET"]}}],"collection":[{"href":"https:\/\/wp.uaslp.mx\/noticias\/wp-json\/wp\/v2\/posts"}],"about":[{"href":"https:\/\/wp.uaslp.mx\/noticias\/wp-json\/wp\/v2\/types\/post"}],"author":[{"embeddable":true,"href":"https:\/\/wp.uaslp.mx\/noticias\/wp-json\/wp\/v2\/users\/12"}],"replies":[{"embeddable":true,"href":"https:\/\/wp.uaslp.mx\/noticias\/wp-json\/wp\/v2\/comments?post=20656"}],"version-history":[{"count":3,"href":"https:\/\/wp.uaslp.mx\/noticias\/wp-json\/wp\/v2\/posts\/20656\/revisions"}],"predecessor-version":[{"id":20663,"href":"https:\/\/wp.uaslp.mx\/noticias\/wp-json\/wp\/v2\/posts\/20656\/revisions\/20663"}],"wp:featuredmedia":[{"embeddable":true,"href":"https:\/\/wp.uaslp.mx\/noticias\/wp-json\/wp\/v2\/media\/20657"}],"wp:attachment":[{"href":"https:\/\/wp.uaslp.mx\/noticias\/wp-json\/wp\/v2\/media?parent=20656"}],"wp:term":[{"taxonomy":"category","embeddable":true,"href":"https:\/\/wp.uaslp.mx\/noticias\/wp-json\/wp\/v2\/categories?post=20656"},{"taxonomy":"post_tag","embeddable":true,"href":"https:\/\/wp.uaslp.mx\/noticias\/wp-json\/wp\/v2\/tags?post=20656"}],"curies":[{"name":"wp","href":"https:\/\/api.w.org\/{rel}","templated":true}]}}