{"id":20640,"date":"2025-08-30T10:00:00","date_gmt":"2025-08-30T16:00:00","guid":{"rendered":"https:\/\/wp.uaslp.mx\/noticias\/?p=20640"},"modified":"2025-08-29T14:02:33","modified_gmt":"2025-08-29T20:02:33","slug":"uaslp-y-uanl-unen-esfuerzos-para-impulsar-el-congreso-virtual-de-diseno-e-imagen-2025","status":"publish","type":"post","link":"https:\/\/wp.uaslp.mx\/noticias\/academica\/uaslp-y-uanl-unen-esfuerzos-para-impulsar-el-congreso-virtual-de-diseno-e-imagen-2025\/","title":{"rendered":"UASLP y UANL unen esfuerzos para impulsar el Congreso Virtual de Dise\u00f1o e Imagen 2025"},"content":{"rendered":"\n<p>La <a href=\"https:\/\/habitat.uaslp.mx\/#gsc.tab=0\">Facultad del H\u00e1bitat de la Universidad Aut\u00f3noma de San Luis Potos\u00ed <\/a>(UASLP), en colaboraci\u00f3n con la Universidad Aut\u00f3noma de Nuevo Le\u00f3n (UANL), llevar\u00e1 a cabo el Congreso Virtual de Investigaci\u00f3n en Dise\u00f1o, Imagen y Complejidad 2025. Este evento se realizar\u00e1 los d\u00edas 3, 4 y 5 de septiembre en modalidad virtual, con actividades por la ma\u00f1ana y acceso gratuito para todas las personas interesadas.<\/p>\n\n\n\n<p>La maestra Irma Carrillo Ch\u00e1vez, docente e investigadora de la Facultad del H\u00e1bitat, explic\u00f3 que este congreso es el resultado del trabajo continuo de un cuerpo acad\u00e9mico conformado por cuatro integrantes: la doctora Er\u00e9ndira Cristina Mancilla Rosales, el doctor Manuel Guerrero Salinas, la doctora Luz Mar\u00eda Hern\u00e1ndez Nieto y ella misma. Desde el a\u00f1o 2018 han impulsado seminarios virtuales que con el tiempo se transformaron en un congreso de mayor alcance, con el objetivo de formar redes acad\u00e9micas que trascienden fronteras.<\/p>\n\n\n\n<p>Durante los tres d\u00edas del evento se presentar\u00e1n libros y mesas de discusi\u00f3n centradas en los temas de dise\u00f1o, imagen y complejidad. El primer d\u00eda estar\u00e1 dedicado a la presentaci\u00f3n de tres publicaciones producidas por el cuerpo acad\u00e9mico organizador: \u201cDise\u00f1o, Complejidad y Educaci\u00f3n\u201d, \u201cDise\u00f1o y Arte desde la Complejidad\u201d e \u201cIntersecciones Visuales, Estudios de la Imagen desde diferentes perspectivas disciplinares\u201d. Estos libros estar\u00e1n disponibles de forma gratuita en formato electr\u00f3nico en el sitio web&nbsp;<a href=\"https:\/\/vanguardiasdiseno.org\/\" target=\"_blank\" rel=\"noreferrer noopener\">https:\/\/vanguardiasdiseno.org\/<\/a>.<\/p>\n\n\n\n<p>Cada uno de los libros da pie a una mesa tem\u00e1tica dentro del congreso, en la que participar\u00e1n autores de los textos publicados. Estas mesas permitir\u00e1n el intercambio de ideas desde distintos enfoques acad\u00e9micos y profesionales, abordando temas como el dise\u00f1o, la educaci\u00f3n, el arte y el an\u00e1lisis de la imagen, todo bajo el enfoque de la complejidad y la interdisciplina.<\/p>\n\n\n\n<p>La maestra Carrillo destac\u00f3 que el evento est\u00e1 dirigido tanto a estudiantes y docentes como al p\u00fablico general interesado en estas \u00e1reas de conocimiento. Entre los principales beneficios del congreso se encuentra su accesibilidad, ya que, al ser completamente virtual y gratuito, permite la participaci\u00f3n de personas de diversas partes del mundo sin necesidad de desplazamientos ni gastos adicionales. Adem\u00e1s, representa una oportunidad para conocer l\u00edneas de investigaci\u00f3n actuales y abrir la puerta a futuros estudios de posgrado.<\/p>\n\n\n\n<p>Este congreso tambi\u00e9n fortalece el v\u00ednculo entre instituciones de educaci\u00f3n superior. En esta ocasi\u00f3n, se realiza en conjunto con la Red de Dise\u00f1o y Complejidad de la Facultad de Arquitectura de la UANL, encabezada por el doctor Gerardo V\u00e1zquez Rodr\u00edguez. Esta colaboraci\u00f3n nacional da continuidad a esfuerzos anteriores que han incluido v\u00ednculos internacionales, como fue el caso de un congreso realizado en coordinaci\u00f3n con la Universidad Complutense de Madrid.<\/p>\n\n\n\n<p>Las personas interesadas pueden consultar el programa completo e inscribirse en la p\u00e1gina&nbsp;<a href=\"https:\/\/congreso25.vanguardiasdiseno.org\/\" target=\"_blank\" rel=\"noreferrer noopener\">https:\/\/congreso25.vanguardiasdiseno.org\/<\/a>. Al completar el formulario de inscripci\u00f3n, recibir\u00e1n por correo electr\u00f3nico los enlaces para acceder a las diferentes sesiones del congreso.<\/p>\n\n\n\n<p>La maestra Irma Carrillo invit\u00f3 a toda la comunidad acad\u00e9mica y al p\u00fablico en general a sumarse a este espacio de reflexi\u00f3n y di\u00e1logo sobre los retos actuales en torno al dise\u00f1o, la imagen y la complejidad, destacando el valor de la tecnolog\u00eda como herramienta para el conocimiento y la colaboraci\u00f3n internacional.<\/p>\n\n\n\n<p class=\"has-text-align-right\"><em>Hugo Laussin<\/em><\/p>\n","protected":false},"excerpt":{"rendered":"<p>La Facultad del H\u00e1bitat de la Universidad Aut\u00f3noma de San Luis Potos\u00ed (UASLP), en colaboraci\u00f3n&#8230;<\/p>\n","protected":false},"author":12,"featured_media":20641,"comment_status":"closed","ping_status":"closed","sticky":false,"template":"","format":"standard","meta":{"pgc_sgb_lightbox_settings":"","footnotes":""},"categories":[2],"tags":[3076],"class_list":["post-20640","post","type-post","status-publish","format-standard","has-post-thumbnail","hentry","category-academica","tag-congreso-virtual"],"featured_image_urls":{"full":["https:\/\/wp.uaslp.mx\/noticias\/wp-content\/uploads\/sites\/5\/2025\/08\/WhatsApp-Image-2025-08-05-at-09.46.43-scaled.jpeg",2560,1920,false],"thumbnail":["https:\/\/wp.uaslp.mx\/noticias\/wp-content\/uploads\/sites\/5\/2025\/08\/WhatsApp-Image-2025-08-05-at-09.46.43-150x150.jpeg",150,150,true],"medium":["https:\/\/wp.uaslp.mx\/noticias\/wp-content\/uploads\/sites\/5\/2025\/08\/WhatsApp-Image-2025-08-05-at-09.46.43-1024x768.jpeg",1024,768,true],"medium_large":["https:\/\/wp.uaslp.mx\/noticias\/wp-content\/uploads\/sites\/5\/2025\/08\/WhatsApp-Image-2025-08-05-at-09.46.43-768x576.jpeg",640,480,true],"large":["https:\/\/wp.uaslp.mx\/noticias\/wp-content\/uploads\/sites\/5\/2025\/08\/WhatsApp-Image-2025-08-05-at-09.46.43-scaled.jpeg",2560,1920,false],"1536x1536":["https:\/\/wp.uaslp.mx\/noticias\/wp-content\/uploads\/sites\/5\/2025\/08\/WhatsApp-Image-2025-08-05-at-09.46.43-1536x1152.jpeg",1536,1152,true],"2048x2048":["https:\/\/wp.uaslp.mx\/noticias\/wp-content\/uploads\/sites\/5\/2025\/08\/WhatsApp-Image-2025-08-05-at-09.46.43-2048x1536.jpeg",2048,1536,true],"newsever-slider-full":["https:\/\/wp.uaslp.mx\/noticias\/wp-content\/uploads\/sites\/5\/2025\/08\/WhatsApp-Image-2025-08-05-at-09.46.43-1280x845.jpeg",1280,845,true],"newsever-featured":["https:\/\/wp.uaslp.mx\/noticias\/wp-content\/uploads\/sites\/5\/2025\/08\/WhatsApp-Image-2025-08-05-at-09.46.43-1024x768.jpeg",1024,768,true],"newsever-medium":["https:\/\/wp.uaslp.mx\/noticias\/wp-content\/uploads\/sites\/5\/2025\/08\/WhatsApp-Image-2025-08-05-at-09.46.43-720x475.jpeg",720,475,true],"mailpoet_newsletter_max":["https:\/\/wp.uaslp.mx\/noticias\/wp-content\/uploads\/sites\/5\/2025\/08\/WhatsApp-Image-2025-08-05-at-09.46.43-1320x990.jpeg",1320,990,true]},"author_info":{"display_name":"Prensa y difusi\u00f3n","author_link":"https:\/\/wp.uaslp.mx\/noticias\/author\/giovannamorales\/"},"category_info":"<a href=\"https:\/\/wp.uaslp.mx\/noticias\/category\/academica\/\" rel=\"category tag\">Acad\u00e9mica<\/a>","tag_info":"Acad\u00e9mica","comment_count":"0","_links":{"self":[{"href":"https:\/\/wp.uaslp.mx\/noticias\/wp-json\/wp\/v2\/posts\/20640","targetHints":{"allow":["GET"]}}],"collection":[{"href":"https:\/\/wp.uaslp.mx\/noticias\/wp-json\/wp\/v2\/posts"}],"about":[{"href":"https:\/\/wp.uaslp.mx\/noticias\/wp-json\/wp\/v2\/types\/post"}],"author":[{"embeddable":true,"href":"https:\/\/wp.uaslp.mx\/noticias\/wp-json\/wp\/v2\/users\/12"}],"replies":[{"embeddable":true,"href":"https:\/\/wp.uaslp.mx\/noticias\/wp-json\/wp\/v2\/comments?post=20640"}],"version-history":[{"count":1,"href":"https:\/\/wp.uaslp.mx\/noticias\/wp-json\/wp\/v2\/posts\/20640\/revisions"}],"predecessor-version":[{"id":20642,"href":"https:\/\/wp.uaslp.mx\/noticias\/wp-json\/wp\/v2\/posts\/20640\/revisions\/20642"}],"wp:featuredmedia":[{"embeddable":true,"href":"https:\/\/wp.uaslp.mx\/noticias\/wp-json\/wp\/v2\/media\/20641"}],"wp:attachment":[{"href":"https:\/\/wp.uaslp.mx\/noticias\/wp-json\/wp\/v2\/media?parent=20640"}],"wp:term":[{"taxonomy":"category","embeddable":true,"href":"https:\/\/wp.uaslp.mx\/noticias\/wp-json\/wp\/v2\/categories?post=20640"},{"taxonomy":"post_tag","embeddable":true,"href":"https:\/\/wp.uaslp.mx\/noticias\/wp-json\/wp\/v2\/tags?post=20640"}],"curies":[{"name":"wp","href":"https:\/\/api.w.org\/{rel}","templated":true}]}}