{"id":20628,"date":"2025-08-29T11:40:38","date_gmt":"2025-08-29T17:40:38","guid":{"rendered":"https:\/\/wp.uaslp.mx\/noticias\/?p=20628"},"modified":"2025-09-01T10:42:37","modified_gmt":"2025-09-01T16:42:37","slug":"estudiantes-de-mas-de-cuatro-paises-se-integran-a-las-facultades-de-la-uaslp-en-el-ciclo-agosto-diciembre-2025","status":"publish","type":"post","link":"https:\/\/wp.uaslp.mx\/noticias\/academica\/estudiantes-de-mas-de-cuatro-paises-se-integran-a-las-facultades-de-la-uaslp-en-el-ciclo-agosto-diciembre-2025\/","title":{"rendered":"Estudiantes de m\u00e1s de cuatro pa\u00edses se integran a las facultades de la UASLP en el ciclo agosto-diciembre 2025"},"content":{"rendered":"\n<p>La Universidad Aut\u00f3noma de San Luis Potos\u00ed (UASLP) a trav\u00e9s de la<a href=\"https:\/\/www.uaslp.mx\/internacional#gsc.tab=0\"> Direcci\u00f3n de Internacionalizaci\u00f3n<\/a>, llev\u00f3 a cabo la ceremonia de bienvenida a los estudiantes visitantes que se integran al semestre agosto-diciembre 2025. El acto se realiz\u00f3 en el Centro Cultural Caja Real, con la presencia del Dr. Alejandro Javier Zerme\u00f1o Guerra, rector de la universidad, directores de facultades y funcionarios universitarios, que acompa\u00f1aron a los j\u00f3venes en el inicio de su experiencia acad\u00e9mica.<\/p>\n\n\n\n<p>En esta ocasi\u00f3n, la UASLP recibe a 28 estudiantes nacionales e internacionales. De ellos, 17 provienen de instituciones de Colombia, Espa\u00f1a, Francia y del Pa\u00eds Vasco; mientras que 11 m\u00e1s llegan desde universidades de distintos estados del pa\u00eds como Estado de M\u00e9xico, Tamaulipas, Ciudad de M\u00e9xico, y Tlaxcala. El resto corresponde a programas de movilidad interna que fortalecen la integraci\u00f3n de estudiantes entre las diferentes regiones universitarias de la instituci\u00f3n.<\/p>\n\n\n\n<p>Los j\u00f3venes visitantes se incorporar\u00e1n a diversas entidades acad\u00e9micas, entre ellas las facultades de Agronom\u00eda y Veterinaria, Ciencias de la Informaci\u00f3n, Ciencias Qu\u00edmicas, Ciencias Sociales y Humanidades, Derecho, Ingenier\u00eda, Estomatolog\u00eda, H\u00e1bitat y Psicolog\u00eda. Con ello, la universidad ampl\u00eda sus lazos de cooperaci\u00f3n y refuerza la diversidad cultural en su vida acad\u00e9mica.<\/p>\n\n\n\n<p>En su mensaje de bienvenida, el Dr. Alejandro Javier Zerme\u00f1o Guerra subray\u00f3 que la movilidad estudiantil representa una experiencia que enriquece tanto a quienes llegan como a quienes reciben. \u201cEl mundo en el que ustedes se desarrollan es global. Hoy vienen a San Luis Potos\u00ed, pero quiz\u00e1 ma\u00f1ana estar\u00e1n trabajando en otro continente. Lo m\u00e1s valioso son los lazos de amistad y el conocimiento compartido, porque eso perdura en el tiempo\u201d, expres\u00f3.<\/p>\n\n\n\n<p>Comparti\u00f3, adem\u00e1s, un consejo a los estudiantes visitantes, invit\u00e1ndolos a mantener comunicaci\u00f3n con sus familias y a disfrutar con responsabilidad de su estancia en la ciudad y el estado. Se\u00f1al\u00f3 que la vida universitaria es tambi\u00e9n un espacio de convivencia, donde las experiencias compartidas se convierten en aprendizajes duraderos.<\/p>\n\n\n\n<p>Por su parte, la maestra Mariela Guadalupe Ch\u00e1vez Ram\u00edrez, directora de Internacionalizaci\u00f3n, resalt\u00f3 que la presencia de j\u00f3venes de distintos pa\u00edses y regiones es una oportunidad para fortalecer la visi\u00f3n global de la UASLP, consolidando su papel como una instituci\u00f3n de puertas abiertas al intercambio acad\u00e9mico y cultural.<\/p>\n\n\n\n<p>La ceremonia cont\u00f3 con la asistencia de directores de facultades, quienes reiteraron su disposici\u00f3n para apoyar a los j\u00f3venes en su integraci\u00f3n y garantizarles una experiencia acad\u00e9mica plena. Con este recibimiento, la Universidad Aut\u00f3noma de San Luis Potos\u00ed refrenda su vocaci\u00f3n internacional, convencida de que la diversidad cultural y el intercambio de conocimientos enriquecen la formaci\u00f3n integral de sus estudiantes.<\/p>\n\n\n\n<p class=\"has-text-align-right\"><em>Hugo Laussin<\/em><\/p>\n\n\n<div class=\"pgc-sgb-cb wp-block-pgcsimplygalleryblock-masonry \" data-gallery-id=\"ea930997\"><div class=\"sgb-preloader\" id=\"pr_ea930997\">\n\t<div class=\"sgb-square\" style=\"background:#d4d4d4\"><\/div>\n\t<div class=\"sgb-square\" style=\"background:#d4d4d4\"><\/div>\n\t<div class=\"sgb-square\" style=\"background:#d4d4d4\"><\/div>\n\t<div class=\"sgb-square\" style=\"background:#d4d4d4\"><\/div><\/div><div class=\"simply-gallery-amp pgc_sgb_slider \"><noscript><div class=\"sgb-gallery\"><div class=\"sgb-item\"><a href=\"https:\/\/wp.uaslp.mx\/noticias\/academica\/estudiantes-de-mas-de-diez-paises-se-integran-a-las-facultades-de-la-uaslp-en-el-ciclo-agosto-diciembre-2025\/attachment\/whatsapp-image-2025-08-29-at-10-51-36-am-1\/\" target=\"_blank\"><img decoding=\"async\" alt=\"\" width=\"1024\" height=\"725\" loading=\"lazy\" src=\"https:\/\/wp.uaslp.mx\/noticias\/wp-content\/uploads\/sites\/5\/2025\/08\/WhatsApp-Image-2025-08-29-at-10.51.36-AM-1-1024x725.jpeg\" srcset=\"https:\/\/wp.uaslp.mx\/noticias\/wp-content\/uploads\/sites\/5\/2025\/08\/WhatsApp-Image-2025-08-29-at-10.51.36-AM-1-1024x725.jpeg 1024w,https:\/\/wp.uaslp.mx\/noticias\/wp-content\/uploads\/sites\/5\/2025\/08\/WhatsApp-Image-2025-08-29-at-10.51.36-AM-1.jpeg 1280w\" sizes=\"auto, 250px\"\/><\/a><\/div><div class=\"sgb-item\"><a href=\"https:\/\/wp.uaslp.mx\/noticias\/academica\/estudiantes-de-mas-de-diez-paises-se-integran-a-las-facultades-de-la-uaslp-en-el-ciclo-agosto-diciembre-2025\/attachment\/whatsapp-image-2025-08-29-at-10-51-36-am\/\" target=\"_blank\"><img decoding=\"async\" alt=\"\" width=\"1024\" height=\"661\" loading=\"lazy\" src=\"https:\/\/wp.uaslp.mx\/noticias\/wp-content\/uploads\/sites\/5\/2025\/08\/WhatsApp-Image-2025-08-29-at-10.51.36-AM-1024x661.jpeg\" srcset=\"https:\/\/wp.uaslp.mx\/noticias\/wp-content\/uploads\/sites\/5\/2025\/08\/WhatsApp-Image-2025-08-29-at-10.51.36-AM-1024x661.jpeg 1024w,https:\/\/wp.uaslp.mx\/noticias\/wp-content\/uploads\/sites\/5\/2025\/08\/WhatsApp-Image-2025-08-29-at-10.51.36-AM.jpeg 1280w\" sizes=\"auto, 250px\"\/><\/a><\/div><div class=\"sgb-item\"><a href=\"https:\/\/wp.uaslp.mx\/noticias\/academica\/estudiantes-de-mas-de-diez-paises-se-integran-a-las-facultades-de-la-uaslp-en-el-ciclo-agosto-diciembre-2025\/attachment\/whatsapp-image-2025-08-29-at-10-52-00-am\/\" target=\"_blank\"><img decoding=\"async\" alt=\"\" width=\"1024\" height=\"611\" loading=\"lazy\" src=\"https:\/\/wp.uaslp.mx\/noticias\/wp-content\/uploads\/sites\/5\/2025\/08\/WhatsApp-Image-2025-08-29-at-10.52.00-AM-1024x611.jpeg\" srcset=\"https:\/\/wp.uaslp.mx\/noticias\/wp-content\/uploads\/sites\/5\/2025\/08\/WhatsApp-Image-2025-08-29-at-10.52.00-AM-1024x611.jpeg 1024w,https:\/\/wp.uaslp.mx\/noticias\/wp-content\/uploads\/sites\/5\/2025\/08\/WhatsApp-Image-2025-08-29-at-10.52.00-AM.jpeg 1155w\" sizes=\"auto, 250px\"\/><\/a><\/div><div class=\"sgb-item\"><a href=\"https:\/\/wp.uaslp.mx\/noticias\/academica\/estudiantes-de-mas-de-diez-paises-se-integran-a-las-facultades-de-la-uaslp-en-el-ciclo-agosto-diciembre-2025\/attachment\/whatsapp-image-2025-08-29-at-10-51-30-am\/\" target=\"_blank\"><img decoding=\"async\" alt=\"\" width=\"1024\" height=\"694\" loading=\"lazy\" src=\"https:\/\/wp.uaslp.mx\/noticias\/wp-content\/uploads\/sites\/5\/2025\/08\/WhatsApp-Image-2025-08-29-at-10.51.30-AM-1024x694.jpeg\" srcset=\"https:\/\/wp.uaslp.mx\/noticias\/wp-content\/uploads\/sites\/5\/2025\/08\/WhatsApp-Image-2025-08-29-at-10.51.30-AM-1024x694.jpeg 1024w,https:\/\/wp.uaslp.mx\/noticias\/wp-content\/uploads\/sites\/5\/2025\/08\/WhatsApp-Image-2025-08-29-at-10.51.30-AM.jpeg 1280w\" sizes=\"auto, 250px\"\/><\/a><\/div><\/div><\/noscript><\/div><script type=\"application\/json\" class=\"sgb-data\">{\"galleryType\":\"pgc_sgb_masonry\",\"galleryId\":\"ea930997\",\"images\":[{\"id\":20631,\"title\":\"WhatsApp Image 2025-08-29 at 10.51.36 AM (1)\",\"url\":\"https:\/\/wp.uaslp.mx\/noticias\/wp-content\/uploads\/sites\/5\/2025\/08\/WhatsApp-Image-2025-08-29-at-10.51.36-AM-1.jpeg\",\"link\":\"https:\/\/wp.uaslp.mx\/noticias\/academica\/estudiantes-de-mas-de-diez-paises-se-integran-a-las-facultades-de-la-uaslp-en-el-ciclo-agosto-diciembre-2025\/attachment\/whatsapp-image-2025-08-29-at-10-51-36-am-1\/\",\"alt\":\"\",\"description\":\"\",\"caption\":\"\",\"mime\":\"image\/jpeg\",\"type\":\"image\",\"width\":1280,\"height\":906,\"sizes\":{\"thumbnail\":{\"height\":150,\"width\":150,\"url\":\"https:\/\/wp.uaslp.mx\/noticias\/wp-content\/uploads\/sites\/5\/2025\/08\/WhatsApp-Image-2025-08-29-at-10.51.36-AM-1-150x150.jpeg\",\"orientation\":\"landscape\"},\"medium\":{\"height\":725,\"width\":1024,\"url\":\"https:\/\/wp.uaslp.mx\/noticias\/wp-content\/uploads\/sites\/5\/2025\/08\/WhatsApp-Image-2025-08-29-at-10.51.36-AM-1-1024x725.jpeg\",\"orientation\":\"landscape\"},\"full\":{\"url\":\"https:\/\/wp.uaslp.mx\/noticias\/wp-content\/uploads\/sites\/5\/2025\/08\/WhatsApp-Image-2025-08-29-at-10.51.36-AM-1.jpeg\",\"height\":906,\"width\":1280,\"orientation\":\"landscape\"}},\"imageMeta\":{\"aperture\":\"0\",\"credit\":\"\",\"camera\":\"\",\"caption\":\"\",\"created_timestamp\":\"0\",\"copyright\":\"\",\"focal_length\":\"0\",\"iso\":\"0\",\"shutter_speed\":\"0\",\"title\":\"\",\"orientation\":\"0\",\"keywords\":[]},\"meta\":false,\"postlink\":\"https:\/\/wp.uaslp.mx\/noticias\/academica\/estudiantes-de-mas-de-diez-paises-se-integran-a-las-facultades-de-la-uaslp-en-el-ciclo-agosto-diciembre-2025\/attachment\/whatsapp-image-2025-08-29-at-10-51-36-am-1\/\"},{\"id\":20629,\"title\":\"WhatsApp Image 2025-08-29 at 10.51.36 AM\",\"url\":\"https:\/\/wp.uaslp.mx\/noticias\/wp-content\/uploads\/sites\/5\/2025\/08\/WhatsApp-Image-2025-08-29-at-10.51.36-AM.jpeg\",\"link\":\"https:\/\/wp.uaslp.mx\/noticias\/academica\/estudiantes-de-mas-de-diez-paises-se-integran-a-las-facultades-de-la-uaslp-en-el-ciclo-agosto-diciembre-2025\/attachment\/whatsapp-image-2025-08-29-at-10-51-36-am\/\",\"alt\":\"\",\"description\":\"\",\"caption\":\"\",\"mime\":\"image\/jpeg\",\"type\":\"image\",\"width\":1280,\"height\":826,\"sizes\":{\"thumbnail\":{\"height\":150,\"width\":150,\"url\":\"https:\/\/wp.uaslp.mx\/noticias\/wp-content\/uploads\/sites\/5\/2025\/08\/WhatsApp-Image-2025-08-29-at-10.51.36-AM-150x150.jpeg\",\"orientation\":\"landscape\"},\"medium\":{\"height\":661,\"width\":1024,\"url\":\"https:\/\/wp.uaslp.mx\/noticias\/wp-content\/uploads\/sites\/5\/2025\/08\/WhatsApp-Image-2025-08-29-at-10.51.36-AM-1024x661.jpeg\",\"orientation\":\"landscape\"},\"full\":{\"url\":\"https:\/\/wp.uaslp.mx\/noticias\/wp-content\/uploads\/sites\/5\/2025\/08\/WhatsApp-Image-2025-08-29-at-10.51.36-AM.jpeg\",\"height\":826,\"width\":1280,\"orientation\":\"landscape\"}},\"imageMeta\":{\"aperture\":\"0\",\"credit\":\"\",\"camera\":\"\",\"caption\":\"\",\"created_timestamp\":\"0\",\"copyright\":\"\",\"focal_length\":\"0\",\"iso\":\"0\",\"shutter_speed\":\"0\",\"title\":\"\",\"orientation\":\"0\",\"keywords\":[]},\"meta\":false,\"postlink\":\"https:\/\/wp.uaslp.mx\/noticias\/academica\/estudiantes-de-mas-de-diez-paises-se-integran-a-las-facultades-de-la-uaslp-en-el-ciclo-agosto-diciembre-2025\/attachment\/whatsapp-image-2025-08-29-at-10-51-36-am\/\"},{\"id\":20632,\"title\":\"WhatsApp Image 2025-08-29 at 10.52.00 AM\",\"url\":\"https:\/\/wp.uaslp.mx\/noticias\/wp-content\/uploads\/sites\/5\/2025\/08\/WhatsApp-Image-2025-08-29-at-10.52.00-AM.jpeg\",\"link\":\"https:\/\/wp.uaslp.mx\/noticias\/academica\/estudiantes-de-mas-de-diez-paises-se-integran-a-las-facultades-de-la-uaslp-en-el-ciclo-agosto-diciembre-2025\/attachment\/whatsapp-image-2025-08-29-at-10-52-00-am\/\",\"alt\":\"\",\"description\":\"\",\"caption\":\"\",\"mime\":\"image\/jpeg\",\"type\":\"image\",\"width\":1155,\"height\":689,\"sizes\":{\"thumbnail\":{\"height\":150,\"width\":150,\"url\":\"https:\/\/wp.uaslp.mx\/noticias\/wp-content\/uploads\/sites\/5\/2025\/08\/WhatsApp-Image-2025-08-29-at-10.52.00-AM-150x150.jpeg\",\"orientation\":\"landscape\"},\"medium\":{\"height\":611,\"width\":1024,\"url\":\"https:\/\/wp.uaslp.mx\/noticias\/wp-content\/uploads\/sites\/5\/2025\/08\/WhatsApp-Image-2025-08-29-at-10.52.00-AM-1024x611.jpeg\",\"orientation\":\"landscape\"},\"full\":{\"url\":\"https:\/\/wp.uaslp.mx\/noticias\/wp-content\/uploads\/sites\/5\/2025\/08\/WhatsApp-Image-2025-08-29-at-10.52.00-AM.jpeg\",\"height\":689,\"width\":1155,\"orientation\":\"landscape\"}},\"imageMeta\":{\"aperture\":\"0\",\"credit\":\"\",\"camera\":\"\",\"caption\":\"\",\"created_timestamp\":\"0\",\"copyright\":\"\",\"focal_length\":\"0\",\"iso\":\"0\",\"shutter_speed\":\"0\",\"title\":\"\",\"orientation\":\"0\",\"keywords\":[]},\"meta\":false,\"postlink\":\"https:\/\/wp.uaslp.mx\/noticias\/academica\/estudiantes-de-mas-de-diez-paises-se-integran-a-las-facultades-de-la-uaslp-en-el-ciclo-agosto-diciembre-2025\/attachment\/whatsapp-image-2025-08-29-at-10-52-00-am\/\"},{\"id\":20633,\"title\":\"WhatsApp Image 2025-08-29 at 10.51.30 AM\",\"url\":\"https:\/\/wp.uaslp.mx\/noticias\/wp-content\/uploads\/sites\/5\/2025\/08\/WhatsApp-Image-2025-08-29-at-10.51.30-AM.jpeg\",\"link\":\"https:\/\/wp.uaslp.mx\/noticias\/academica\/estudiantes-de-mas-de-diez-paises-se-integran-a-las-facultades-de-la-uaslp-en-el-ciclo-agosto-diciembre-2025\/attachment\/whatsapp-image-2025-08-29-at-10-51-30-am\/\",\"alt\":\"\",\"description\":\"\",\"caption\":\"\",\"mime\":\"image\/jpeg\",\"type\":\"image\",\"width\":1280,\"height\":868,\"sizes\":{\"thumbnail\":{\"height\":150,\"width\":150,\"url\":\"https:\/\/wp.uaslp.mx\/noticias\/wp-content\/uploads\/sites\/5\/2025\/08\/WhatsApp-Image-2025-08-29-at-10.51.30-AM-150x150.jpeg\",\"orientation\":\"landscape\"},\"medium\":{\"height\":694,\"width\":1024,\"url\":\"https:\/\/wp.uaslp.mx\/noticias\/wp-content\/uploads\/sites\/5\/2025\/08\/WhatsApp-Image-2025-08-29-at-10.51.30-AM-1024x694.jpeg\",\"orientation\":\"landscape\"},\"full\":{\"url\":\"https:\/\/wp.uaslp.mx\/noticias\/wp-content\/uploads\/sites\/5\/2025\/08\/WhatsApp-Image-2025-08-29-at-10.51.30-AM.jpeg\",\"height\":868,\"width\":1280,\"orientation\":\"landscape\"}},\"imageMeta\":{\"aperture\":\"0\",\"credit\":\"\",\"camera\":\"\",\"caption\":\"\",\"created_timestamp\":\"0\",\"copyright\":\"\",\"focal_length\":\"0\",\"iso\":\"0\",\"shutter_speed\":\"0\",\"title\":\"\",\"orientation\":\"0\",\"keywords\":[]},\"meta\":false,\"postlink\":\"https:\/\/wp.uaslp.mx\/noticias\/academica\/estudiantes-de-mas-de-diez-paises-se-integran-a-las-facultades-de-la-uaslp-en-el-ciclo-agosto-diciembre-2025\/attachment\/whatsapp-image-2025-08-29-at-10-51-30-am\/\"}],\"itemsMetaDataCollection\":[]}<\/script><script>(function(){if(window.PGC_SGB && window.PGC_SGB.searcher){window.PGC_SGB.searcher.initBlocks()}})()<\/script><\/div>","protected":false},"excerpt":{"rendered":"<p>La Universidad Aut\u00f3noma de San Luis Potos\u00ed (UASLP) a trav\u00e9s de la Direcci\u00f3n de Internacionalizaci\u00f3n,&#8230;<\/p>\n","protected":false},"author":12,"featured_media":20630,"comment_status":"closed","ping_status":"closed","sticky":false,"template":"","format":"standard","meta":{"pgc_sgb_lightbox_settings":"","footnotes":""},"categories":[2],"tags":[3075,3074],"class_list":["post-20628","post","type-post","status-publish","format-standard","has-post-thumbnail","hentry","category-academica","tag-movilidadestudiantiluaslp","tag-uaslpinternacional"],"featured_image_urls":{"full":["https:\/\/wp.uaslp.mx\/noticias\/wp-content\/uploads\/sites\/5\/2025\/08\/WhatsApp-Image-2025-08-29-at-10.51.35-AM.jpeg",1280,826,false],"thumbnail":["https:\/\/wp.uaslp.mx\/noticias\/wp-content\/uploads\/sites\/5\/2025\/08\/WhatsApp-Image-2025-08-29-at-10.51.35-AM-150x150.jpeg",150,150,true],"medium":["https:\/\/wp.uaslp.mx\/noticias\/wp-content\/uploads\/sites\/5\/2025\/08\/WhatsApp-Image-2025-08-29-at-10.51.35-AM-1024x661.jpeg",1024,661,true],"medium_large":["https:\/\/wp.uaslp.mx\/noticias\/wp-content\/uploads\/sites\/5\/2025\/08\/WhatsApp-Image-2025-08-29-at-10.51.35-AM-768x496.jpeg",640,413,true],"large":["https:\/\/wp.uaslp.mx\/noticias\/wp-content\/uploads\/sites\/5\/2025\/08\/WhatsApp-Image-2025-08-29-at-10.51.35-AM.jpeg",1280,826,false],"1536x1536":["https:\/\/wp.uaslp.mx\/noticias\/wp-content\/uploads\/sites\/5\/2025\/08\/WhatsApp-Image-2025-08-29-at-10.51.35-AM.jpeg",1280,826,false],"2048x2048":["https:\/\/wp.uaslp.mx\/noticias\/wp-content\/uploads\/sites\/5\/2025\/08\/WhatsApp-Image-2025-08-29-at-10.51.35-AM.jpeg",1280,826,false],"newsever-slider-full":["https:\/\/wp.uaslp.mx\/noticias\/wp-content\/uploads\/sites\/5\/2025\/08\/WhatsApp-Image-2025-08-29-at-10.51.35-AM.jpeg",1280,826,false],"newsever-featured":["https:\/\/wp.uaslp.mx\/noticias\/wp-content\/uploads\/sites\/5\/2025\/08\/WhatsApp-Image-2025-08-29-at-10.51.35-AM-1024x661.jpeg",1024,661,true],"newsever-medium":["https:\/\/wp.uaslp.mx\/noticias\/wp-content\/uploads\/sites\/5\/2025\/08\/WhatsApp-Image-2025-08-29-at-10.51.35-AM-720x475.jpeg",720,475,true],"mailpoet_newsletter_max":["https:\/\/wp.uaslp.mx\/noticias\/wp-content\/uploads\/sites\/5\/2025\/08\/WhatsApp-Image-2025-08-29-at-10.51.35-AM.jpeg",1280,826,false]},"author_info":{"display_name":"Prensa y difusi\u00f3n","author_link":"https:\/\/wp.uaslp.mx\/noticias\/author\/giovannamorales\/"},"category_info":"<a href=\"https:\/\/wp.uaslp.mx\/noticias\/category\/academica\/\" rel=\"category tag\">Acad\u00e9mica<\/a>","tag_info":"Acad\u00e9mica","comment_count":"0","_links":{"self":[{"href":"https:\/\/wp.uaslp.mx\/noticias\/wp-json\/wp\/v2\/posts\/20628","targetHints":{"allow":["GET"]}}],"collection":[{"href":"https:\/\/wp.uaslp.mx\/noticias\/wp-json\/wp\/v2\/posts"}],"about":[{"href":"https:\/\/wp.uaslp.mx\/noticias\/wp-json\/wp\/v2\/types\/post"}],"author":[{"embeddable":true,"href":"https:\/\/wp.uaslp.mx\/noticias\/wp-json\/wp\/v2\/users\/12"}],"replies":[{"embeddable":true,"href":"https:\/\/wp.uaslp.mx\/noticias\/wp-json\/wp\/v2\/comments?post=20628"}],"version-history":[{"count":3,"href":"https:\/\/wp.uaslp.mx\/noticias\/wp-json\/wp\/v2\/posts\/20628\/revisions"}],"predecessor-version":[{"id":20661,"href":"https:\/\/wp.uaslp.mx\/noticias\/wp-json\/wp\/v2\/posts\/20628\/revisions\/20661"}],"wp:featuredmedia":[{"embeddable":true,"href":"https:\/\/wp.uaslp.mx\/noticias\/wp-json\/wp\/v2\/media\/20630"}],"wp:attachment":[{"href":"https:\/\/wp.uaslp.mx\/noticias\/wp-json\/wp\/v2\/media?parent=20628"}],"wp:term":[{"taxonomy":"category","embeddable":true,"href":"https:\/\/wp.uaslp.mx\/noticias\/wp-json\/wp\/v2\/categories?post=20628"},{"taxonomy":"post_tag","embeddable":true,"href":"https:\/\/wp.uaslp.mx\/noticias\/wp-json\/wp\/v2\/tags?post=20628"}],"curies":[{"name":"wp","href":"https:\/\/api.w.org\/{rel}","templated":true}]}}