{"id":20610,"date":"2025-08-28T12:37:45","date_gmt":"2025-08-28T18:37:45","guid":{"rendered":"https:\/\/wp.uaslp.mx\/noticias\/?p=20610"},"modified":"2025-08-28T12:37:46","modified_gmt":"2025-08-28T18:37:46","slug":"facultad-de-estomatologia-celebra-el-xxxii-congreso-internacional-de-posgrados","status":"publish","type":"post","link":"https:\/\/wp.uaslp.mx\/noticias\/academica\/facultad-de-estomatologia-celebra-el-xxxii-congreso-internacional-de-posgrados\/","title":{"rendered":"Facultad de Estomatolog\u00eda celebra el XXXII Congreso Internacional de Posgrados"},"content":{"rendered":"\n<p>La <a href=\"https:\/\/www.estomatologia.uaslp.mx\/#gsc.tab=0\">Facultad de Estomatolog\u00eda de la Universidad Aut\u00f3noma de San Luis Potos\u00ed<\/a> (UASLP) inaugur\u00f3 la trig\u00e9sima segunda edici\u00f3n del <a href=\"https:\/\/www.masporevento.com\/evento\/ver\/XXXII_Congreso_Internacional_de_Posgrados\">Congreso Internacional de Posgrados<\/a>, que se desarrolla desde este jueves 28 al s\u00e1bado 30 de agosto en el Centro Cultural Universitario Bicentenario. El evento est\u00e1 dirigido a egresados, profesionales en ejercicio, especialistas en odontolog\u00eda y estudiantes.<\/p>\n\n\n\n<p>La ceremonia de apertura estuvo presidida por el rector, doctor Alejandro Javier Zerme\u00f1o Guerra, quien en su mensaje destac\u00f3 la calidad acad\u00e9mica de la instituci\u00f3n y la formaci\u00f3n de profesionales comprometidos con la sociedad. Reconoci\u00f3 los retos que enfrenta el sector salud por la falta de apoyos como fideicomisos y becas, y aplaudi\u00f3 el esfuerzo de superaci\u00f3n y trabajo en equipo que ha permitido a la Facultad consolidarse con gran prestigio nacional e internacional.<\/p>\n\n\n\n<p>El rector record\u00f3 que hace 46 a\u00f1os inici\u00f3 el Posgrado en Cirug\u00eda Maxilofacial, que marc\u00f3 el cambio de denominaci\u00f3n de Escuela a Facultad de Estomatolog\u00eda. \u201cFue importante el trabajo que en ese entonces se desarroll\u00f3 para el primer posgrado. Hoy contamos con ocho programas y espero que estos tres d\u00edas representen una gran oportunidad para aprender y convivir\u201d, expres\u00f3.<\/p>\n\n\n\n<p>Por su parte, el director de la Facultad de Estomatolog\u00eda, maestro Alan Mart\u00ednez Zumar\u00e1n, se\u00f1al\u00f3 que el XXXII Congreso forma parte de la tradici\u00f3n e historia de la Facultad, al ser un espacio que promueve el aprendizaje, el encuentro y el crecimiento de la comunidad acad\u00e9mica. Subray\u00f3 que la finalidad del evento es fortalecer la formaci\u00f3n profesional, impulsar la investigaci\u00f3n y contribuir a una estomatolog\u00eda m\u00e1s humana e innovadora.<\/p>\n\n\n\n<p>A lo largo de sus 32 ediciones, este evento se ha consolidado como un referente acad\u00e9mico de nivel nacional e internacional, al reunir especialistas de todas las \u00e1reas de la estomatolog\u00eda. \u201cEsta diversidad enriquece la visi\u00f3n de la profesi\u00f3n y nos recuerda que la estomatolog\u00eda integral est\u00e1 en constante evoluci\u00f3n\u201d, afirm\u00f3.<\/p>\n\n\n\n<p>Durante el acto inaugural tambi\u00e9n se rindi\u00f3 un homenaje p\u00f3stumo a la memoria del doctor Mart\u00edn Toranzo Fern\u00e1ndez, profesor em\u00e9rito del plantel, reconocido como maestro ejemplar y gu\u00eda de numerosas generaciones, adem\u00e1s de ser un personaje multifac\u00e9tico e innovador.<\/p>\n\n\n\n<p>El XXXII Congreso Internacional de Posgrados de la Facultad de Estomatolog\u00eda UASLP representa una oportunidad de actualizaci\u00f3n y de creaci\u00f3n de lazos acad\u00e9micos con colegas de M\u00e9xico y el extranjero. A lo largo de tres d\u00edas, los asistentes participar\u00e1n en conferencias impartidas por especialistas de Bolivia, Guatemala y Per\u00fa, adem\u00e1s de expertos nacionales en distintas ramas de la estomatolog\u00eda.<\/p>\n\n\n\n<p>En esta edici\u00f3n participan los programas de posgrado del plantel anfitri\u00f3n: Especialidad en Cirug\u00eda Oral y Maxilofacial, Especialidad en Ortodoncia, Especialidad en Estomatolog\u00eda Pedi\u00e1trica, Especialidad en Periodoncia, Especialidad en Ciencias Odontol\u00f3gicas, Maestr\u00eda en Endodoncia y Doctorado en Ciencias Odontol\u00f3gicas.<\/p>\n\n\n\n<p>Entre las autoridades presentes estuvieron el doctor Amaury de Jes\u00fas Pozos Guill\u00e9n, secretario de Investigaci\u00f3n y Posgrado de la UASLP; el doctor Francisco Javier Guti\u00e9rrez Cant\u00fa, jefe de Posgrado; y la doctora Adriana Torre Delgadillo, coordinadora de la Especialidad de Ortodoncia y Ortopedia Maxilofacial y presidenta del comit\u00e9 organizador del Congreso, adem\u00e1s de ponentes, alumnos de licenciatura y posgrado, y personal administrativo.<\/p>\n\n\n\n<p class=\"has-text-align-right\"><em>Noelia Mart\u00ednez<\/em><\/p>\n\n\n\n<p class=\"has-text-align-right\"><\/p>\n\n\n<div class=\"pgc-sgb-cb wp-block-pgcsimplygalleryblock-masonry \" data-gallery-id=\"00a18528\"><div class=\"sgb-preloader\" id=\"pr_00a18528\">\n\t<div class=\"sgb-square\" style=\"background:#d4d4d4\"><\/div>\n\t<div class=\"sgb-square\" style=\"background:#d4d4d4\"><\/div>\n\t<div class=\"sgb-square\" style=\"background:#d4d4d4\"><\/div>\n\t<div class=\"sgb-square\" style=\"background:#d4d4d4\"><\/div><\/div><div class=\"simply-gallery-amp pgc_sgb_slider \"><noscript><div class=\"sgb-gallery\"><div class=\"sgb-item\"><a href=\"https:\/\/wp.uaslp.mx\/noticias\/?attachment_id=20611\" target=\"_blank\"><img decoding=\"async\" alt=\"\" width=\"1024\" height=\"690\" loading=\"lazy\" src=\"https:\/\/wp.uaslp.mx\/noticias\/wp-content\/uploads\/sites\/5\/2025\/08\/WhatsApp-Image-2025-08-28-at-12.28.21-PM-2-1024x690.jpeg\" srcset=\"https:\/\/wp.uaslp.mx\/noticias\/wp-content\/uploads\/sites\/5\/2025\/08\/WhatsApp-Image-2025-08-28-at-12.28.21-PM-2-1024x690.jpeg 1024w,https:\/\/wp.uaslp.mx\/noticias\/wp-content\/uploads\/sites\/5\/2025\/08\/WhatsApp-Image-2025-08-28-at-12.28.21-PM-2.jpeg 1298w\" sizes=\"auto, 250px\"\/><\/a><\/div><div class=\"sgb-item\"><a href=\"https:\/\/wp.uaslp.mx\/noticias\/?attachment_id=20612\" target=\"_blank\"><img decoding=\"async\" alt=\"\" width=\"1024\" height=\"692\" loading=\"lazy\" src=\"https:\/\/wp.uaslp.mx\/noticias\/wp-content\/uploads\/sites\/5\/2025\/08\/WhatsApp-Image-2025-08-28-at-12.28.21-PM-1-1024x692.jpeg\" srcset=\"https:\/\/wp.uaslp.mx\/noticias\/wp-content\/uploads\/sites\/5\/2025\/08\/WhatsApp-Image-2025-08-28-at-12.28.21-PM-1-1024x692.jpeg 1024w,https:\/\/wp.uaslp.mx\/noticias\/wp-content\/uploads\/sites\/5\/2025\/08\/WhatsApp-Image-2025-08-28-at-12.28.21-PM-1.jpeg 1484w\" sizes=\"auto, 250px\"\/><\/a><\/div><div class=\"sgb-item\"><a href=\"https:\/\/wp.uaslp.mx\/noticias\/?attachment_id=20613\" target=\"_blank\"><img decoding=\"async\" alt=\"\" width=\"1024\" height=\"682\" loading=\"lazy\" src=\"https:\/\/wp.uaslp.mx\/noticias\/wp-content\/uploads\/sites\/5\/2025\/08\/WhatsApp-Image-2025-08-28-at-12.28.21-PM-1024x682.jpeg\" srcset=\"https:\/\/wp.uaslp.mx\/noticias\/wp-content\/uploads\/sites\/5\/2025\/08\/WhatsApp-Image-2025-08-28-at-12.28.21-PM-1024x682.jpeg 1024w,https:\/\/wp.uaslp.mx\/noticias\/wp-content\/uploads\/sites\/5\/2025\/08\/WhatsApp-Image-2025-08-28-at-12.28.21-PM.jpeg 1591w\" sizes=\"auto, 250px\"\/><\/a><\/div><\/div><\/noscript><\/div><script type=\"application\/json\" class=\"sgb-data\">{\"galleryType\":\"pgc_sgb_masonry\",\"galleryId\":\"00a18528\",\"images\":[{\"id\":20611,\"title\":\"WhatsApp Image 2025-08-28 at 12.28.21 PM (2)\",\"url\":\"https:\/\/wp.uaslp.mx\/noticias\/wp-content\/uploads\/sites\/5\/2025\/08\/WhatsApp-Image-2025-08-28-at-12.28.21-PM-2.jpeg\",\"link\":\"https:\/\/wp.uaslp.mx\/noticias\/?attachment_id=20611\",\"alt\":\"\",\"description\":\"\",\"caption\":\"\",\"mime\":\"image\/jpeg\",\"type\":\"image\",\"width\":1298,\"height\":875,\"sizes\":{\"thumbnail\":{\"height\":150,\"width\":150,\"url\":\"https:\/\/wp.uaslp.mx\/noticias\/wp-content\/uploads\/sites\/5\/2025\/08\/WhatsApp-Image-2025-08-28-at-12.28.21-PM-2-150x150.jpeg\",\"orientation\":\"landscape\"},\"medium\":{\"height\":690,\"width\":1024,\"url\":\"https:\/\/wp.uaslp.mx\/noticias\/wp-content\/uploads\/sites\/5\/2025\/08\/WhatsApp-Image-2025-08-28-at-12.28.21-PM-2-1024x690.jpeg\",\"orientation\":\"landscape\"},\"full\":{\"url\":\"https:\/\/wp.uaslp.mx\/noticias\/wp-content\/uploads\/sites\/5\/2025\/08\/WhatsApp-Image-2025-08-28-at-12.28.21-PM-2.jpeg\",\"height\":875,\"width\":1298,\"orientation\":\"landscape\"}},\"imageMeta\":{\"aperture\":\"0\",\"credit\":\"\",\"camera\":\"\",\"caption\":\"\",\"created_timestamp\":\"0\",\"copyright\":\"\",\"focal_length\":\"0\",\"iso\":\"0\",\"shutter_speed\":\"0\",\"title\":\"\",\"orientation\":\"0\",\"keywords\":[]},\"meta\":false,\"postlink\":\"https:\/\/wp.uaslp.mx\/noticias\/?attachment_id=20611\"},{\"id\":20612,\"title\":\"WhatsApp Image 2025-08-28 at 12.28.21 PM (1)\",\"url\":\"https:\/\/wp.uaslp.mx\/noticias\/wp-content\/uploads\/sites\/5\/2025\/08\/WhatsApp-Image-2025-08-28-at-12.28.21-PM-1.jpeg\",\"link\":\"https:\/\/wp.uaslp.mx\/noticias\/?attachment_id=20612\",\"alt\":\"\",\"description\":\"\",\"caption\":\"\",\"mime\":\"image\/jpeg\",\"type\":\"image\",\"width\":1484,\"height\":1003,\"sizes\":{\"thumbnail\":{\"height\":150,\"width\":150,\"url\":\"https:\/\/wp.uaslp.mx\/noticias\/wp-content\/uploads\/sites\/5\/2025\/08\/WhatsApp-Image-2025-08-28-at-12.28.21-PM-1-150x150.jpeg\",\"orientation\":\"landscape\"},\"medium\":{\"height\":692,\"width\":1024,\"url\":\"https:\/\/wp.uaslp.mx\/noticias\/wp-content\/uploads\/sites\/5\/2025\/08\/WhatsApp-Image-2025-08-28-at-12.28.21-PM-1-1024x692.jpeg\",\"orientation\":\"landscape\"},\"full\":{\"url\":\"https:\/\/wp.uaslp.mx\/noticias\/wp-content\/uploads\/sites\/5\/2025\/08\/WhatsApp-Image-2025-08-28-at-12.28.21-PM-1.jpeg\",\"height\":1003,\"width\":1484,\"orientation\":\"landscape\"}},\"imageMeta\":{\"aperture\":\"0\",\"credit\":\"\",\"camera\":\"\",\"caption\":\"\",\"created_timestamp\":\"0\",\"copyright\":\"\",\"focal_length\":\"0\",\"iso\":\"0\",\"shutter_speed\":\"0\",\"title\":\"\",\"orientation\":\"0\",\"keywords\":[]},\"meta\":false,\"postlink\":\"https:\/\/wp.uaslp.mx\/noticias\/?attachment_id=20612\"},{\"id\":20613,\"title\":\"WhatsApp Image 2025-08-28 at 12.28.21 PM\",\"url\":\"https:\/\/wp.uaslp.mx\/noticias\/wp-content\/uploads\/sites\/5\/2025\/08\/WhatsApp-Image-2025-08-28-at-12.28.21-PM.jpeg\",\"link\":\"https:\/\/wp.uaslp.mx\/noticias\/?attachment_id=20613\",\"alt\":\"\",\"description\":\"\",\"caption\":\"\",\"mime\":\"image\/jpeg\",\"type\":\"image\",\"width\":1591,\"height\":1060,\"sizes\":{\"thumbnail\":{\"height\":150,\"width\":150,\"url\":\"https:\/\/wp.uaslp.mx\/noticias\/wp-content\/uploads\/sites\/5\/2025\/08\/WhatsApp-Image-2025-08-28-at-12.28.21-PM-150x150.jpeg\",\"orientation\":\"landscape\"},\"medium\":{\"height\":682,\"width\":1024,\"url\":\"https:\/\/wp.uaslp.mx\/noticias\/wp-content\/uploads\/sites\/5\/2025\/08\/WhatsApp-Image-2025-08-28-at-12.28.21-PM-1024x682.jpeg\",\"orientation\":\"landscape\"},\"full\":{\"url\":\"https:\/\/wp.uaslp.mx\/noticias\/wp-content\/uploads\/sites\/5\/2025\/08\/WhatsApp-Image-2025-08-28-at-12.28.21-PM.jpeg\",\"height\":1060,\"width\":1591,\"orientation\":\"landscape\"}},\"imageMeta\":{\"aperture\":\"0\",\"credit\":\"\",\"camera\":\"\",\"caption\":\"\",\"created_timestamp\":\"0\",\"copyright\":\"\",\"focal_length\":\"0\",\"iso\":\"0\",\"shutter_speed\":\"0\",\"title\":\"\",\"orientation\":\"0\",\"keywords\":[]},\"meta\":false,\"postlink\":\"https:\/\/wp.uaslp.mx\/noticias\/?attachment_id=20613\"}],\"itemsMetaDataCollection\":[]}<\/script><script>(function(){if(window.PGC_SGB && window.PGC_SGB.searcher){window.PGC_SGB.searcher.initBlocks()}})()<\/script><\/div>\n\n\n<p class=\"has-text-align-right\"><em> <\/em><\/p>\n","protected":false},"excerpt":{"rendered":"<p>La Facultad de Estomatolog\u00eda de la Universidad Aut\u00f3noma de San Luis Potos\u00ed (UASLP) inaugur\u00f3 la&#8230;<\/p>\n","protected":false},"author":12,"featured_media":20614,"comment_status":"closed","ping_status":"closed","sticky":false,"template":"","format":"standard","meta":{"pgc_sgb_lightbox_settings":"","footnotes":""},"categories":[2],"tags":[3072,312],"class_list":["post-20610","post","type-post","status-publish","format-standard","has-post-thumbnail","hentry","category-academica","tag-congreso-internacional-uaslp","tag-facultad-de-estomatologia"],"featured_image_urls":{"full":["https:\/\/wp.uaslp.mx\/noticias\/wp-content\/uploads\/sites\/5\/2025\/08\/WhatsApp-Image-2025-08-28-at-12.28.20-PM.jpeg",1599,1066,false],"thumbnail":["https:\/\/wp.uaslp.mx\/noticias\/wp-content\/uploads\/sites\/5\/2025\/08\/WhatsApp-Image-2025-08-28-at-12.28.20-PM-150x150.jpeg",150,150,true],"medium":["https:\/\/wp.uaslp.mx\/noticias\/wp-content\/uploads\/sites\/5\/2025\/08\/WhatsApp-Image-2025-08-28-at-12.28.20-PM-1024x683.jpeg",1024,683,true],"medium_large":["https:\/\/wp.uaslp.mx\/noticias\/wp-content\/uploads\/sites\/5\/2025\/08\/WhatsApp-Image-2025-08-28-at-12.28.20-PM-768x512.jpeg",640,427,true],"large":["https:\/\/wp.uaslp.mx\/noticias\/wp-content\/uploads\/sites\/5\/2025\/08\/WhatsApp-Image-2025-08-28-at-12.28.20-PM.jpeg",1599,1066,false],"1536x1536":["https:\/\/wp.uaslp.mx\/noticias\/wp-content\/uploads\/sites\/5\/2025\/08\/WhatsApp-Image-2025-08-28-at-12.28.20-PM-1536x1024.jpeg",1536,1024,true],"2048x2048":["https:\/\/wp.uaslp.mx\/noticias\/wp-content\/uploads\/sites\/5\/2025\/08\/WhatsApp-Image-2025-08-28-at-12.28.20-PM.jpeg",1599,1066,false],"newsever-slider-full":["https:\/\/wp.uaslp.mx\/noticias\/wp-content\/uploads\/sites\/5\/2025\/08\/WhatsApp-Image-2025-08-28-at-12.28.20-PM-1280x845.jpeg",1280,845,true],"newsever-featured":["https:\/\/wp.uaslp.mx\/noticias\/wp-content\/uploads\/sites\/5\/2025\/08\/WhatsApp-Image-2025-08-28-at-12.28.20-PM-1024x683.jpeg",1024,683,true],"newsever-medium":["https:\/\/wp.uaslp.mx\/noticias\/wp-content\/uploads\/sites\/5\/2025\/08\/WhatsApp-Image-2025-08-28-at-12.28.20-PM-720x475.jpeg",720,475,true],"mailpoet_newsletter_max":["https:\/\/wp.uaslp.mx\/noticias\/wp-content\/uploads\/sites\/5\/2025\/08\/WhatsApp-Image-2025-08-28-at-12.28.20-PM-1320x880.jpeg",1320,880,true]},"author_info":{"display_name":"Prensa y difusi\u00f3n","author_link":"https:\/\/wp.uaslp.mx\/noticias\/author\/giovannamorales\/"},"category_info":"<a href=\"https:\/\/wp.uaslp.mx\/noticias\/category\/academica\/\" rel=\"category tag\">Acad\u00e9mica<\/a>","tag_info":"Acad\u00e9mica","comment_count":"0","_links":{"self":[{"href":"https:\/\/wp.uaslp.mx\/noticias\/wp-json\/wp\/v2\/posts\/20610","targetHints":{"allow":["GET"]}}],"collection":[{"href":"https:\/\/wp.uaslp.mx\/noticias\/wp-json\/wp\/v2\/posts"}],"about":[{"href":"https:\/\/wp.uaslp.mx\/noticias\/wp-json\/wp\/v2\/types\/post"}],"author":[{"embeddable":true,"href":"https:\/\/wp.uaslp.mx\/noticias\/wp-json\/wp\/v2\/users\/12"}],"replies":[{"embeddable":true,"href":"https:\/\/wp.uaslp.mx\/noticias\/wp-json\/wp\/v2\/comments?post=20610"}],"version-history":[{"count":1,"href":"https:\/\/wp.uaslp.mx\/noticias\/wp-json\/wp\/v2\/posts\/20610\/revisions"}],"predecessor-version":[{"id":20615,"href":"https:\/\/wp.uaslp.mx\/noticias\/wp-json\/wp\/v2\/posts\/20610\/revisions\/20615"}],"wp:featuredmedia":[{"embeddable":true,"href":"https:\/\/wp.uaslp.mx\/noticias\/wp-json\/wp\/v2\/media\/20614"}],"wp:attachment":[{"href":"https:\/\/wp.uaslp.mx\/noticias\/wp-json\/wp\/v2\/media?parent=20610"}],"wp:term":[{"taxonomy":"category","embeddable":true,"href":"https:\/\/wp.uaslp.mx\/noticias\/wp-json\/wp\/v2\/categories?post=20610"},{"taxonomy":"post_tag","embeddable":true,"href":"https:\/\/wp.uaslp.mx\/noticias\/wp-json\/wp\/v2\/tags?post=20610"}],"curies":[{"name":"wp","href":"https:\/\/api.w.org\/{rel}","templated":true}]}}