{"id":20605,"date":"2025-08-28T11:30:06","date_gmt":"2025-08-28T17:30:06","guid":{"rendered":"https:\/\/wp.uaslp.mx\/noticias\/?p=20605"},"modified":"2025-08-28T11:30:07","modified_gmt":"2025-08-28T17:30:07","slug":"facultad-de-enfermeria-y-nutricion-invita-a-las-jornadas-academicas-de-cuidado-gerontogeriatrico-2025","status":"publish","type":"post","link":"https:\/\/wp.uaslp.mx\/noticias\/academica\/facultad-de-enfermeria-y-nutricion-invita-a-las-jornadas-academicas-de-cuidado-gerontogeriatrico-2025\/","title":{"rendered":"Facultad de Enfermer\u00eda y Nutrici\u00f3n invita a las Jornadas Acad\u00e9micas de Cuidado Gerontogeri\u00e1trico 2025"},"content":{"rendered":"\n<p>Por tercer a\u00f1o consecutivo, la <a href=\"https:\/\/www.enfermerianutricion.uaslp.mx\/#gsc.tab=0\">Facultad de Enfermer\u00eda y Nutrici\u00f3n de la Universidad Aut\u00f3noma de San Luis Potos\u00ed <\/a>(UASLP), a trav\u00e9s de las carreras de Licenciatura en Nutrici\u00f3n, Licenciatura en Enfermer\u00eda y la Especialidad en Cuidado Gerontogeri\u00e1trico, llevar\u00e1 a cabo las Jornadas Acad\u00e9micas de Cuidado Gerontogeri\u00e1trico este s\u00e1bado 30 de agosto de 2025, a partir de las 8:15 horas, en el auditorio de la entidad.<\/p>\n\n\n\n<p>La doctora Erika Torres Hern\u00e1ndez, secretaria general de la Facultad, inform\u00f3 que la jornada contar\u00e1 con la participaci\u00f3n de especialistas de distintas disciplinas e instituciones del estado. Entre ellos, el maestro Leonel Dorantes Pacheco, del Instituto Nacional de Salud P\u00fablica, quien cerrar\u00e1 el programa con la ponencia Envejecimiento como proceso cultural.<\/p>\n\n\n\n<p>El acceso a las cuatro conferencias ser\u00e1 gratuito, previa inscripci\u00f3n en el enlace: https:<a href=\"https:\/\/docs.google.com\/forms\/d\/e\/1FAIpQLSdwzA4b_UHpEnTCZP8gJvfu05eBvS6R2zcchqUtwuNDKEOGDg\/viewform?pli=1\">\/\/u.uaslp.mx\/JornadasGeronto25.<\/a><\/p>\n\n\n\n<p>Otro de los ponentes confirmados es el maestro \u00d3scar Fern\u00e1ndez P\u00e9rez Tejada, director de la Coordinaci\u00f3n Acad\u00e9mica Regi\u00f3n Huasteca Sur (CARHS-UASLP), quien abordar\u00e1 el tema \u201cRetos y avances legales en el cuidado de las personas mayores en M\u00e9xico y c\u00f3mo garantizar una protecci\u00f3n integral\u201d.<\/p>\n\n\n\n<p>Respecto a la inclusi\u00f3n de las personas adultas mayores, la doctora Erika Torres destac\u00f3 que la colaboraci\u00f3n entre diversas disciplinas ha permitido un abordaje m\u00e1s amplio del cuidado gerontogeri\u00e1trico. Subray\u00f3 que este esfuerzo busca sensibilizar a los futuros profesionales sobre la importancia de valorar a los adultos mayores, quienes poseen experiencias y una historia de vida que, en ocasiones, ha sido desestimada.<\/p>\n\n\n\n<p>\u201cLa idea es que los estudiantes aprendan a cuidar no solo la parte f\u00edsica, sino tambi\u00e9n de manera integral, entendiendo que la vejez es una etapa natural del ciclo de vida\u201d, afirm\u00f3.<\/p>\n\n\n\n<p>Sobre el rango de edad que define a una persona adulta mayor, explic\u00f3 que se considera a partir de los 60 a\u00f1os, sin embargo, de acuerdo con estudios especializados, el envejecimiento inicia desde los 30 a\u00f1os, cuando comienza un proceso intr\u00ednseco y end\u00f3geno de desgaste.<\/p>\n\n\n\n<p>\u201cDesde esa edad el cuerpo inicia un declive interno que no siempre es visible; por ejemplo, el ri\u00f1\u00f3n pierde alrededor de 1% de su funcionalidad cada a\u00f1o. Por ello es fundamental adoptar medidas gerontoprofil\u00e1cticas, es decir, acciones preventivas que favorezcan un envejecimiento saludable\u201d, precis\u00f3.<\/p>\n\n\n\n<p>Finalmente, anunci\u00f3 que las charlas tambi\u00e9n se transmitir\u00e1n en vivo a trav\u00e9s de las redes oficiales de la Facultad: @UASLP \u2013 <a href=\"https:\/\/www.enfermerianutricion.uaslp.mx\/#gsc.tab=0\">Facultad de Enfermer\u00eda y Nutrici\u00f3n<\/a>.<\/p>\n\n\n\n<p class=\"has-text-align-right\"><em>Guadalupe Guevara<\/em><\/p>\n\n\n<div class=\"pgc-sgb-cb wp-block-pgcsimplygalleryblock-justified \" data-gallery-id=\"8d310546\"><div class=\"sgb-preloader\" id=\"pr_8d310546\">\n\t<div class=\"sgb-square\" style=\"background:#d4d4d4\"><\/div>\n\t<div class=\"sgb-square\" style=\"background:#d4d4d4\"><\/div>\n\t<div class=\"sgb-square\" style=\"background:#d4d4d4\"><\/div>\n\t<div class=\"sgb-square\" style=\"background:#d4d4d4\"><\/div><\/div><div class=\"simply-gallery-amp pgc_sgb_slider \"><noscript><div class=\"sgb-gallery\"><div class=\"sgb-item\"><a href=\"https:\/\/wp.uaslp.mx\/noticias\/?attachment_id=20608\" target=\"_blank\"><img decoding=\"async\" alt=\"\" width=\"420\" height=\"420\" loading=\"lazy\" src=\"https:\/\/wp.uaslp.mx\/noticias\/wp-content\/uploads\/sites\/5\/2025\/08\/535186067_1328188765976815_1613902518677165015_n.jpg\" srcset=\",https:\/\/wp.uaslp.mx\/noticias\/wp-content\/uploads\/sites\/5\/2025\/08\/535186067_1328188765976815_1613902518677165015_n.jpg 420w\" sizes=\"auto, 250px\"\/><\/a><\/div><div class=\"sgb-item\"><a href=\"https:\/\/wp.uaslp.mx\/noticias\/?attachment_id=20606\" target=\"_blank\"><img decoding=\"async\" alt=\"\" width=\"782\" height=\"1024\" loading=\"lazy\" src=\"https:\/\/wp.uaslp.mx\/noticias\/wp-content\/uploads\/sites\/5\/2025\/08\/WhatsApp-Image-2025-08-28-at-11.18.19-AM-782x1024.jpeg\" srcset=\"https:\/\/wp.uaslp.mx\/noticias\/wp-content\/uploads\/sites\/5\/2025\/08\/WhatsApp-Image-2025-08-28-at-11.18.19-AM-782x1024.jpeg 782w,https:\/\/wp.uaslp.mx\/noticias\/wp-content\/uploads\/sites\/5\/2025\/08\/WhatsApp-Image-2025-08-28-at-11.18.19-AM.jpeg 978w\" sizes=\"auto, 250px\"\/><\/a><\/div><\/div><\/noscript><\/div><script type=\"application\/json\" class=\"sgb-data\">{\"galleryType\":\"pgc_sgb_justified\",\"galleryId\":\"8d310546\",\"images\":[{\"id\":20608,\"title\":\"535186067_1328188765976815_1613902518677165015_n\",\"url\":\"https:\/\/wp.uaslp.mx\/noticias\/wp-content\/uploads\/sites\/5\/2025\/08\/535186067_1328188765976815_1613902518677165015_n.jpg\",\"link\":\"https:\/\/wp.uaslp.mx\/noticias\/?attachment_id=20608\",\"alt\":\"\",\"description\":\"\",\"caption\":\"\",\"mime\":\"image\/jpeg\",\"type\":\"image\",\"width\":420,\"height\":420,\"sizes\":{\"thumbnail\":{\"height\":150,\"width\":150,\"url\":\"https:\/\/wp.uaslp.mx\/noticias\/wp-content\/uploads\/sites\/5\/2025\/08\/535186067_1328188765976815_1613902518677165015_n-150x150.jpg\",\"orientation\":\"landscape\"},\"full\":{\"url\":\"https:\/\/wp.uaslp.mx\/noticias\/wp-content\/uploads\/sites\/5\/2025\/08\/535186067_1328188765976815_1613902518677165015_n.jpg\",\"height\":420,\"width\":420,\"orientation\":\"landscape\"}},\"imageMeta\":{\"aperture\":\"0\",\"credit\":\"\",\"camera\":\"\",\"caption\":\"\",\"created_timestamp\":\"0\",\"copyright\":\"\",\"focal_length\":\"0\",\"iso\":\"0\",\"shutter_speed\":\"0\",\"title\":\"\",\"orientation\":\"0\",\"keywords\":[]},\"meta\":false,\"postlink\":\"https:\/\/wp.uaslp.mx\/noticias\/?attachment_id=20608\"},{\"id\":20606,\"title\":\"WhatsApp Image 2025-08-28 at 11.18.19 AM\",\"url\":\"https:\/\/wp.uaslp.mx\/noticias\/wp-content\/uploads\/sites\/5\/2025\/08\/WhatsApp-Image-2025-08-28-at-11.18.19-AM.jpeg\",\"link\":\"https:\/\/wp.uaslp.mx\/noticias\/?attachment_id=20606\",\"alt\":\"\",\"description\":\"\",\"caption\":\"\",\"mime\":\"image\/jpeg\",\"type\":\"image\",\"width\":978,\"height\":1280,\"sizes\":{\"thumbnail\":{\"height\":150,\"width\":150,\"url\":\"https:\/\/wp.uaslp.mx\/noticias\/wp-content\/uploads\/sites\/5\/2025\/08\/WhatsApp-Image-2025-08-28-at-11.18.19-AM-150x150.jpeg\",\"orientation\":\"landscape\"},\"medium\":{\"height\":1024,\"width\":782,\"url\":\"https:\/\/wp.uaslp.mx\/noticias\/wp-content\/uploads\/sites\/5\/2025\/08\/WhatsApp-Image-2025-08-28-at-11.18.19-AM-782x1024.jpeg\",\"orientation\":\"portrait\"},\"full\":{\"url\":\"https:\/\/wp.uaslp.mx\/noticias\/wp-content\/uploads\/sites\/5\/2025\/08\/WhatsApp-Image-2025-08-28-at-11.18.19-AM.jpeg\",\"height\":1280,\"width\":978,\"orientation\":\"portrait\"}},\"imageMeta\":{\"aperture\":\"0\",\"credit\":\"\",\"camera\":\"\",\"caption\":\"\",\"created_timestamp\":\"0\",\"copyright\":\"\",\"focal_length\":\"0\",\"iso\":\"0\",\"shutter_speed\":\"0\",\"title\":\"\",\"orientation\":\"0\",\"keywords\":[]},\"meta\":false,\"postlink\":\"https:\/\/wp.uaslp.mx\/noticias\/?attachment_id=20606\"}],\"itemsMetaDataCollection\":[]}<\/script><script>(function(){if(window.PGC_SGB && window.PGC_SGB.searcher){window.PGC_SGB.searcher.initBlocks()}})()<\/script><\/div>","protected":false},"excerpt":{"rendered":"<p>Por tercer a\u00f1o consecutivo, la Facultad de Enfermer\u00eda y Nutrici\u00f3n de la Universidad Aut\u00f3noma de&#8230;<\/p>\n","protected":false},"author":12,"featured_media":20607,"comment_status":"closed","ping_status":"closed","sticky":false,"template":"","format":"standard","meta":{"pgc_sgb_lightbox_settings":"","footnotes":""},"categories":[2],"tags":[3071,3070],"class_list":["post-20605","post","type-post","status-publish","format-standard","has-post-thumbnail","hentry","category-academica","tag-cuidadointegraladultomayor","tag-jornadasgerontouaslp"],"featured_image_urls":{"full":["https:\/\/wp.uaslp.mx\/noticias\/wp-content\/uploads\/sites\/5\/2025\/08\/WhatsApp-Image-2025-08-28-at-11.18.14-AM.jpeg",1280,960,false],"thumbnail":["https:\/\/wp.uaslp.mx\/noticias\/wp-content\/uploads\/sites\/5\/2025\/08\/WhatsApp-Image-2025-08-28-at-11.18.14-AM-150x150.jpeg",150,150,true],"medium":["https:\/\/wp.uaslp.mx\/noticias\/wp-content\/uploads\/sites\/5\/2025\/08\/WhatsApp-Image-2025-08-28-at-11.18.14-AM-1024x768.jpeg",1024,768,true],"medium_large":["https:\/\/wp.uaslp.mx\/noticias\/wp-content\/uploads\/sites\/5\/2025\/08\/WhatsApp-Image-2025-08-28-at-11.18.14-AM-768x576.jpeg",640,480,true],"large":["https:\/\/wp.uaslp.mx\/noticias\/wp-content\/uploads\/sites\/5\/2025\/08\/WhatsApp-Image-2025-08-28-at-11.18.14-AM.jpeg",1280,960,false],"1536x1536":["https:\/\/wp.uaslp.mx\/noticias\/wp-content\/uploads\/sites\/5\/2025\/08\/WhatsApp-Image-2025-08-28-at-11.18.14-AM.jpeg",1280,960,false],"2048x2048":["https:\/\/wp.uaslp.mx\/noticias\/wp-content\/uploads\/sites\/5\/2025\/08\/WhatsApp-Image-2025-08-28-at-11.18.14-AM.jpeg",1280,960,false],"newsever-slider-full":["https:\/\/wp.uaslp.mx\/noticias\/wp-content\/uploads\/sites\/5\/2025\/08\/WhatsApp-Image-2025-08-28-at-11.18.14-AM-1280x845.jpeg",1280,845,true],"newsever-featured":["https:\/\/wp.uaslp.mx\/noticias\/wp-content\/uploads\/sites\/5\/2025\/08\/WhatsApp-Image-2025-08-28-at-11.18.14-AM-1024x768.jpeg",1024,768,true],"newsever-medium":["https:\/\/wp.uaslp.mx\/noticias\/wp-content\/uploads\/sites\/5\/2025\/08\/WhatsApp-Image-2025-08-28-at-11.18.14-AM-720x475.jpeg",720,475,true],"mailpoet_newsletter_max":["https:\/\/wp.uaslp.mx\/noticias\/wp-content\/uploads\/sites\/5\/2025\/08\/WhatsApp-Image-2025-08-28-at-11.18.14-AM.jpeg",1280,960,false]},"author_info":{"display_name":"Prensa y difusi\u00f3n","author_link":"https:\/\/wp.uaslp.mx\/noticias\/author\/giovannamorales\/"},"category_info":"<a href=\"https:\/\/wp.uaslp.mx\/noticias\/category\/academica\/\" rel=\"category tag\">Acad\u00e9mica<\/a>","tag_info":"Acad\u00e9mica","comment_count":"0","_links":{"self":[{"href":"https:\/\/wp.uaslp.mx\/noticias\/wp-json\/wp\/v2\/posts\/20605","targetHints":{"allow":["GET"]}}],"collection":[{"href":"https:\/\/wp.uaslp.mx\/noticias\/wp-json\/wp\/v2\/posts"}],"about":[{"href":"https:\/\/wp.uaslp.mx\/noticias\/wp-json\/wp\/v2\/types\/post"}],"author":[{"embeddable":true,"href":"https:\/\/wp.uaslp.mx\/noticias\/wp-json\/wp\/v2\/users\/12"}],"replies":[{"embeddable":true,"href":"https:\/\/wp.uaslp.mx\/noticias\/wp-json\/wp\/v2\/comments?post=20605"}],"version-history":[{"count":1,"href":"https:\/\/wp.uaslp.mx\/noticias\/wp-json\/wp\/v2\/posts\/20605\/revisions"}],"predecessor-version":[{"id":20609,"href":"https:\/\/wp.uaslp.mx\/noticias\/wp-json\/wp\/v2\/posts\/20605\/revisions\/20609"}],"wp:featuredmedia":[{"embeddable":true,"href":"https:\/\/wp.uaslp.mx\/noticias\/wp-json\/wp\/v2\/media\/20607"}],"wp:attachment":[{"href":"https:\/\/wp.uaslp.mx\/noticias\/wp-json\/wp\/v2\/media?parent=20605"}],"wp:term":[{"taxonomy":"category","embeddable":true,"href":"https:\/\/wp.uaslp.mx\/noticias\/wp-json\/wp\/v2\/categories?post=20605"},{"taxonomy":"post_tag","embeddable":true,"href":"https:\/\/wp.uaslp.mx\/noticias\/wp-json\/wp\/v2\/tags?post=20605"}],"curies":[{"name":"wp","href":"https:\/\/api.w.org\/{rel}","templated":true}]}}