{"id":20571,"date":"2025-08-26T11:51:13","date_gmt":"2025-08-26T17:51:13","guid":{"rendered":"https:\/\/wp.uaslp.mx\/noticias\/?p=20571"},"modified":"2025-08-28T10:00:17","modified_gmt":"2025-08-28T16:00:17","slug":"radio-y-television-abre-la-convocatoria-para-la-4a-generacion-del-laboratorio-multimedia","status":"publish","type":"post","link":"https:\/\/wp.uaslp.mx\/noticias\/arteycultura\/radio-y-television-abre-la-convocatoria-para-la-4a-generacion-del-laboratorio-multimedia\/","title":{"rendered":"Radio y Televisi\u00f3n abre la convocatoria para la 4\u00aa generaci\u00f3n del Laboratorio Multimedia"},"content":{"rendered":"\n<p>La Universidad Aut\u00f3noma de San Luis Potos\u00ed, a trav\u00e9s de la <a href=\"https:\/\/radioytelevision.uaslp.mx\/\">Direcci\u00f3n de Radio y Televisi\u00f3n<\/a>, invita a la comunidad estudiantil de todas las licenciaturas a participar en la <a href=\"https:\/\/apps.uaslp.mx\/RyT\/Administracion\/Content\/Archivos_Subidos\/Archivos\/\/LM_Convocatoria2025_37db659e-c7a3-4c17-8765-805eb60148d3.pdf?fbclid=IwdGRjcAMR5nFleHRuA2FlbQIxMQABHtmyFd6WgN46MwujziH6MRQUKwuM77lwhhcKrPxk0uVTmjeDqcRF5SZ_xvEe_aem_iRVZhtZqaxQL4hZhhyM5qw\">4\u00aa generaci\u00f3n del Laboratorio Multimedia<\/a>, un espacio creativo de formaci\u00f3n y experimentaci\u00f3n que se desarrollar\u00e1 durante el ciclo escolar 2025-2026.<\/p>\n\n\n\n<p>El proyecto est\u00e1 dise\u00f1ado como opci\u00f3n de servicio social o pr\u00e1cticas profesionales, y busca integrar a las y los estudiantes en la producci\u00f3n de contenidos innovadores a trav\u00e9s de 12 proyectos creativos, entre ellos: Informaci\u00f3n que ayuda, Bolet\u00edn Cultural, Transmisiones en vivo, Artista del Mes, Sistema Podcast, Campus Tour y M\u00e9xico, de mil palabras.<\/p>\n\n\n\n<p>La convocatoria contempla hasta 20 lugares, mismos que ser\u00e1n distribuidos de acuerdo con los perfiles y la demanda de cada proyecto. El registro estar\u00e1 abierto hasta el 15 de septiembre de 2025, a trav\u00e9s del formulario en l\u00ednea disponible en <a href=\"https:\/\/forms.office.com\/r\/TKepyFYQwU\" target=\"_blank\" rel=\"noreferrer noopener\">https:\/\/forms.office.com\/r\/TKepyFYQwU<\/a><\/p>\n\n\n\n<p>A todas y todos los estudiantes seleccionados se les otorgar\u00e1 una beca del 100% en la cuota de inscripci\u00f3n anual 2026-2027 (la beca no incluye la cuota por servicios generales). Adem\u00e1s, contar\u00e1n con capacitaciones complementarias mediante el programa \u201cUn d\u00eda, con\u2026\u201d y podr\u00e1n aspirar a reconocimientos especiales como la \u201cMochila MediaPack\u201d, otorgada al mejor desempe\u00f1o.<\/p>\n\n\n\n<p>Los resultados ser\u00e1n publicados el 23 de septiembre de 2025 en la p\u00e1gina oficial de la Direcci\u00f3n de Radio y Televisi\u00f3n: http:\/\/radioytelevision.uaslp.mx\/ y en sus redes sociales.<\/p>\n\n\n\n<p>Con esta iniciativa, la UASLP reafirma su compromiso con la formaci\u00f3n integral de sus estudiantes, para fomentar la creatividad, la innovaci\u00f3n y la experiencia pr\u00e1ctica en medios de comunicaci\u00f3n.<\/p>\n\n\n\n<p>Los interesados pueden consultar la convocatoria completa en el sitio https:<a href=\"https:\/\/forms.office.com\/pages\/responsepage.aspx?id=WBZoYC0PTkqq8W_V8tujP4jyqxtjgExDh4myNxXduSxUN1dVRlcwUUJQNEFHVkgyNFdEOFdMR0hZTy4u&amp;route=shorturl\">\/\/u.uaslp.mx\/LabMultC<\/a><\/p>\n\n\n<div class=\"pgc-sgb-cb wp-block-pgcsimplygalleryblock-masonry \" data-gallery-id=\"e5270403\"><div class=\"sgb-preloader\" id=\"pr_e5270403\">\n\t<div class=\"sgb-square\" style=\"background:#d4d4d4\"><\/div>\n\t<div class=\"sgb-square\" style=\"background:#d4d4d4\"><\/div>\n\t<div class=\"sgb-square\" style=\"background:#d4d4d4\"><\/div>\n\t<div class=\"sgb-square\" style=\"background:#d4d4d4\"><\/div><\/div><div class=\"simply-gallery-amp pgc_sgb_slider \"><noscript><div class=\"sgb-gallery\"><\/div><\/noscript><\/div><script type=\"application\/json\" class=\"sgb-data\">{\"galleryType\":\"pgc_sgb_masonry\",\"galleryId\":\"e5270403\",\"images\":[{\"url\":\"https:\/\/wp.uaslp.mx\/noticias\/wp-content\/uploads\/sites\/5\/2025\/08\/532413511_1326638682593813_8378757428535188341_n.jpg\",\"id\":20576,\"alt\":\"\"},{\"url\":\"https:\/\/wp.uaslp.mx\/noticias\/wp-content\/uploads\/sites\/5\/2025\/08\/531206220_1326638812593800_6748806516441626620_n.jpg\",\"id\":20575,\"alt\":\"\"},{\"url\":\"https:\/\/wp.uaslp.mx\/noticias\/wp-content\/uploads\/sites\/5\/2025\/08\/533423973_1326638725927142_4164900981225732355_n.jpg\",\"id\":20573,\"alt\":\"\"},{\"url\":\"https:\/\/wp.uaslp.mx\/noticias\/wp-content\/uploads\/sites\/5\/2025\/08\/533518683_1326638629260485_2689397687803823432_n.jpg\",\"id\":20574,\"alt\":\"\"}],\"itemsMetaDataCollection\":[]}<\/script><script>(function(){if(window.PGC_SGB && window.PGC_SGB.searcher){window.PGC_SGB.searcher.initBlocks()}})()<\/script><\/div>","protected":false},"excerpt":{"rendered":"<p>La Universidad Aut\u00f3noma de San Luis Potos\u00ed, a trav\u00e9s de la Direcci\u00f3n de Radio y&#8230;<\/p>\n","protected":false},"author":12,"featured_media":20572,"comment_status":"closed","ping_status":"closed","sticky":false,"template":"","format":"standard","meta":{"pgc_sgb_lightbox_settings":"","footnotes":""},"categories":[3],"tags":[3065,3066],"class_list":["post-20571","post","type-post","status-publish","format-standard","has-post-thumbnail","hentry","category-arteycultura","tag-convocatoriartv","tag-somosuaslp"],"featured_image_urls":{"full":["https:\/\/wp.uaslp.mx\/noticias\/wp-content\/uploads\/sites\/5\/2025\/08\/Diseno-sin-titulo-6.png",1800,1200,false],"thumbnail":["https:\/\/wp.uaslp.mx\/noticias\/wp-content\/uploads\/sites\/5\/2025\/08\/Diseno-sin-titulo-6-150x150.png",150,150,true],"medium":["https:\/\/wp.uaslp.mx\/noticias\/wp-content\/uploads\/sites\/5\/2025\/08\/Diseno-sin-titulo-6-1024x683.png",1024,683,true],"medium_large":["https:\/\/wp.uaslp.mx\/noticias\/wp-content\/uploads\/sites\/5\/2025\/08\/Diseno-sin-titulo-6-768x512.png",640,427,true],"large":["https:\/\/wp.uaslp.mx\/noticias\/wp-content\/uploads\/sites\/5\/2025\/08\/Diseno-sin-titulo-6.png",1800,1200,false],"1536x1536":["https:\/\/wp.uaslp.mx\/noticias\/wp-content\/uploads\/sites\/5\/2025\/08\/Diseno-sin-titulo-6-1536x1024.png",1536,1024,true],"2048x2048":["https:\/\/wp.uaslp.mx\/noticias\/wp-content\/uploads\/sites\/5\/2025\/08\/Diseno-sin-titulo-6.png",1800,1200,false],"newsever-slider-full":["https:\/\/wp.uaslp.mx\/noticias\/wp-content\/uploads\/sites\/5\/2025\/08\/Diseno-sin-titulo-6-1280x845.png",1280,845,true],"newsever-featured":["https:\/\/wp.uaslp.mx\/noticias\/wp-content\/uploads\/sites\/5\/2025\/08\/Diseno-sin-titulo-6-1024x683.png",1024,683,true],"newsever-medium":["https:\/\/wp.uaslp.mx\/noticias\/wp-content\/uploads\/sites\/5\/2025\/08\/Diseno-sin-titulo-6-720x475.png",720,475,true],"mailpoet_newsletter_max":["https:\/\/wp.uaslp.mx\/noticias\/wp-content\/uploads\/sites\/5\/2025\/08\/Diseno-sin-titulo-6-1320x880.png",1320,880,true]},"author_info":{"display_name":"Prensa y difusi\u00f3n","author_link":"https:\/\/wp.uaslp.mx\/noticias\/author\/giovannamorales\/"},"category_info":"<a href=\"https:\/\/wp.uaslp.mx\/noticias\/category\/arteycultura\/\" rel=\"category tag\">Arte y cultura<\/a>","tag_info":"Arte y cultura","comment_count":"0","_links":{"self":[{"href":"https:\/\/wp.uaslp.mx\/noticias\/wp-json\/wp\/v2\/posts\/20571","targetHints":{"allow":["GET"]}}],"collection":[{"href":"https:\/\/wp.uaslp.mx\/noticias\/wp-json\/wp\/v2\/posts"}],"about":[{"href":"https:\/\/wp.uaslp.mx\/noticias\/wp-json\/wp\/v2\/types\/post"}],"author":[{"embeddable":true,"href":"https:\/\/wp.uaslp.mx\/noticias\/wp-json\/wp\/v2\/users\/12"}],"replies":[{"embeddable":true,"href":"https:\/\/wp.uaslp.mx\/noticias\/wp-json\/wp\/v2\/comments?post=20571"}],"version-history":[{"count":2,"href":"https:\/\/wp.uaslp.mx\/noticias\/wp-json\/wp\/v2\/posts\/20571\/revisions"}],"predecessor-version":[{"id":20604,"href":"https:\/\/wp.uaslp.mx\/noticias\/wp-json\/wp\/v2\/posts\/20571\/revisions\/20604"}],"wp:featuredmedia":[{"embeddable":true,"href":"https:\/\/wp.uaslp.mx\/noticias\/wp-json\/wp\/v2\/media\/20572"}],"wp:attachment":[{"href":"https:\/\/wp.uaslp.mx\/noticias\/wp-json\/wp\/v2\/media?parent=20571"}],"wp:term":[{"taxonomy":"category","embeddable":true,"href":"https:\/\/wp.uaslp.mx\/noticias\/wp-json\/wp\/v2\/categories?post=20571"},{"taxonomy":"post_tag","embeddable":true,"href":"https:\/\/wp.uaslp.mx\/noticias\/wp-json\/wp\/v2\/tags?post=20571"}],"curies":[{"name":"wp","href":"https:\/\/api.w.org\/{rel}","templated":true}]}}