{"id":20527,"date":"2025-08-22T12:55:40","date_gmt":"2025-08-22T18:55:40","guid":{"rendered":"https:\/\/wp.uaslp.mx\/noticias\/?p=20527"},"modified":"2025-08-22T12:55:41","modified_gmt":"2025-08-22T18:55:41","slug":"uaslp-sera-sede-del-4o-seminario-internacional-de-investigacion-sobre-archivistica-memoria-y-sociedad","status":"publish","type":"post","link":"https:\/\/wp.uaslp.mx\/noticias\/investigacion\/uaslp-sera-sede-del-4o-seminario-internacional-de-investigacion-sobre-archivistica-memoria-y-sociedad\/","title":{"rendered":"UASLP ser\u00e1 sede del 4\u00ba Seminario Internacional de Investigaci\u00f3n sobre Archiv\u00edstica, Memoria y Sociedad"},"content":{"rendered":"\n<p>La <a href=\"https:\/\/www.fci.uaslp.mx\/#gsc.tab=0\">Facultad de Ciencias de la Informaci\u00f3n<\/a> (FCI) de la Universidad Aut\u00f3noma de San Luis Potos\u00ed (UASLP), en colaboraci\u00f3n con el Instituto de Investigaciones Bibliotecol\u00f3gicas y de la Informaci\u00f3n (IIBI) de la Universidad Nacional Aut\u00f3noma de M\u00e9xico (UNAM), ser\u00e1 sede del 4\u00ba Seminario Internacional de Investigaci\u00f3n sobre Archiv\u00edstica, Memoria y Sociedad \u201cEntre archivos y fen\u00f3menos sociales: Migraci\u00f3n, justicia social, acceso, derechos humanos y participaci\u00f3n ciudadana\u201d, que se llevar\u00e1 a cabo del 25 al 27 de agosto en modalidad h\u00edbrida.<\/p>\n\n\n\n<p>El catedr\u00e1tico de la FCI, doctor Juan Miguel Castillo Fonseca, destac\u00f3 que el evento ha adquirido gran relevancia desde su inicio en 2022. Las tres ediciones previas se realizaron de manera presencial en el IIBI de la UNAM; en esta cuarta edici\u00f3n, la sede se trasladar\u00e1 a la Facultad de Ciencias de la Informaci\u00f3n de la UASLP.<\/p>\n\n\n\n<p>El programa contempla dos conferencias magistrales, 37 ponencias, una mesa de di\u00e1logo con la participaci\u00f3n de directores de entidades acad\u00e9micas afines, adem\u00e1s de dos cursos presenciales y tres en l\u00ednea. Participar\u00e1n especialistas de 13 pa\u00edses: Cuba, Bolivia, Colombia, Paraguay, Portugal, Ecuador, Per\u00fa, Espa\u00f1a, Argentina, Brasil, Uruguay y M\u00e9xico, representado por Zacatecas, Ciudad de M\u00e9xico, Tamaulipas, Coahuila, Guerrero, Chiapas, Veracruz, Michoac\u00e1n y San Luis Potos\u00ed.<\/p>\n\n\n\n<p>El docente subray\u00f3 la importancia del encuentro para la actividad archiv\u00edstica, al vincularla con la memoria hist\u00f3rica y la documentaci\u00f3n generada en los archivos, lo que permite reconstruir fen\u00f3menos sociales relacionados con la migraci\u00f3n, la justicia social, el acceso a la informaci\u00f3n, los derechos humanos y la participaci\u00f3n ciudadana.<\/p>\n\n\n\n<p>\u201cLos archivos se convierten en la fuente primaria para la construcci\u00f3n de nueva memoria; la labor del archivista es formar parte de la memoria de una sociedad. Hoy se reconstruyen fen\u00f3menos sociales a partir de la documentaci\u00f3n encontrada, tanto en archivos f\u00edsicos como digitales\u201d, explic\u00f3 el doctor Castillo Fonseca.<\/p>\n\n\n\n<p>El acad\u00e9mico advirti\u00f3 que, sin el trabajo archiv\u00edstico, ser\u00eda imposible comprender todo lo desarrollado en la sociedad. Incluso la Inteligencia Artificial, en ausencia de bases de datos elaboradas mediante la descripci\u00f3n y catalogaci\u00f3n de materiales, tendr\u00eda serias limitaciones para localizar informaci\u00f3n.<\/p>\n\n\n\n<p>\u201cSin informaci\u00f3n procesada por la archiv\u00edstica, la IA no podr\u00eda acceder a estos bancos hist\u00f3ricos. Por eso es fundamental la labor que impulsamos en la Facultad de Ciencias de la Informaci\u00f3n. Con el cambio de nombre de la licenciatura a Archiv\u00edstica y Ciberseguridad Documental buscamos proteger el acceso a la informaci\u00f3n, evitar el robo de identidad y preparar profesionales capaces de enfrentar los retos tecnol\u00f3gicos actuales\u201d, a\u00f1adi\u00f3.<\/p>\n\n\n\n<p>El evento es gratuito. Las y los interesados pueden registrarse a trav\u00e9s de las redes sociales de la Facultad o en la p\u00e1gina del Instituto de Investigaciones Bibliotecol\u00f3gicas y de la Informaci\u00f3n: https:\/\/difusion.iibi.unam.mx\/SIIA\/registro.html. El lunes 25 de agosto, d\u00eda no laborable en la UASLP, la transmisi\u00f3n se llevar\u00e1 a cabo desde el IIBI; mientras que el martes 26 y mi\u00e9rcoles 27 continuar\u00e1 desde la Facultad de Ciencias de la Informaci\u00f3n.<\/p>\n\n\n\n<p class=\"has-text-align-right\"><em>Noelia Mart\u00ednez<\/em><\/p>\n\n\n\n<p><\/p>\n","protected":false},"excerpt":{"rendered":"<p>La Facultad de Ciencias de la Informaci\u00f3n (FCI) de la Universidad Aut\u00f3noma de San Luis&#8230;<\/p>\n","protected":false},"author":12,"featured_media":20528,"comment_status":"closed","ping_status":"closed","sticky":false,"template":"","format":"standard","meta":{"pgc_sgb_lightbox_settings":"","footnotes":""},"categories":[10],"tags":[639],"class_list":["post-20527","post","type-post","status-publish","format-standard","has-post-thumbnail","hentry","category-investigacion","tag-seminario-internacional"],"featured_image_urls":{"full":["https:\/\/wp.uaslp.mx\/noticias\/wp-content\/uploads\/sites\/5\/2025\/08\/WhatsApp-Image-2025-08-22-at-12.51.09-PM.jpeg",1280,992,false],"thumbnail":["https:\/\/wp.uaslp.mx\/noticias\/wp-content\/uploads\/sites\/5\/2025\/08\/WhatsApp-Image-2025-08-22-at-12.51.09-PM-150x150.jpeg",150,150,true],"medium":["https:\/\/wp.uaslp.mx\/noticias\/wp-content\/uploads\/sites\/5\/2025\/08\/WhatsApp-Image-2025-08-22-at-12.51.09-PM-1024x794.jpeg",1024,794,true],"medium_large":["https:\/\/wp.uaslp.mx\/noticias\/wp-content\/uploads\/sites\/5\/2025\/08\/WhatsApp-Image-2025-08-22-at-12.51.09-PM-768x595.jpeg",640,496,true],"large":["https:\/\/wp.uaslp.mx\/noticias\/wp-content\/uploads\/sites\/5\/2025\/08\/WhatsApp-Image-2025-08-22-at-12.51.09-PM.jpeg",1280,992,false],"1536x1536":["https:\/\/wp.uaslp.mx\/noticias\/wp-content\/uploads\/sites\/5\/2025\/08\/WhatsApp-Image-2025-08-22-at-12.51.09-PM.jpeg",1280,992,false],"2048x2048":["https:\/\/wp.uaslp.mx\/noticias\/wp-content\/uploads\/sites\/5\/2025\/08\/WhatsApp-Image-2025-08-22-at-12.51.09-PM.jpeg",1280,992,false],"newsever-slider-full":["https:\/\/wp.uaslp.mx\/noticias\/wp-content\/uploads\/sites\/5\/2025\/08\/WhatsApp-Image-2025-08-22-at-12.51.09-PM-1280x845.jpeg",1280,845,true],"newsever-featured":["https:\/\/wp.uaslp.mx\/noticias\/wp-content\/uploads\/sites\/5\/2025\/08\/WhatsApp-Image-2025-08-22-at-12.51.09-PM-1024x794.jpeg",1024,794,true],"newsever-medium":["https:\/\/wp.uaslp.mx\/noticias\/wp-content\/uploads\/sites\/5\/2025\/08\/WhatsApp-Image-2025-08-22-at-12.51.09-PM-720x475.jpeg",720,475,true],"mailpoet_newsletter_max":["https:\/\/wp.uaslp.mx\/noticias\/wp-content\/uploads\/sites\/5\/2025\/08\/WhatsApp-Image-2025-08-22-at-12.51.09-PM.jpeg",1280,992,false]},"author_info":{"display_name":"Prensa y difusi\u00f3n","author_link":"https:\/\/wp.uaslp.mx\/noticias\/author\/giovannamorales\/"},"category_info":"<a href=\"https:\/\/wp.uaslp.mx\/noticias\/category\/investigacion\/\" rel=\"category tag\">Investigaci\u00f3n<\/a>","tag_info":"Investigaci\u00f3n","comment_count":"0","_links":{"self":[{"href":"https:\/\/wp.uaslp.mx\/noticias\/wp-json\/wp\/v2\/posts\/20527","targetHints":{"allow":["GET"]}}],"collection":[{"href":"https:\/\/wp.uaslp.mx\/noticias\/wp-json\/wp\/v2\/posts"}],"about":[{"href":"https:\/\/wp.uaslp.mx\/noticias\/wp-json\/wp\/v2\/types\/post"}],"author":[{"embeddable":true,"href":"https:\/\/wp.uaslp.mx\/noticias\/wp-json\/wp\/v2\/users\/12"}],"replies":[{"embeddable":true,"href":"https:\/\/wp.uaslp.mx\/noticias\/wp-json\/wp\/v2\/comments?post=20527"}],"version-history":[{"count":1,"href":"https:\/\/wp.uaslp.mx\/noticias\/wp-json\/wp\/v2\/posts\/20527\/revisions"}],"predecessor-version":[{"id":20529,"href":"https:\/\/wp.uaslp.mx\/noticias\/wp-json\/wp\/v2\/posts\/20527\/revisions\/20529"}],"wp:featuredmedia":[{"embeddable":true,"href":"https:\/\/wp.uaslp.mx\/noticias\/wp-json\/wp\/v2\/media\/20528"}],"wp:attachment":[{"href":"https:\/\/wp.uaslp.mx\/noticias\/wp-json\/wp\/v2\/media?parent=20527"}],"wp:term":[{"taxonomy":"category","embeddable":true,"href":"https:\/\/wp.uaslp.mx\/noticias\/wp-json\/wp\/v2\/categories?post=20527"},{"taxonomy":"post_tag","embeddable":true,"href":"https:\/\/wp.uaslp.mx\/noticias\/wp-json\/wp\/v2\/tags?post=20527"}],"curies":[{"name":"wp","href":"https:\/\/api.w.org\/{rel}","templated":true}]}}