{"id":20228,"date":"2025-07-19T10:14:00","date_gmt":"2025-07-19T16:14:00","guid":{"rendered":"https:\/\/wp.uaslp.mx\/noticias\/?p=20228"},"modified":"2025-07-19T22:30:58","modified_gmt":"2025-07-20T04:30:58","slug":"uaslp-impulsa-diplomado-sobre-peritajes-en-delitos-ambientales-como-respuesta-academica-e-interinstitucional","status":"publish","type":"post","link":"https:\/\/wp.uaslp.mx\/noticias\/academica\/uaslp-impulsa-diplomado-sobre-peritajes-en-delitos-ambientales-como-respuesta-academica-e-interinstitucional\/","title":{"rendered":"UASLP impulsa diplomado sobre peritajes en delitos ambientales como respuesta acad\u00e9mica e interinstitucional"},"content":{"rendered":"\n<p>Como una estrategia de respuesta interinstitucional para atender los delitos contra el medio ambiente, la Universidad Aut\u00f3noma de San Luis Potos\u00ed (UASLP), a trav\u00e9s de la <a href=\"https:\/\/www.derecho.uaslp.mx\/#gsc.tab=0\">Facultad de Derecho Abogado Ponciano Arriaga Leija<\/a>, ofrece el \u201cDiplomado virtual Peritajes en delitos contra el ambiente y la gesti\u00f3n ambiental\u201d, con valor curricular y una duraci\u00f3n de 160 horas.<\/p>\n\n\n\n<p>Esta propuesta acad\u00e9mica se realiza en colaboraci\u00f3n con el cuerpo acad\u00e9mico de la Licenciatura en Criminolog\u00eda, el Instituto de Investigaciones Sociales de la Universidad Aut\u00f3noma de Nuevo Le\u00f3n (UANL), y el Instituto Tecnol\u00f3gico Superior de Abasolo, Guanajuato. El diplomado se impartir\u00e1 del 15 de agosto al 28 de noviembre del presente a\u00f1o.<\/p>\n\n\n\n<p>El doctor Jos\u00e9 Luis Carpio Dom\u00ednguez, docente e investigador de la Facultad de Derecho y de la Licenciatura en Criminolog\u00eda, inform\u00f3 que esta iniciativa busca ofrecer herramientas especializadas para profesionistas de \u00e1reas como el derecho, criminolog\u00eda, criminal\u00edstica, ciencias naturales, ingenier\u00edas ambientales, forestales y agr\u00edcolas, entre otras. El enfoque es dotar de habilidades para la elaboraci\u00f3n de peritajes forenses en delitos ambientales.<\/p>\n\n\n\n<p>El acad\u00e9mico explic\u00f3 que estos delitos suelen pasar desapercibidos o no tienen el peso suficiente en la agenda p\u00fablica, a pesar de su impacto. En el caso de San Luis Potos\u00ed, mencion\u00f3 problem\u00e1ticas como el tr\u00e1fico ilegal de vida silvestre, la deforestaci\u00f3n, el uso y abuso del agua, y el maltrato animal. Subray\u00f3 adem\u00e1s que muchos de estos casos pueden incluso vincularse a estructuras de delincuencia organizada, como ocurre con la tala ilegal.<\/p>\n\n\n\n<p>\u201cAtender los delitos ambientales es una acci\u00f3n interinstitucional urgente. Lo que se haga hoy tendr\u00e1 consecuencias directas para las pr\u00f3ximas generaciones\u201d, enfatiz\u00f3 el Dr. Carpio.<\/p>\n\n\n\n<p>El diplomado est\u00e1 compuesto por siete m\u00f3dulos, de los cuales el sexto se centra en el an\u00e1lisis y pr\u00e1ctica de peritajes seg\u00fan las tipolog\u00edas de delito que establece el C\u00f3digo Penal Federal. Esta secci\u00f3n ofrece tanto fundamentos te\u00f3ricos como ejercicios pr\u00e1cticos para formar peritos ambientales competentes.<\/p>\n\n\n\n<p>Como antecedente del diplomado, recientemente se llev\u00f3 a cabo el curso-taller La polic\u00eda como primer respondiente en delitos ambientales, con el objetivo de fortalecer las capacidades del personal de seguridad p\u00fablica en un \u00e1mbito a\u00fan pendiente dentro de la actuaci\u00f3n gubernamental. En dicho curso participaron elementos de la Guardia Civil, la Procuradur\u00eda Federal de Protecci\u00f3n al Ambiente (Profepa), la Fiscal\u00eda General de la Rep\u00fablica, la Fiscal\u00eda General del Estado, estudiantes, docentes y personal acad\u00e9mico de la Facultad de Derecho, as\u00ed como de Medicina.<\/p>\n\n\n\n<p>El Dr. Carpio Dom\u00ednguez resalt\u00f3 que capacitar a las corporaciones de seguridad es un paso esencial, pero tambi\u00e9n lo es profesionalizar la gesti\u00f3n y la labor pericial dentro del marco jur\u00eddico y forense. \u201cDesde la academia, nos corresponde construir puentes de colaboraci\u00f3n y compartir el conocimiento generado en nuestras aulas e investigaciones\u201d, afirm\u00f3.<\/p>\n\n\n\n<p>La convocatoria para el diplomado estar\u00e1 abierta hasta el 8 de agosto de 2025. Para m\u00e1s informaci\u00f3n, se puede escribir al correo electr\u00f3nico: jose.carpio@uaslp.mx.<\/p>\n\n\n\n<p><\/p>\n\n\n\n<p class=\"has-text-align-right\"><em>Noelia Mart\u00ednez\u00a0<\/em><\/p>\n","protected":false},"excerpt":{"rendered":"<p>Como una estrategia de respuesta interinstitucional para atender los delitos contra el medio ambiente, la&#8230;<\/p>\n","protected":false},"author":12,"featured_media":20229,"comment_status":"closed","ping_status":"closed","sticky":false,"template":"","format":"standard","meta":{"pgc_sgb_lightbox_settings":"","footnotes":""},"categories":[2],"tags":[2612,3016],"class_list":["post-20228","post","type-post","status-publish","format-standard","has-post-thumbnail","hentry","category-academica","tag-diplomadouaslp","tag-peritosambientales"],"featured_image_urls":{"full":["https:\/\/wp.uaslp.mx\/noticias\/wp-content\/uploads\/sites\/5\/2025\/07\/07-11-2025-JOSE-LUIS-CARPIO-DSC_1757.jpg",1800,1200,false],"thumbnail":["https:\/\/wp.uaslp.mx\/noticias\/wp-content\/uploads\/sites\/5\/2025\/07\/07-11-2025-JOSE-LUIS-CARPIO-DSC_1757-150x150.jpg",150,150,true],"medium":["https:\/\/wp.uaslp.mx\/noticias\/wp-content\/uploads\/sites\/5\/2025\/07\/07-11-2025-JOSE-LUIS-CARPIO-DSC_1757-1024x683.jpg",1024,683,true],"medium_large":["https:\/\/wp.uaslp.mx\/noticias\/wp-content\/uploads\/sites\/5\/2025\/07\/07-11-2025-JOSE-LUIS-CARPIO-DSC_1757-768x512.jpg",640,427,true],"large":["https:\/\/wp.uaslp.mx\/noticias\/wp-content\/uploads\/sites\/5\/2025\/07\/07-11-2025-JOSE-LUIS-CARPIO-DSC_1757.jpg",1800,1200,false],"1536x1536":["https:\/\/wp.uaslp.mx\/noticias\/wp-content\/uploads\/sites\/5\/2025\/07\/07-11-2025-JOSE-LUIS-CARPIO-DSC_1757-1536x1024.jpg",1536,1024,true],"2048x2048":["https:\/\/wp.uaslp.mx\/noticias\/wp-content\/uploads\/sites\/5\/2025\/07\/07-11-2025-JOSE-LUIS-CARPIO-DSC_1757.jpg",1800,1200,false],"newsever-slider-full":["https:\/\/wp.uaslp.mx\/noticias\/wp-content\/uploads\/sites\/5\/2025\/07\/07-11-2025-JOSE-LUIS-CARPIO-DSC_1757-1280x845.jpg",1280,845,true],"newsever-featured":["https:\/\/wp.uaslp.mx\/noticias\/wp-content\/uploads\/sites\/5\/2025\/07\/07-11-2025-JOSE-LUIS-CARPIO-DSC_1757-1024x683.jpg",1024,683,true],"newsever-medium":["https:\/\/wp.uaslp.mx\/noticias\/wp-content\/uploads\/sites\/5\/2025\/07\/07-11-2025-JOSE-LUIS-CARPIO-DSC_1757-720x475.jpg",720,475,true],"mailpoet_newsletter_max":["https:\/\/wp.uaslp.mx\/noticias\/wp-content\/uploads\/sites\/5\/2025\/07\/07-11-2025-JOSE-LUIS-CARPIO-DSC_1757-1320x880.jpg",1320,880,true]},"author_info":{"display_name":"Prensa y difusi\u00f3n","author_link":"https:\/\/wp.uaslp.mx\/noticias\/author\/giovannamorales\/"},"category_info":"<a href=\"https:\/\/wp.uaslp.mx\/noticias\/category\/academica\/\" rel=\"category tag\">Acad\u00e9mica<\/a>","tag_info":"Acad\u00e9mica","comment_count":"0","_links":{"self":[{"href":"https:\/\/wp.uaslp.mx\/noticias\/wp-json\/wp\/v2\/posts\/20228","targetHints":{"allow":["GET"]}}],"collection":[{"href":"https:\/\/wp.uaslp.mx\/noticias\/wp-json\/wp\/v2\/posts"}],"about":[{"href":"https:\/\/wp.uaslp.mx\/noticias\/wp-json\/wp\/v2\/types\/post"}],"author":[{"embeddable":true,"href":"https:\/\/wp.uaslp.mx\/noticias\/wp-json\/wp\/v2\/users\/12"}],"replies":[{"embeddable":true,"href":"https:\/\/wp.uaslp.mx\/noticias\/wp-json\/wp\/v2\/comments?post=20228"}],"version-history":[{"count":1,"href":"https:\/\/wp.uaslp.mx\/noticias\/wp-json\/wp\/v2\/posts\/20228\/revisions"}],"predecessor-version":[{"id":20230,"href":"https:\/\/wp.uaslp.mx\/noticias\/wp-json\/wp\/v2\/posts\/20228\/revisions\/20230"}],"wp:featuredmedia":[{"embeddable":true,"href":"https:\/\/wp.uaslp.mx\/noticias\/wp-json\/wp\/v2\/media\/20229"}],"wp:attachment":[{"href":"https:\/\/wp.uaslp.mx\/noticias\/wp-json\/wp\/v2\/media?parent=20228"}],"wp:term":[{"taxonomy":"category","embeddable":true,"href":"https:\/\/wp.uaslp.mx\/noticias\/wp-json\/wp\/v2\/categories?post=20228"},{"taxonomy":"post_tag","embeddable":true,"href":"https:\/\/wp.uaslp.mx\/noticias\/wp-json\/wp\/v2\/tags?post=20228"}],"curies":[{"name":"wp","href":"https:\/\/api.w.org\/{rel}","templated":true}]}}