{"id":20215,"date":"2025-07-18T12:53:26","date_gmt":"2025-07-18T18:53:26","guid":{"rendered":"https:\/\/wp.uaslp.mx\/noticias\/?p=20215"},"modified":"2025-07-18T12:53:27","modified_gmt":"2025-07-18T18:53:27","slug":"cdu-avala-actualizacion-de-carrera-de-la-facultad-de-ciencias-de-la-informacion","status":"publish","type":"post","link":"https:\/\/wp.uaslp.mx\/noticias\/cdu\/cdu-avala-actualizacion-de-carrera-de-la-facultad-de-ciencias-de-la-informacion\/","title":{"rendered":"CDU avala actualizaci\u00f3n de carrera de la Facultad de Ciencias de la Informaci\u00f3n"},"content":{"rendered":"\n<p>Durante la sesi\u00f3n ordinaria del mes de julio, realizada este d\u00eda, el <a href=\"https:\/\/www.uaslp.mx\/SecretariaGeneral\/Paginas\/Honorable-Consejo-Directivo-Universitario\/2777#gsc.tab=0\">Consejo Directivo Universitario (CDU) de la Universidad Aut\u00f3noma de San Luis Potos\u00ed <\/a>(UASLP) autoriz\u00f3 a la<a href=\"https:\/\/www.fci.uaslp.mx\/#gsc.tab=0\"> Facultad de Ciencias de la Informaci\u00f3n<\/a> (FCI) el cambio de nombre de la Licenciatura en Gesti\u00f3n Documental y Archiv\u00edstica por el de Licenciatura en Archiv\u00edstica y Ciberseguridad Documental, as\u00ed como la actualizaci\u00f3n de los programas de asignatura a impartirse a partir de primer y segundo semestre.<\/p>\n\n\n\n<p>La sesi\u00f3n fue presidida por el rector de la UASLP, doctor Alejandro Javier Zerme\u00f1o Guerra y el secretario general, maestro Federico Arturo Garza Herrera. Como lo marca el reglamento, se cont\u00f3 con la asistencia de directoras, directores, consejeras y consejeros tanto maestros como alumnos, de las entidades acad\u00e9micas que integran el CDU.<\/p>\n\n\n\n<p>Sobre la carrera de la FCI, su directora la doctora Celia Mireles C\u00e1rdenas, detall\u00f3 que no s\u00f3lo implica el cambio de nombre, sino la actualizaci\u00f3n del plan de estudios. \u201cSer\u00e1 de 7 semestres y en tres a\u00f1os o tres a\u00f1os y medio los estudiantes podr\u00e1n cursar las 15 asignaturas que la conforman. La nueva curr\u00edcula tiene cambios en el uso de las tecnolog\u00edas y lo pedag\u00f3gico, es pertinente, es lo que requiere ahora la Archiv\u00edstica\u201d, sostuvo.<\/p>\n\n\n\n<p>Como parte de los acuerdos, se aprob\u00f3 la expedici\u00f3n de 6 diplomas de especialidad, 18 t\u00edtulos de grado de maestr\u00eda y 6 t\u00edtulos de grado de doctorado; y la expedici\u00f3n de 3 duplicados de t\u00edtulos de licenciatura, presentados por la Secretar\u00eda de Servicios Escolares a trav\u00e9s de la Secretar\u00eda General.<\/p>\n\n\n\n<p>De igual manera, se aprobaron 8 dict\u00e1menes de jubilaci\u00f3n, presentados por la Comisi\u00f3n Institucional de Pensiones, que benefician a trabajadoras y trabajadores de diferentes \u00e1reas, quienes cumplieron con la normativa universitaria.<\/p>\n\n\n\n<p>Por otra parte, se autorizaron los ajustes curriculares presentados por la Facultad de Ingenier\u00eda para las carreras de Ingenier\u00eda Ambiental e Ingenier\u00eda en Geolog\u00eda; los programas de asignatura a impartirse a partir del quinto y sexto semestre, de la Ingenier\u00eda en Tecnolog\u00edas Computacionales, que present\u00f3 la Coordinaci\u00f3n Acad\u00e9mica Regi\u00f3n Altiplano Oeste y el ajuste curricular y los programas de asignatura a impartirse a partir del quinto semestre de la Ingenier\u00eda en Agronom\u00eda y Medio Ambiente, que present\u00f3 la Facultad de Agronom\u00eda y Veterinaria.<\/p>\n\n\n\n<p>As\u00ed como el ajuste curricular y los programas de asignatura de la Licenciatura en Geograf\u00eda que present\u00f3 la Facultad de Ciencias Sociales y Humanidades; y la propuesta curricular y los programas de asignatura a partir de primer y segundo semestre de la Ingenier\u00eda en Inteligencia Artificial y Ciencia de Datos, que present\u00f3 la Facultad de Ciencias.<\/p>\n\n\n\n<p>A la Facultad de Estudios Profesionales Zona Media, campus Rioverde, le fueron aprobados: ajuste curricular y los programas de asignatura a impartirse a partir del s\u00e9ptimo semestre de Ingenier\u00eda Mecatr\u00f3nica; a partir del tercer semestre de Licenciatura en Mercadotecnia; a partir del tercer semestre de T\u00e9cnico Superior Universitario en Gesti\u00f3n de Negocios Digitales.<\/p>\n\n\n\n<p>Adem\u00e1s de los programas de asignatura a impartirse a partir del tercer semestre de la Licenciatura en Administraci\u00f3n y la reestructuraci\u00f3n curricular y los programas de asignatura del primer y segundo semestre de la Licenciatura en Enfermer\u00eda y del primer y segundo semestre de la Licenciatura en Contadur\u00eda P\u00fablica y Finanzas.<\/p>\n\n\n\n<p>Finalmente, se vot\u00f3 a favor del Reglamento de Servicio Social y Pr\u00e1cticas Profesionales de la UASLP, presentado por Rector\u00eda, as\u00ed como los procedimientos de instrucci\u00f3n de 2 dict\u00e1menes presentados por la Comisi\u00f3n Institucional de Justicia Universitaria.<\/p>\n\n\n\n<p class=\"has-text-align-right\"><em>Talia Corpus<\/em><\/p>\n\n\n<div class=\"pgc-sgb-cb wp-block-pgcsimplygalleryblock-justified \" data-gallery-id=\"b9583284\"><div class=\"sgb-preloader\" id=\"pr_b9583284\">\n\t<div class=\"sgb-square\" style=\"background:#d4d4d4\"><\/div>\n\t<div class=\"sgb-square\" style=\"background:#d4d4d4\"><\/div>\n\t<div class=\"sgb-square\" style=\"background:#d4d4d4\"><\/div>\n\t<div class=\"sgb-square\" style=\"background:#d4d4d4\"><\/div><\/div><div class=\"simply-gallery-amp pgc_sgb_slider \"><noscript><div class=\"sgb-gallery\"><div class=\"sgb-item\"><a href=\"https:\/\/wp.uaslp.mx\/noticias\/wp-content\/uploads\/sites\/5\/2025\/07\/WhatsApp-Image-2025-07-18-at-12.37.04.jpeg\"><img decoding=\"async\" alt=\"\" width=\"1024\" height=\"693\" loading=\"lazy\" src=\"https:\/\/wp.uaslp.mx\/noticias\/wp-content\/uploads\/sites\/5\/2025\/07\/WhatsApp-Image-2025-07-18-at-12.37.04-1024x693.jpeg\" srcset=\"https:\/\/wp.uaslp.mx\/noticias\/wp-content\/uploads\/sites\/5\/2025\/07\/WhatsApp-Image-2025-07-18-at-12.37.04-1024x693.jpeg 1024w,https:\/\/wp.uaslp.mx\/noticias\/wp-content\/uploads\/sites\/5\/2025\/07\/WhatsApp-Image-2025-07-18-at-12.37.04.jpeg 1450w\" sizes=\"auto, 250px\"\/><\/a><\/div><\/div><\/noscript><\/div><script type=\"application\/json\" class=\"sgb-data\">{\"galleryType\":\"pgc_sgb_justified\",\"galleryId\":\"b9583284\",\"images\":[{\"id\":20217,\"title\":\"WhatsApp Image 2025-07-18 at 12.37.04\",\"url\":\"https:\/\/wp.uaslp.mx\/noticias\/wp-content\/uploads\/sites\/5\/2025\/07\/WhatsApp-Image-2025-07-18-at-12.37.04.jpeg\",\"link\":\"https:\/\/wp.uaslp.mx\/noticias\/?attachment_id=20217\",\"alt\":\"\",\"description\":\"\",\"caption\":\"\",\"mime\":\"image\/jpeg\",\"type\":\"image\",\"width\":1450,\"height\":982,\"sizes\":{\"thumbnail\":{\"height\":150,\"width\":150,\"url\":\"https:\/\/wp.uaslp.mx\/noticias\/wp-content\/uploads\/sites\/5\/2025\/07\/WhatsApp-Image-2025-07-18-at-12.37.04-150x150.jpeg\",\"orientation\":\"landscape\"},\"medium\":{\"height\":693,\"width\":1024,\"url\":\"https:\/\/wp.uaslp.mx\/noticias\/wp-content\/uploads\/sites\/5\/2025\/07\/WhatsApp-Image-2025-07-18-at-12.37.04-1024x693.jpeg\",\"orientation\":\"landscape\"},\"full\":{\"url\":\"https:\/\/wp.uaslp.mx\/noticias\/wp-content\/uploads\/sites\/5\/2025\/07\/WhatsApp-Image-2025-07-18-at-12.37.04.jpeg\",\"height\":982,\"width\":1450,\"orientation\":\"landscape\"}},\"imageMeta\":{\"aperture\":\"0\",\"credit\":\"\",\"camera\":\"\",\"caption\":\"\",\"created_timestamp\":\"0\",\"copyright\":\"\",\"focal_length\":\"0\",\"iso\":\"0\",\"shutter_speed\":\"0\",\"title\":\"\",\"orientation\":\"0\",\"keywords\":[]},\"meta\":false}],\"itemsMetaDataCollection\":[]}<\/script><script>(function(){if(window.PGC_SGB && window.PGC_SGB.searcher){window.PGC_SGB.searcher.initBlocks()}})()<\/script><\/div>","protected":false},"excerpt":{"rendered":"<p>Durante la sesi\u00f3n ordinaria del mes de julio, realizada este d\u00eda, el Consejo Directivo Universitario&#8230;<\/p>\n","protected":false},"author":12,"featured_media":20216,"comment_status":"closed","ping_status":"closed","sticky":false,"template":"","format":"standard","meta":{"pgc_sgb_lightbox_settings":"","footnotes":""},"categories":[1734],"tags":[3012],"class_list":["post-20215","post","type-post","status-publish","format-standard","has-post-thumbnail","hentry","category-cdu","tag-innovacionacademicauaslp"],"featured_image_urls":{"full":["https:\/\/wp.uaslp.mx\/noticias\/wp-content\/uploads\/sites\/5\/2025\/07\/WhatsApp-Image-2025-07-18-at-12.37.18.jpeg",1561,1060,false],"thumbnail":["https:\/\/wp.uaslp.mx\/noticias\/wp-content\/uploads\/sites\/5\/2025\/07\/WhatsApp-Image-2025-07-18-at-12.37.18-150x150.jpeg",150,150,true],"medium":["https:\/\/wp.uaslp.mx\/noticias\/wp-content\/uploads\/sites\/5\/2025\/07\/WhatsApp-Image-2025-07-18-at-12.37.18-1024x695.jpeg",1024,695,true],"medium_large":["https:\/\/wp.uaslp.mx\/noticias\/wp-content\/uploads\/sites\/5\/2025\/07\/WhatsApp-Image-2025-07-18-at-12.37.18-768x522.jpeg",640,435,true],"large":["https:\/\/wp.uaslp.mx\/noticias\/wp-content\/uploads\/sites\/5\/2025\/07\/WhatsApp-Image-2025-07-18-at-12.37.18.jpeg",1561,1060,false],"1536x1536":["https:\/\/wp.uaslp.mx\/noticias\/wp-content\/uploads\/sites\/5\/2025\/07\/WhatsApp-Image-2025-07-18-at-12.37.18-1536x1043.jpeg",1536,1043,true],"2048x2048":["https:\/\/wp.uaslp.mx\/noticias\/wp-content\/uploads\/sites\/5\/2025\/07\/WhatsApp-Image-2025-07-18-at-12.37.18.jpeg",1561,1060,false],"newsever-slider-full":["https:\/\/wp.uaslp.mx\/noticias\/wp-content\/uploads\/sites\/5\/2025\/07\/WhatsApp-Image-2025-07-18-at-12.37.18-1280x845.jpeg",1280,845,true],"newsever-featured":["https:\/\/wp.uaslp.mx\/noticias\/wp-content\/uploads\/sites\/5\/2025\/07\/WhatsApp-Image-2025-07-18-at-12.37.18-1024x695.jpeg",1024,695,true],"newsever-medium":["https:\/\/wp.uaslp.mx\/noticias\/wp-content\/uploads\/sites\/5\/2025\/07\/WhatsApp-Image-2025-07-18-at-12.37.18-720x475.jpeg",720,475,true],"mailpoet_newsletter_max":["https:\/\/wp.uaslp.mx\/noticias\/wp-content\/uploads\/sites\/5\/2025\/07\/WhatsApp-Image-2025-07-18-at-12.37.18-1320x896.jpeg",1320,896,true]},"author_info":{"display_name":"Prensa y difusi\u00f3n","author_link":"https:\/\/wp.uaslp.mx\/noticias\/author\/giovannamorales\/"},"category_info":"<a href=\"https:\/\/wp.uaslp.mx\/noticias\/category\/cdu\/\" rel=\"category tag\">CDU<\/a>","tag_info":"CDU","comment_count":"0","_links":{"self":[{"href":"https:\/\/wp.uaslp.mx\/noticias\/wp-json\/wp\/v2\/posts\/20215","targetHints":{"allow":["GET"]}}],"collection":[{"href":"https:\/\/wp.uaslp.mx\/noticias\/wp-json\/wp\/v2\/posts"}],"about":[{"href":"https:\/\/wp.uaslp.mx\/noticias\/wp-json\/wp\/v2\/types\/post"}],"author":[{"embeddable":true,"href":"https:\/\/wp.uaslp.mx\/noticias\/wp-json\/wp\/v2\/users\/12"}],"replies":[{"embeddable":true,"href":"https:\/\/wp.uaslp.mx\/noticias\/wp-json\/wp\/v2\/comments?post=20215"}],"version-history":[{"count":1,"href":"https:\/\/wp.uaslp.mx\/noticias\/wp-json\/wp\/v2\/posts\/20215\/revisions"}],"predecessor-version":[{"id":20218,"href":"https:\/\/wp.uaslp.mx\/noticias\/wp-json\/wp\/v2\/posts\/20215\/revisions\/20218"}],"wp:featuredmedia":[{"embeddable":true,"href":"https:\/\/wp.uaslp.mx\/noticias\/wp-json\/wp\/v2\/media\/20216"}],"wp:attachment":[{"href":"https:\/\/wp.uaslp.mx\/noticias\/wp-json\/wp\/v2\/media?parent=20215"}],"wp:term":[{"taxonomy":"category","embeddable":true,"href":"https:\/\/wp.uaslp.mx\/noticias\/wp-json\/wp\/v2\/categories?post=20215"},{"taxonomy":"post_tag","embeddable":true,"href":"https:\/\/wp.uaslp.mx\/noticias\/wp-json\/wp\/v2\/tags?post=20215"}],"curies":[{"name":"wp","href":"https:\/\/api.w.org\/{rel}","templated":true}]}}