{"id":20207,"date":"2025-07-17T11:55:05","date_gmt":"2025-07-17T17:55:05","guid":{"rendered":"https:\/\/wp.uaslp.mx\/noticias\/?p=20207"},"modified":"2025-07-17T11:55:07","modified_gmt":"2025-07-17T17:55:07","slug":"fen-invita-a-la-especialidad-en-enfermeria-clinica-avanzada","status":"publish","type":"post","link":"https:\/\/wp.uaslp.mx\/noticias\/academica\/fen-invita-a-la-especialidad-en-enfermeria-clinica-avanzada\/","title":{"rendered":"FEN invita a la Especialidad en Enfermer\u00eda Cl\u00ednica Avanzada"},"content":{"rendered":"\n<p>Ante la creciente demanda de servicios de salud, la <a href=\"https:\/\/www.enfermerianutricion.uaslp.mx\/#gsc.tab=0\">Facultad de Enfermer\u00eda y Nutrici\u00f3n<\/a> (FEN) de la Universidad Aut\u00f3noma de San Luis Potos\u00ed (UASLP) lanz\u00f3 la <a href=\"https:\/\/www.enfermerianutricion.uaslp.mx\/ProgramasAcademicos\/Detalle\/135#gsc.tab=0\">convocatoria para la d\u00e9cimo quinta generaci\u00f3n (2026\u20132027) de la Especialidad en Enfermer\u00eda Cl\u00ednica Avanzada<\/a>. As\u00ed lo dio a conocer el Dr. Edgardo Garc\u00eda Rosas, coordinador del programa, quien destac\u00f3 la importancia de contar con profesionales mejor capacitados en \u00e1reas cl\u00ednicas especializadas.<\/p>\n\n\n\n<p>La convocatoria estar\u00e1 abierta hasta el 15 de agosto de 2025. El programa tiene una duraci\u00f3n de un a\u00f1o (dos semestres) y se imparte de manera presencial. El inicio de clases est\u00e1 previsto para el 2 de marzo de 2026 y concluir\u00e1 el 28 de febrero de 2027. El proceso de admisi\u00f3n incluye la aplicaci\u00f3n del EXANI III, un curso proped\u00e9utico y una entrevista individualizada.<\/p>\n\n\n\n<p>El objetivo principal de esta especialidad es fortalecer la atenci\u00f3n de enfermer\u00eda, al formar profesionales capaces de brindar cuidados integrales y de alta calidad. \u201cLas y los enfermeros est\u00e1n en contacto permanente con los pacientes, por lo que es indispensable que cuenten con una preparaci\u00f3n avanzada\u201d, se\u00f1al\u00f3 el Dr. Garc\u00eda Rosas. El programa ofrece seis \u00e1reas de \u00e9nfasis: Cuidado Cr\u00edtico, Cuidado Quir\u00fargico, Cuidado Pedi\u00e1trico, Cuidado Neonatal, Salud Mental y Gerontogeriatr\u00eda. Todos los estudiantes cursan materias comunes al inicio, para luego especializarse seg\u00fan su \u00e1rea de inter\u00e9s.<\/p>\n\n\n\n<p>Los aspirantes deben contar con t\u00edtulo y c\u00e9dula profesional, experiencia en unidades hospitalarias de segundo nivel y al menos un a\u00f1o de ejercicio profesional.<\/p>\n\n\n\n<p>El coordinador subray\u00f3 que la demanda de personal especializado es cada vez mayor en hospitales p\u00fablicos y privados, donde se requiere una atenci\u00f3n hol\u00edstica y centrada en el paciente. Por ello, es fundamental contar con formaci\u00f3n acad\u00e9mica s\u00f3lida que permita cubrir esta necesidad creciente.<\/p>\n\n\n\n<p>El programa est\u00e1 inscrito en el Sistema Nacional de Posgrados de Calidad de la Secretar\u00eda de Ciencia, Humanidades, Tecnolog\u00eda e Innovaci\u00f3n (Secihti), lo que permite otorgar becas al 90% del estudiantado.<\/p>\n\n\n\n<p>Adem\u00e1s, contempla una residencia local y una estancia nacional de seis semanas en instituciones de alto nivel, como el Instituto Nacional de Ciencias M\u00e9dicas y Nutrici\u00f3n Dr. Salvador Zubir\u00e1n, el Instituto Nacional de Cardiolog\u00eda Dr. Ignacio Ch\u00e1vez, el Hospital Infantil de M\u00e9xico Dr. Federico G\u00f3mez y el Hospital General de M\u00e9xico Dr. Gerardo Liceaga, seg\u00fan el \u00e9nfasis elegido.<\/p>\n\n\n\n<p>Para m\u00e1s informaci\u00f3n, las personas interesadas pueden consultar el portal: www.eeca.uaslp.mx o comunicarse al tel\u00e9fono 444 826 2300, extensiones 5029 y 5067.<\/p>\n\n\n<div class=\"pgc-sgb-cb wp-block-pgcsimplygalleryblock-masonry \" data-gallery-id=\"99982700\"><div class=\"sgb-preloader\" id=\"pr_99982700\">\n\t<div class=\"sgb-square\" style=\"background:#d4d4d4\"><\/div>\n\t<div class=\"sgb-square\" style=\"background:#d4d4d4\"><\/div>\n\t<div class=\"sgb-square\" style=\"background:#d4d4d4\"><\/div>\n\t<div class=\"sgb-square\" style=\"background:#d4d4d4\"><\/div><\/div><div class=\"simply-gallery-amp pgc_sgb_slider \"><noscript><div class=\"sgb-gallery\"><div class=\"sgb-item\"><a href=\"https:\/\/wp.uaslp.mx\/noticias\/?attachment_id=20209\" target=\"_blank\"><img decoding=\"async\" alt=\"\" width=\"664\" height=\"1024\" loading=\"lazy\" src=\"https:\/\/wp.uaslp.mx\/noticias\/wp-content\/uploads\/sites\/5\/2025\/07\/CONVOCATORIA_FEN2025-664x1024.jpg\" srcset=\"https:\/\/wp.uaslp.mx\/noticias\/wp-content\/uploads\/sites\/5\/2025\/07\/CONVOCATORIA_FEN2025-664x1024.jpg 664w,https:\/\/wp.uaslp.mx\/noticias\/wp-content\/uploads\/sites\/5\/2025\/07\/CONVOCATORIA_FEN2025.jpg 1327w\" sizes=\"auto, 250px\"\/><\/a><\/div><div class=\"sgb-item\"><a href=\"https:\/\/wp.uaslp.mx\/noticias\/?attachment_id=20208\" target=\"_blank\"><img decoding=\"async\" alt=\"\" width=\"1024\" height=\"1024\" loading=\"lazy\" src=\"https:\/\/wp.uaslp.mx\/noticias\/wp-content\/uploads\/sites\/5\/2025\/07\/CONVOCATORIA_FEN2025.2-1024x1024.jpg\" srcset=\"https:\/\/wp.uaslp.mx\/noticias\/wp-content\/uploads\/sites\/5\/2025\/07\/CONVOCATORIA_FEN2025.2-1024x1024.jpg 1024w,https:\/\/wp.uaslp.mx\/noticias\/wp-content\/uploads\/sites\/5\/2025\/07\/CONVOCATORIA_FEN2025.2.jpg 1200w\" sizes=\"auto, 250px\"\/><\/a><\/div><\/div><\/noscript><\/div><script type=\"application\/json\" class=\"sgb-data\">{\"galleryType\":\"pgc_sgb_masonry\",\"galleryId\":\"99982700\",\"images\":[{\"id\":20209,\"title\":\"CONVOCATORIA_FEN2025\",\"url\":\"https:\/\/wp.uaslp.mx\/noticias\/wp-content\/uploads\/sites\/5\/2025\/07\/CONVOCATORIA_FEN2025.jpg\",\"link\":\"https:\/\/wp.uaslp.mx\/noticias\/?attachment_id=20209\",\"alt\":\"\",\"description\":\"\",\"caption\":\"\",\"mime\":\"image\/jpeg\",\"type\":\"image\",\"width\":1327,\"height\":2048,\"sizes\":{\"thumbnail\":{\"height\":150,\"width\":150,\"url\":\"https:\/\/wp.uaslp.mx\/noticias\/wp-content\/uploads\/sites\/5\/2025\/07\/CONVOCATORIA_FEN2025-150x150.jpg\",\"orientation\":\"landscape\"},\"medium\":{\"height\":1024,\"width\":664,\"url\":\"https:\/\/wp.uaslp.mx\/noticias\/wp-content\/uploads\/sites\/5\/2025\/07\/CONVOCATORIA_FEN2025-664x1024.jpg\",\"orientation\":\"portrait\"},\"full\":{\"url\":\"https:\/\/wp.uaslp.mx\/noticias\/wp-content\/uploads\/sites\/5\/2025\/07\/CONVOCATORIA_FEN2025.jpg\",\"height\":2048,\"width\":1327,\"orientation\":\"portrait\"}},\"imageMeta\":{\"aperture\":\"0\",\"credit\":\"\",\"camera\":\"\",\"caption\":\"\",\"created_timestamp\":\"0\",\"copyright\":\"\",\"focal_length\":\"0\",\"iso\":\"0\",\"shutter_speed\":\"0\",\"title\":\"\",\"orientation\":\"0\",\"keywords\":[]},\"meta\":false,\"postlink\":\"https:\/\/wp.uaslp.mx\/noticias\/?attachment_id=20209\"},{\"id\":20208,\"title\":\"CONVOCATORIA_FEN2025.2\",\"url\":\"https:\/\/wp.uaslp.mx\/noticias\/wp-content\/uploads\/sites\/5\/2025\/07\/CONVOCATORIA_FEN2025.2.jpg\",\"link\":\"https:\/\/wp.uaslp.mx\/noticias\/?attachment_id=20208\",\"alt\":\"\",\"description\":\"\",\"caption\":\"\",\"mime\":\"image\/jpeg\",\"type\":\"image\",\"width\":1200,\"height\":1200,\"sizes\":{\"thumbnail\":{\"height\":150,\"width\":150,\"url\":\"https:\/\/wp.uaslp.mx\/noticias\/wp-content\/uploads\/sites\/5\/2025\/07\/CONVOCATORIA_FEN2025.2-150x150.jpg\",\"orientation\":\"landscape\"},\"medium\":{\"height\":1024,\"width\":1024,\"url\":\"https:\/\/wp.uaslp.mx\/noticias\/wp-content\/uploads\/sites\/5\/2025\/07\/CONVOCATORIA_FEN2025.2-1024x1024.jpg\",\"orientation\":\"landscape\"},\"full\":{\"url\":\"https:\/\/wp.uaslp.mx\/noticias\/wp-content\/uploads\/sites\/5\/2025\/07\/CONVOCATORIA_FEN2025.2.jpg\",\"height\":1200,\"width\":1200,\"orientation\":\"landscape\"}},\"imageMeta\":{\"aperture\":\"0\",\"credit\":\"\",\"camera\":\"\",\"caption\":\"\",\"created_timestamp\":\"0\",\"copyright\":\"\",\"focal_length\":\"0\",\"iso\":\"0\",\"shutter_speed\":\"0\",\"title\":\"\",\"orientation\":\"0\",\"keywords\":[]},\"meta\":false,\"postlink\":\"https:\/\/wp.uaslp.mx\/noticias\/?attachment_id=20208\"}],\"itemsMetaDataCollection\":[]}<\/script><script>(function(){if(window.PGC_SGB && window.PGC_SGB.searcher){window.PGC_SGB.searcher.initBlocks()}})()<\/script><\/div>","protected":false},"excerpt":{"rendered":"<p>Ante la creciente demanda de servicios de salud, la Facultad de Enfermer\u00eda y Nutrici\u00f3n (FEN)&#8230;<\/p>\n","protected":false},"author":12,"featured_media":20210,"comment_status":"closed","ping_status":"closed","sticky":false,"template":"","format":"standard","meta":{"pgc_sgb_lightbox_settings":"","footnotes":""},"categories":[2],"tags":[3010,3011],"class_list":["post-20207","post","type-post","status-publish","format-standard","has-post-thumbnail","hentry","category-academica","tag-convocatoriauaslp2025","tag-enfermeriaclinicaavanzada"],"featured_image_urls":{"full":["https:\/\/wp.uaslp.mx\/noticias\/wp-content\/uploads\/sites\/5\/2025\/07\/WhatsApp-Image-2025-07-17-at-11.42.19.jpeg",2560,1920,false],"thumbnail":["https:\/\/wp.uaslp.mx\/noticias\/wp-content\/uploads\/sites\/5\/2025\/07\/WhatsApp-Image-2025-07-17-at-11.42.19-150x150.jpeg",150,150,true],"medium":["https:\/\/wp.uaslp.mx\/noticias\/wp-content\/uploads\/sites\/5\/2025\/07\/WhatsApp-Image-2025-07-17-at-11.42.19-1024x768.jpeg",1024,768,true],"medium_large":["https:\/\/wp.uaslp.mx\/noticias\/wp-content\/uploads\/sites\/5\/2025\/07\/WhatsApp-Image-2025-07-17-at-11.42.19-768x576.jpeg",640,480,true],"large":["https:\/\/wp.uaslp.mx\/noticias\/wp-content\/uploads\/sites\/5\/2025\/07\/WhatsApp-Image-2025-07-17-at-11.42.19.jpeg",2560,1920,false],"1536x1536":["https:\/\/wp.uaslp.mx\/noticias\/wp-content\/uploads\/sites\/5\/2025\/07\/WhatsApp-Image-2025-07-17-at-11.42.19-1536x1152.jpeg",1536,1152,true],"2048x2048":["https:\/\/wp.uaslp.mx\/noticias\/wp-content\/uploads\/sites\/5\/2025\/07\/WhatsApp-Image-2025-07-17-at-11.42.19-2048x1536.jpeg",2048,1536,true],"newsever-slider-full":["https:\/\/wp.uaslp.mx\/noticias\/wp-content\/uploads\/sites\/5\/2025\/07\/WhatsApp-Image-2025-07-17-at-11.42.19-1280x845.jpeg",1280,845,true],"newsever-featured":["https:\/\/wp.uaslp.mx\/noticias\/wp-content\/uploads\/sites\/5\/2025\/07\/WhatsApp-Image-2025-07-17-at-11.42.19-1024x768.jpeg",1024,768,true],"newsever-medium":["https:\/\/wp.uaslp.mx\/noticias\/wp-content\/uploads\/sites\/5\/2025\/07\/WhatsApp-Image-2025-07-17-at-11.42.19-720x475.jpeg",720,475,true],"mailpoet_newsletter_max":["https:\/\/wp.uaslp.mx\/noticias\/wp-content\/uploads\/sites\/5\/2025\/07\/WhatsApp-Image-2025-07-17-at-11.42.19-1320x990.jpeg",1320,990,true]},"author_info":{"display_name":"Prensa y difusi\u00f3n","author_link":"https:\/\/wp.uaslp.mx\/noticias\/author\/giovannamorales\/"},"category_info":"<a href=\"https:\/\/wp.uaslp.mx\/noticias\/category\/academica\/\" rel=\"category tag\">Acad\u00e9mica<\/a>","tag_info":"Acad\u00e9mica","comment_count":"0","_links":{"self":[{"href":"https:\/\/wp.uaslp.mx\/noticias\/wp-json\/wp\/v2\/posts\/20207","targetHints":{"allow":["GET"]}}],"collection":[{"href":"https:\/\/wp.uaslp.mx\/noticias\/wp-json\/wp\/v2\/posts"}],"about":[{"href":"https:\/\/wp.uaslp.mx\/noticias\/wp-json\/wp\/v2\/types\/post"}],"author":[{"embeddable":true,"href":"https:\/\/wp.uaslp.mx\/noticias\/wp-json\/wp\/v2\/users\/12"}],"replies":[{"embeddable":true,"href":"https:\/\/wp.uaslp.mx\/noticias\/wp-json\/wp\/v2\/comments?post=20207"}],"version-history":[{"count":1,"href":"https:\/\/wp.uaslp.mx\/noticias\/wp-json\/wp\/v2\/posts\/20207\/revisions"}],"predecessor-version":[{"id":20211,"href":"https:\/\/wp.uaslp.mx\/noticias\/wp-json\/wp\/v2\/posts\/20207\/revisions\/20211"}],"wp:featuredmedia":[{"embeddable":true,"href":"https:\/\/wp.uaslp.mx\/noticias\/wp-json\/wp\/v2\/media\/20210"}],"wp:attachment":[{"href":"https:\/\/wp.uaslp.mx\/noticias\/wp-json\/wp\/v2\/media?parent=20207"}],"wp:term":[{"taxonomy":"category","embeddable":true,"href":"https:\/\/wp.uaslp.mx\/noticias\/wp-json\/wp\/v2\/categories?post=20207"},{"taxonomy":"post_tag","embeddable":true,"href":"https:\/\/wp.uaslp.mx\/noticias\/wp-json\/wp\/v2\/tags?post=20207"}],"curies":[{"name":"wp","href":"https:\/\/api.w.org\/{rel}","templated":true}]}}