{"id":20162,"date":"2025-07-16T12:48:17","date_gmt":"2025-07-16T18:48:17","guid":{"rendered":"https:\/\/wp.uaslp.mx\/noticias\/?p=20162"},"modified":"2025-07-16T12:48:18","modified_gmt":"2025-07-16T18:48:18","slug":"la-uaslp-premia-a-finalistas-de-la-olimpiada-potosina-de-informatica-2025","status":"publish","type":"post","link":"https:\/\/wp.uaslp.mx\/noticias\/orgullouaslp\/la-uaslp-premia-a-finalistas-de-la-olimpiada-potosina-de-informatica-2025\/","title":{"rendered":"La UASLP premia a finalistas de la Olimpiada Potosina de Inform\u00e1tica 2025"},"content":{"rendered":"\n<p>La<a href=\"https:\/\/www.ingenieria.uaslp.mx\/#gsc.tab=0\"> Facultad de Ingenier\u00eda de la Universidad Aut\u00f3noma de San Luis Potos\u00ed<\/a> (UASLP) fue sede, este 16 de julio, de la entrega de reconocimientos de la <a href=\"https:\/\/www.facebook.com\/olimpiada.potosina.de.informatica\/?locale=es_LA\">Olimpiada Potosina de Inform\u00e1tica 2025<\/a>, evento que marc\u00f3 el cierre de la etapa estatal y fungi\u00f3 como antesala a la participaci\u00f3n de la delegaci\u00f3n potosina en la fase nacional, que se llevar\u00e1 a cabo del 3 al 6 de octubre en la ciudad de Guadalajara.<\/p>\n\n\n\n<p>Durante la ceremonia, se reconoci\u00f3 a los ocho estudiantes que obtuvieron los primeros lugares en esta competencia, de los cuales los tres primeros representar\u00e1n al estado en la fase nacional. La Olimpiada Potosina de Inform\u00e1tica est\u00e1 dirigida a estudiantes de nivel medio superior y tiene como prop\u00f3sito fomentar el pensamiento l\u00f3gico y computacional mediante la resoluci\u00f3n de problemas, a trav\u00e9s de la programaci\u00f3n. Esta competencia tambi\u00e9n busca identificar y promover el talento juvenil en el \u00e1rea de tecnolog\u00eda e inform\u00e1tica.<\/p>\n\n\n\n<p>El director de la Facultad de Ingenier\u00eda, doctor Emilio Jorge Gonz\u00e1lez Galv\u00e1n, dio la bienvenida a los asistentes y expres\u00f3 su satisfacci\u00f3n por recibir a esta competencia en las instalaciones de la facultad. Se\u00f1al\u00f3 la importancia que ha tenido la computaci\u00f3n desde hace d\u00e9cadas, al recordar que hace m\u00e1s de 40 a\u00f1os ya se reconoc\u00eda la relevancia de las carreras en sistemas computacionales. Subray\u00f3 que el avance tecnol\u00f3gico ha cambiado radicalmente la vida cotidiana y que hoy no ser\u00eda posible vivir sin las soluciones desarrolladas por programadores, muchas de las cuales forman parte de herramientas tan comunes como los sistemas de navegaci\u00f3n en los celulares.<\/p>\n\n\n\n<p>El doctor Gonz\u00e1lez Galv\u00e1n destac\u00f3 que la Facultad de Ingenier\u00eda de la UASLP ofrece, desde hace muchos a\u00f1os, programas acad\u00e9micos acreditados internacionalmente en estas \u00e1reas, como las carreras de Computaci\u00f3n e Ingenier\u00eda de Sistemas Inteligentes, esta \u00faltima con una trayectoria desde el a\u00f1o 2007. Mencion\u00f3 que estas carreras contemplan especialidades como inteligencia artificial, rob\u00f3tica, ciberseguridad y desarrollo de videojuegos, y que no son nuevas en la ciudad, aunque recientemente otras instituciones han empezado a promoverlas como innovadoras.<\/p>\n\n\n\n<p>Para la Facultad de Ingenier\u00eda, afirm\u00f3, este tipo de eventos representa una oportunidad invaluable para conocer el talento joven, orientarlo y alentarlo a seguir prepar\u00e1ndose en el campo de la tecnolog\u00eda. Finalmente, felicit\u00f3 a los estudiantes reconocidos, les dese\u00f3 \u00e9xito en la etapa nacional y agradeci\u00f3 a las familias, maestros y organizadores por su acompa\u00f1amiento y compromiso.<\/p>\n\n\n\n<p>Entre los estudiantes reconocidos se encuentran Diego Francisco Mart\u00edn Z\u00e1rate, del Instituto Salesiano Carlos G\u00f3mez; Isaac \u00c1vila S\u00e1nchez, del Colegio Finland\u00e9s de Educaci\u00f3n Integral; Leonardo D\u00edaz Delgado, del Instituto Cervantes Apost\u00f3lica; Sebasti\u00e1n Loredo Hern\u00e1ndez, del Colegio de Bachilleres Plantel 28; Guillermo Alfonso de Anda Navarrete, de la Escuela Secundaria General \u201c21 de Marzo de 1806\u201d; Sebasti\u00e1n Antonio Torres Banda, tambi\u00e9n del Colegio de Bachilleres Plantel 28; Ana Cecilia Mart\u00ednez Molina, del Colegio de Bachilleres Plantel 03, y Guillermo L\u00f3pez Maturano, del Cobach 28.<\/p>\n\n\n\n<p>El acto cont\u00f3 con la presencia de autoridades universitarias, representantes de otras instituciones acad\u00e9micas, as\u00ed como familiares, amistades y compa\u00f1eros de los j\u00f3venes homenajeados, quienes les brindaron su respaldo en este paso importante de su formaci\u00f3n acad\u00e9mica.<\/p>\n\n\n\n<p class=\"has-text-align-right\"><em>Hugo Laussin<\/em><\/p>\n\n\n<div class=\"pgc-sgb-cb wp-block-pgcsimplygalleryblock-masonry \" data-gallery-id=\"c2248361\"><div class=\"sgb-preloader\" id=\"pr_c2248361\">\n\t<div class=\"sgb-square\" style=\"background:#d4d4d4\"><\/div>\n\t<div class=\"sgb-square\" style=\"background:#d4d4d4\"><\/div>\n\t<div class=\"sgb-square\" style=\"background:#d4d4d4\"><\/div>\n\t<div class=\"sgb-square\" style=\"background:#d4d4d4\"><\/div><\/div><div class=\"simply-gallery-amp pgc_sgb_slider \"><noscript><div class=\"sgb-gallery\"><div class=\"sgb-item\"><a href=\"https:\/\/wp.uaslp.mx\/noticias\/?attachment_id=20165\" target=\"_blank\"><img decoding=\"async\" alt=\"\" width=\"1024\" height=\"682\" loading=\"lazy\" src=\"https:\/\/wp.uaslp.mx\/noticias\/wp-content\/uploads\/sites\/5\/2025\/07\/WhatsApp-Image-2025-07-16-at-12.35.45-1-1024x682.jpeg\" srcset=\"https:\/\/wp.uaslp.mx\/noticias\/wp-content\/uploads\/sites\/5\/2025\/07\/WhatsApp-Image-2025-07-16-at-12.35.45-1-1024x682.jpeg 1024w,https:\/\/wp.uaslp.mx\/noticias\/wp-content\/uploads\/sites\/5\/2025\/07\/WhatsApp-Image-2025-07-16-at-12.35.45-1.jpeg 1600w\" sizes=\"auto, 250px\"\/><\/a><\/div><div class=\"sgb-item\"><a href=\"https:\/\/wp.uaslp.mx\/noticias\/?attachment_id=20163\" target=\"_blank\"><img decoding=\"async\" alt=\"\" width=\"1024\" height=\"682\" loading=\"lazy\" src=\"https:\/\/wp.uaslp.mx\/noticias\/wp-content\/uploads\/sites\/5\/2025\/07\/WhatsApp-Image-2025-07-16-at-12.35.45-1024x682.jpeg\" srcset=\"https:\/\/wp.uaslp.mx\/noticias\/wp-content\/uploads\/sites\/5\/2025\/07\/WhatsApp-Image-2025-07-16-at-12.35.45-1024x682.jpeg 1024w,https:\/\/wp.uaslp.mx\/noticias\/wp-content\/uploads\/sites\/5\/2025\/07\/WhatsApp-Image-2025-07-16-at-12.35.45.jpeg 1600w\" sizes=\"auto, 250px\"\/><\/a><\/div><\/div><\/noscript><\/div><script type=\"application\/json\" class=\"sgb-data\">{\"galleryType\":\"pgc_sgb_masonry\",\"galleryId\":\"c2248361\",\"images\":[{\"id\":20165,\"title\":\"WhatsApp Image 2025-07-16 at 12.35.45 (1)\",\"url\":\"https:\/\/wp.uaslp.mx\/noticias\/wp-content\/uploads\/sites\/5\/2025\/07\/WhatsApp-Image-2025-07-16-at-12.35.45-1.jpeg\",\"link\":\"https:\/\/wp.uaslp.mx\/noticias\/?attachment_id=20165\",\"alt\":\"\",\"description\":\"\",\"caption\":\"\",\"mime\":\"image\/jpeg\",\"type\":\"image\",\"width\":1600,\"height\":1066,\"sizes\":{\"thumbnail\":{\"height\":150,\"width\":150,\"url\":\"https:\/\/wp.uaslp.mx\/noticias\/wp-content\/uploads\/sites\/5\/2025\/07\/WhatsApp-Image-2025-07-16-at-12.35.45-1-150x150.jpeg\",\"orientation\":\"landscape\"},\"medium\":{\"height\":682,\"width\":1024,\"url\":\"https:\/\/wp.uaslp.mx\/noticias\/wp-content\/uploads\/sites\/5\/2025\/07\/WhatsApp-Image-2025-07-16-at-12.35.45-1-1024x682.jpeg\",\"orientation\":\"landscape\"},\"full\":{\"url\":\"https:\/\/wp.uaslp.mx\/noticias\/wp-content\/uploads\/sites\/5\/2025\/07\/WhatsApp-Image-2025-07-16-at-12.35.45-1.jpeg\",\"height\":1066,\"width\":1600,\"orientation\":\"landscape\"}},\"imageMeta\":{\"aperture\":\"0\",\"credit\":\"\",\"camera\":\"\",\"caption\":\"\",\"created_timestamp\":\"0\",\"copyright\":\"\",\"focal_length\":\"0\",\"iso\":\"0\",\"shutter_speed\":\"0\",\"title\":\"\",\"orientation\":\"0\",\"keywords\":[]},\"meta\":false,\"postlink\":\"https:\/\/wp.uaslp.mx\/noticias\/?attachment_id=20165\"},{\"id\":20163,\"title\":\"WhatsApp Image 2025-07-16 at 12.35.45\",\"url\":\"https:\/\/wp.uaslp.mx\/noticias\/wp-content\/uploads\/sites\/5\/2025\/07\/WhatsApp-Image-2025-07-16-at-12.35.45.jpeg\",\"link\":\"https:\/\/wp.uaslp.mx\/noticias\/?attachment_id=20163\",\"alt\":\"\",\"description\":\"\",\"caption\":\"\",\"mime\":\"image\/jpeg\",\"type\":\"image\",\"width\":1600,\"height\":1066,\"sizes\":{\"thumbnail\":{\"height\":150,\"width\":150,\"url\":\"https:\/\/wp.uaslp.mx\/noticias\/wp-content\/uploads\/sites\/5\/2025\/07\/WhatsApp-Image-2025-07-16-at-12.35.45-150x150.jpeg\",\"orientation\":\"landscape\"},\"medium\":{\"height\":682,\"width\":1024,\"url\":\"https:\/\/wp.uaslp.mx\/noticias\/wp-content\/uploads\/sites\/5\/2025\/07\/WhatsApp-Image-2025-07-16-at-12.35.45-1024x682.jpeg\",\"orientation\":\"landscape\"},\"full\":{\"url\":\"https:\/\/wp.uaslp.mx\/noticias\/wp-content\/uploads\/sites\/5\/2025\/07\/WhatsApp-Image-2025-07-16-at-12.35.45.jpeg\",\"height\":1066,\"width\":1600,\"orientation\":\"landscape\"}},\"imageMeta\":{\"aperture\":\"0\",\"credit\":\"\",\"camera\":\"\",\"caption\":\"\",\"created_timestamp\":\"0\",\"copyright\":\"\",\"focal_length\":\"0\",\"iso\":\"0\",\"shutter_speed\":\"0\",\"title\":\"\",\"orientation\":\"0\",\"keywords\":[]},\"meta\":false,\"postlink\":\"https:\/\/wp.uaslp.mx\/noticias\/?attachment_id=20163\"}],\"itemsMetaDataCollection\":[]}<\/script><script>(function(){if(window.PGC_SGB && window.PGC_SGB.searcher){window.PGC_SGB.searcher.initBlocks()}})()<\/script><\/div>","protected":false},"excerpt":{"rendered":"<p>La Facultad de Ingenier\u00eda de la Universidad Aut\u00f3noma de San Luis Potos\u00ed (UASLP) fue sede,&#8230;<\/p>\n","protected":false},"author":12,"featured_media":20164,"comment_status":"closed","ping_status":"closed","sticky":false,"template":"","format":"standard","meta":{"pgc_sgb_lightbox_settings":"","footnotes":""},"categories":[11],"tags":[1904,2988],"class_list":["post-20162","post","type-post","status-publish","format-standard","has-post-thumbnail","hentry","category-orgullouaslp","tag-ingenieriauaslp","tag-olimpiadadeinformatica2025"],"featured_image_urls":{"full":["https:\/\/wp.uaslp.mx\/noticias\/wp-content\/uploads\/sites\/5\/2025\/07\/WhatsApp-Image-2025-07-16-at-12.35.46.jpeg",1600,682,false],"thumbnail":["https:\/\/wp.uaslp.mx\/noticias\/wp-content\/uploads\/sites\/5\/2025\/07\/WhatsApp-Image-2025-07-16-at-12.35.46-150x150.jpeg",150,150,true],"medium":["https:\/\/wp.uaslp.mx\/noticias\/wp-content\/uploads\/sites\/5\/2025\/07\/WhatsApp-Image-2025-07-16-at-12.35.46-1024x436.jpeg",1024,436,true],"medium_large":["https:\/\/wp.uaslp.mx\/noticias\/wp-content\/uploads\/sites\/5\/2025\/07\/WhatsApp-Image-2025-07-16-at-12.35.46-768x327.jpeg",640,273,true],"large":["https:\/\/wp.uaslp.mx\/noticias\/wp-content\/uploads\/sites\/5\/2025\/07\/WhatsApp-Image-2025-07-16-at-12.35.46.jpeg",1600,682,false],"1536x1536":["https:\/\/wp.uaslp.mx\/noticias\/wp-content\/uploads\/sites\/5\/2025\/07\/WhatsApp-Image-2025-07-16-at-12.35.46-1536x655.jpeg",1536,655,true],"2048x2048":["https:\/\/wp.uaslp.mx\/noticias\/wp-content\/uploads\/sites\/5\/2025\/07\/WhatsApp-Image-2025-07-16-at-12.35.46.jpeg",1600,682,false],"newsever-slider-full":["https:\/\/wp.uaslp.mx\/noticias\/wp-content\/uploads\/sites\/5\/2025\/07\/WhatsApp-Image-2025-07-16-at-12.35.46-1280x682.jpeg",1280,682,true],"newsever-featured":["https:\/\/wp.uaslp.mx\/noticias\/wp-content\/uploads\/sites\/5\/2025\/07\/WhatsApp-Image-2025-07-16-at-12.35.46-1024x436.jpeg",1024,436,true],"newsever-medium":["https:\/\/wp.uaslp.mx\/noticias\/wp-content\/uploads\/sites\/5\/2025\/07\/WhatsApp-Image-2025-07-16-at-12.35.46-720x475.jpeg",720,475,true],"mailpoet_newsletter_max":["https:\/\/wp.uaslp.mx\/noticias\/wp-content\/uploads\/sites\/5\/2025\/07\/WhatsApp-Image-2025-07-16-at-12.35.46-1320x563.jpeg",1320,563,true]},"author_info":{"display_name":"Prensa y difusi\u00f3n","author_link":"https:\/\/wp.uaslp.mx\/noticias\/author\/giovannamorales\/"},"category_info":"<a href=\"https:\/\/wp.uaslp.mx\/noticias\/category\/orgullouaslp\/\" rel=\"category tag\">Orgullo UASLP<\/a>","tag_info":"Orgullo UASLP","comment_count":"0","_links":{"self":[{"href":"https:\/\/wp.uaslp.mx\/noticias\/wp-json\/wp\/v2\/posts\/20162","targetHints":{"allow":["GET"]}}],"collection":[{"href":"https:\/\/wp.uaslp.mx\/noticias\/wp-json\/wp\/v2\/posts"}],"about":[{"href":"https:\/\/wp.uaslp.mx\/noticias\/wp-json\/wp\/v2\/types\/post"}],"author":[{"embeddable":true,"href":"https:\/\/wp.uaslp.mx\/noticias\/wp-json\/wp\/v2\/users\/12"}],"replies":[{"embeddable":true,"href":"https:\/\/wp.uaslp.mx\/noticias\/wp-json\/wp\/v2\/comments?post=20162"}],"version-history":[{"count":1,"href":"https:\/\/wp.uaslp.mx\/noticias\/wp-json\/wp\/v2\/posts\/20162\/revisions"}],"predecessor-version":[{"id":20166,"href":"https:\/\/wp.uaslp.mx\/noticias\/wp-json\/wp\/v2\/posts\/20162\/revisions\/20166"}],"wp:featuredmedia":[{"embeddable":true,"href":"https:\/\/wp.uaslp.mx\/noticias\/wp-json\/wp\/v2\/media\/20164"}],"wp:attachment":[{"href":"https:\/\/wp.uaslp.mx\/noticias\/wp-json\/wp\/v2\/media?parent=20162"}],"wp:term":[{"taxonomy":"category","embeddable":true,"href":"https:\/\/wp.uaslp.mx\/noticias\/wp-json\/wp\/v2\/categories?post=20162"},{"taxonomy":"post_tag","embeddable":true,"href":"https:\/\/wp.uaslp.mx\/noticias\/wp-json\/wp\/v2\/tags?post=20162"}],"curies":[{"name":"wp","href":"https:\/\/api.w.org\/{rel}","templated":true}]}}