{"id":19950,"date":"2025-07-03T13:16:25","date_gmt":"2025-07-03T19:16:25","guid":{"rendered":"https:\/\/wp.uaslp.mx\/noticias\/?p=19950"},"modified":"2025-07-03T13:51:47","modified_gmt":"2025-07-03T19:51:47","slug":"estudiantes-de-la-uaslp-inician-estancias-academicas-en-america-europa-y-mexico","status":"publish","type":"post","link":"https:\/\/wp.uaslp.mx\/noticias\/academica\/estudiantes-de-la-uaslp-inician-estancias-academicas-en-america-europa-y-mexico\/","title":{"rendered":"Estudiantes de la UASLP inician estancias acad\u00e9micas en Am\u00e9rica, Europa y M\u00e9xico"},"content":{"rendered":"\n<p>Este 2 de julio se llev\u00f3 a cabo la ceremonia de despedida de 96 estudiantes de la Universidad Aut\u00f3noma de San Luis Potos\u00ed (UASLP) que participar\u00e1n en programas de movilidad acad\u00e9mica durante el semestre agosto-diciembre de 2025; as\u00ed como a un grupo de alumnos que durante el verano cursar\u00e1n materias en el extranjero como parte de un programa de doble titulaci\u00f3n con la City University of Seattle, con estancias en esa ciudad de Estados Unidos y en Praga, Rep\u00fablica Checa.<\/p>\n\n\n\n<p>El evento comenz\u00f3 con un mensaje de bienvenida a cargo de la Lic. Mariela Guadalupe Ch\u00e1vez Ram\u00edrez, directora de<a href=\"https:\/\/www.facebook.com\/movilidaduaslp?locale=es_LA\"> Internacionalizaci\u00f3n de la UASLP<\/a>, quien felicit\u00f3 a los estudiantes por haber alcanzado este logro. Se\u00f1al\u00f3 que para participar en estos programas se requiere constancia, esfuerzo y mantener un buen promedio. Destac\u00f3 que esta experiencia representa un crecimiento personal, ya que implica nuevas responsabilidades, como organizar el tiempo, los recursos y aprender a vivir en otro entorno; adem\u00e1s, subray\u00f3 la importancia de representar con orgullo a la universidad y agradeci\u00f3 el respaldo de las familias, sin el cual esta experiencia no ser\u00eda posible.<\/p>\n\n\n\n<p>La ceremonia cont\u00f3 con la presencia del Dr. Alejandro Javier Zerme\u00f1o Guerra, rector de la universidad; del maestro Jorge Alberto P\u00e9rez Gonz\u00e1lez, secretario acad\u00e9mico, as\u00ed como de directores de distintas facultades, profesores, personal administrativo, estudiantes y sus familias.<\/p>\n\n\n\n<p>Durante su intervenci\u00f3n, el maestro Jorge Alberto P\u00e9rez Gonz\u00e1lez resalt\u00f3 que estos j\u00f3venes forman parte de un porcentaje muy reducido de personas que tienen acceso a educaci\u00f3n, servicios b\u00e1sicos y, adem\u00e1s, a una experiencia internacional. Expres\u00f3 que este tipo de vivencias transforma la vida de los estudiantes no s\u00f3lo en lo acad\u00e9mico, sino tambi\u00e9n en lo personal, y los convierte en personas m\u00e1s maduras y conscientes de su entorno. Invit\u00f3 a los alumnos a aprovechar al m\u00e1ximo su estancia y a regresar con aprendizajes y vivencias para compartir.<\/p>\n\n\n\n<p>Una de las estudiantes, Joselin Monserrat P\u00e9rez Camarena, de la Facultad del H\u00e1bitat, comparti\u00f3 su experiencia de movilidad en la Universidad Iberoamericana de la Ciudad de M\u00e9xico. Cont\u00f3 que desde el primer d\u00eda se sinti\u00f3 bienvenida, y que, aunque al principio tuvo dudas sobre c\u00f3mo ser\u00eda la experiencia en una instituci\u00f3n privada, pronto descubri\u00f3 que su universidad de origen tambi\u00e9n cuenta con instalaciones y formaci\u00f3n de calidad. Dijo que esta oportunidad le permiti\u00f3 valorar m\u00e1s su entorno, conocer nuevas formas de vida, enfrentarse a retos personales y salir de su zona de confort. Recomend\u00f3 a sus compa\u00f1eros aprovechar cada momento, organizarse bien y disfrutar de lo que est\u00e1 por venir.<\/p>\n\n\n\n<p>Finalmente, el rector de la UASLP, doctor Alejandro Zerme\u00f1o Guerra ofreci\u00f3 un mensaje de despedida, en el que comparti\u00f3 algunos datos sobre la movilidad estudiantil de este semestre. Se\u00f1al\u00f3 que los estudiantes que se van representan a 12 entidades acad\u00e9micas de la universidad.<\/p>\n\n\n\n<p>Uno ir\u00e1 a Alemania, tres a Argentina, uno a Brasil, cinco a Chile, once a Colombia, 40 a Espa\u00f1a, seis a Francia, uno a Polonia, uno a Uruguay y 27 m\u00e1s a distintas universidades mexicanas, entre ellas la UNAM, la Universidad de Guadalajara, la IBERO, la Universidad de Monterrey, la Universidad Aut\u00f3noma de Aguascalientes, la Universidad Aut\u00f3noma de Quer\u00e9taro y otras instituciones reconocidas. Adem\u00e1s, mencion\u00f3 que 15 estudiantes participar\u00e1n en estancias en Seattle y 12 m\u00e1s en Praga como parte del programa de doble titulaci\u00f3n.<\/p>\n\n\n\n<p>El rector destac\u00f3 que s\u00f3lo 44 por ciento de los j\u00f3venes en edad universitaria en M\u00e9xico tiene acceso a estudios superiores, por lo que esta oportunidad es un privilegio que debe valorarse. Recalc\u00f3 la importancia de agradecer a los profesores y, sobre todo, a las familias que apoyan este proceso, y dijo que, al regresar, los estudiantes llegar\u00e1n m\u00e1s fortalecidos, m\u00e1s maduros y con una visi\u00f3n m\u00e1s amplia del mundo. Tambi\u00e9n les record\u00f3 que donde est\u00e9n, estar\u00e1n representando no s\u00f3lo a la UASLP, sino tambi\u00e9n a sus familias y a sus valores.<\/p>\n\n\n\n<p class=\"has-text-align-right\"><em>Hugo Laussin<\/em><\/p>\n\n\n<div class=\"pgc-sgb-cb wp-block-pgcsimplygalleryblock-masonry \" data-gallery-id=\"a5f06938\"><div class=\"sgb-preloader\" id=\"pr_a5f06938\">\n\t<div class=\"sgb-square\" style=\"background:#d4d4d4\"><\/div>\n\t<div class=\"sgb-square\" style=\"background:#d4d4d4\"><\/div>\n\t<div class=\"sgb-square\" style=\"background:#d4d4d4\"><\/div>\n\t<div class=\"sgb-square\" style=\"background:#d4d4d4\"><\/div><\/div><div class=\"simply-gallery-amp pgc_sgb_slider \"><noscript><div class=\"sgb-gallery\"><\/div><\/noscript><\/div><script type=\"application\/json\" class=\"sgb-data\">{\"galleryType\":\"pgc_sgb_masonry\",\"galleryId\":\"a5f06938\",\"images\":[{\"url\":\"https:\/\/wp.uaslp.mx\/noticias\/wp-content\/uploads\/sites\/5\/2025\/07\/WhatsApp-Image-2025-07-03-at-13.08.26.jpeg\",\"id\":19951,\"alt\":\"\"},{\"url\":\"https:\/\/wp.uaslp.mx\/noticias\/wp-content\/uploads\/sites\/5\/2025\/07\/WhatsApp-Image-2025-07-03-at-13.08.25-2.jpeg\",\"id\":19954,\"alt\":\"\"},{\"url\":\"https:\/\/wp.uaslp.mx\/noticias\/wp-content\/uploads\/sites\/5\/2025\/07\/WhatsApp-Image-2025-07-03-at-13.08.25.jpeg\",\"id\":19953,\"alt\":\"\"}],\"itemsMetaDataCollection\":[]}<\/script><script>(function(){if(window.PGC_SGB && window.PGC_SGB.searcher){window.PGC_SGB.searcher.initBlocks()}})()<\/script><\/div>","protected":false},"excerpt":{"rendered":"<p>Este 2 de julio se llev\u00f3 a cabo la ceremonia de despedida de 96 estudiantes&#8230;<\/p>\n","protected":false},"author":12,"featured_media":19952,"comment_status":"closed","ping_status":"closed","sticky":false,"template":"","format":"standard","meta":{"pgc_sgb_lightbox_settings":"","footnotes":""},"categories":[2],"tags":[1163],"class_list":["post-19950","post","type-post","status-publish","format-standard","has-post-thumbnail","hentry","category-academica","tag-movilidad-estudiantil-uaslp"],"featured_image_urls":{"full":["https:\/\/wp.uaslp.mx\/noticias\/wp-content\/uploads\/sites\/5\/2025\/07\/WhatsApp-Image-2025-07-03-at-13.08.25-1.jpeg",1600,717,false],"thumbnail":["https:\/\/wp.uaslp.mx\/noticias\/wp-content\/uploads\/sites\/5\/2025\/07\/WhatsApp-Image-2025-07-03-at-13.08.25-1-150x150.jpeg",150,150,true],"medium":["https:\/\/wp.uaslp.mx\/noticias\/wp-content\/uploads\/sites\/5\/2025\/07\/WhatsApp-Image-2025-07-03-at-13.08.25-1-1024x459.jpeg",1024,459,true],"medium_large":["https:\/\/wp.uaslp.mx\/noticias\/wp-content\/uploads\/sites\/5\/2025\/07\/WhatsApp-Image-2025-07-03-at-13.08.25-1-768x344.jpeg",640,287,true],"large":["https:\/\/wp.uaslp.mx\/noticias\/wp-content\/uploads\/sites\/5\/2025\/07\/WhatsApp-Image-2025-07-03-at-13.08.25-1.jpeg",1600,717,false],"1536x1536":["https:\/\/wp.uaslp.mx\/noticias\/wp-content\/uploads\/sites\/5\/2025\/07\/WhatsApp-Image-2025-07-03-at-13.08.25-1-1536x688.jpeg",1536,688,true],"2048x2048":["https:\/\/wp.uaslp.mx\/noticias\/wp-content\/uploads\/sites\/5\/2025\/07\/WhatsApp-Image-2025-07-03-at-13.08.25-1.jpeg",1600,717,false],"newsever-slider-full":["https:\/\/wp.uaslp.mx\/noticias\/wp-content\/uploads\/sites\/5\/2025\/07\/WhatsApp-Image-2025-07-03-at-13.08.25-1-1280x717.jpeg",1280,717,true],"newsever-featured":["https:\/\/wp.uaslp.mx\/noticias\/wp-content\/uploads\/sites\/5\/2025\/07\/WhatsApp-Image-2025-07-03-at-13.08.25-1-1024x459.jpeg",1024,459,true],"newsever-medium":["https:\/\/wp.uaslp.mx\/noticias\/wp-content\/uploads\/sites\/5\/2025\/07\/WhatsApp-Image-2025-07-03-at-13.08.25-1-720x475.jpeg",720,475,true],"mailpoet_newsletter_max":["https:\/\/wp.uaslp.mx\/noticias\/wp-content\/uploads\/sites\/5\/2025\/07\/WhatsApp-Image-2025-07-03-at-13.08.25-1-1320x592.jpeg",1320,592,true]},"author_info":{"display_name":"Prensa y difusi\u00f3n","author_link":"https:\/\/wp.uaslp.mx\/noticias\/author\/giovannamorales\/"},"category_info":"<a href=\"https:\/\/wp.uaslp.mx\/noticias\/category\/academica\/\" rel=\"category tag\">Acad\u00e9mica<\/a>","tag_info":"Acad\u00e9mica","comment_count":"0","_links":{"self":[{"href":"https:\/\/wp.uaslp.mx\/noticias\/wp-json\/wp\/v2\/posts\/19950","targetHints":{"allow":["GET"]}}],"collection":[{"href":"https:\/\/wp.uaslp.mx\/noticias\/wp-json\/wp\/v2\/posts"}],"about":[{"href":"https:\/\/wp.uaslp.mx\/noticias\/wp-json\/wp\/v2\/types\/post"}],"author":[{"embeddable":true,"href":"https:\/\/wp.uaslp.mx\/noticias\/wp-json\/wp\/v2\/users\/12"}],"replies":[{"embeddable":true,"href":"https:\/\/wp.uaslp.mx\/noticias\/wp-json\/wp\/v2\/comments?post=19950"}],"version-history":[{"count":2,"href":"https:\/\/wp.uaslp.mx\/noticias\/wp-json\/wp\/v2\/posts\/19950\/revisions"}],"predecessor-version":[{"id":19960,"href":"https:\/\/wp.uaslp.mx\/noticias\/wp-json\/wp\/v2\/posts\/19950\/revisions\/19960"}],"wp:featuredmedia":[{"embeddable":true,"href":"https:\/\/wp.uaslp.mx\/noticias\/wp-json\/wp\/v2\/media\/19952"}],"wp:attachment":[{"href":"https:\/\/wp.uaslp.mx\/noticias\/wp-json\/wp\/v2\/media?parent=19950"}],"wp:term":[{"taxonomy":"category","embeddable":true,"href":"https:\/\/wp.uaslp.mx\/noticias\/wp-json\/wp\/v2\/categories?post=19950"},{"taxonomy":"post_tag","embeddable":true,"href":"https:\/\/wp.uaslp.mx\/noticias\/wp-json\/wp\/v2\/tags?post=19950"}],"curies":[{"name":"wp","href":"https:\/\/api.w.org\/{rel}","templated":true}]}}