{"id":19454,"date":"2025-05-22T14:28:04","date_gmt":"2025-05-22T20:28:04","guid":{"rendered":"https:\/\/wp.uaslp.mx\/noticias\/?p=19454"},"modified":"2025-05-22T14:28:04","modified_gmt":"2025-05-22T20:28:04","slug":"facultad-de-psicologia-impulsa-dialogo-abierto-en-su-4ta-feria-de-la-sexualidad","status":"publish","type":"post","link":"https:\/\/wp.uaslp.mx\/noticias\/academica\/facultad-de-psicologia-impulsa-dialogo-abierto-en-su-4ta-feria-de-la-sexualidad\/","title":{"rendered":"Facultad de Psicolog\u00eda impulsa di\u00e1logo abierto en su 4ta. Feria de la Sexualidad"},"content":{"rendered":"\n<p>Este 22 de mayo se llev\u00f3 a cabo la 4ta. Feria de la Sexualidad en la <a href=\"https:\/\/www.psicologia.uaslp.mx\/\" target=\"_blank\" rel=\"noreferrer noopener\">Facultad de Psicolog\u00eda<\/a> de la Universidad Aut\u00f3noma de San Luis Potos\u00ed (UASLP), un evento organizado con el prop\u00f3sito de promover el conocimiento cient\u00edfico y el acceso universal a informaci\u00f3n sobre salud sexual, autocuidado y prevenci\u00f3n de riesgos.<\/p>\n\n\n\n<p>El evento acad\u00e9mico, organizado por la la Facultad de Psicolog\u00eda, mediante la Coordinaci\u00f3n de Extensi\u00f3n y Responsabilidad Social y el Programa de Promoci\u00f3n e Investigaci\u00f3n de la Salud Sexual (PISSE), reuni\u00f3 a estudiantes, docentes, autoridades y especialistas, en un esfuerzo conjunto por visibilizar y dialogar sobre temas clave relacionados con la sexualidad humana.<\/p>\n\n\n\n<p>Durante el evento, la doctora Mar\u00eda Giselle Castro Granado record\u00f3 que este evento naci\u00f3 en 2020 como parte del PISSE, iniciativa impulsada por \u00d3scar Alejandro Palacios Rodr\u00edguez, con el objetivo de formar estudiantes en la creaci\u00f3n e implementaci\u00f3n de proyectos de promoci\u00f3n de la salud sexual, basados en informaci\u00f3n objetiva. Subray\u00f3 la importancia de abrir espacios donde se aborden la diversidad, relaciones, expresi\u00f3n, m\u00e9todos anticonceptivos y otros aspectos esenciales de la sexualidad. Destac\u00f3 que, en un contexto donde a\u00fan existen tab\u00faes, prejuicios y desinformaci\u00f3n, estos espacios son vitales para fomentar el pensamiento cr\u00edtico y el respeto.<\/p>\n\n\n\n<p>Por su parte, el doctor Jaime Sebasti\u00e1n F. Gal\u00e1n Jim\u00e9nez, director de la Facultad de Psicolog\u00eda, reconoci\u00f3 el trabajo de quienes han sostenido este proyecto a lo largo de los a\u00f1os y la importancia de hablar abiertamente sobre la sexualidad para romper con los silencios impuestos por la cultura y las redes sociales, donde incluso mencionar genitales puede ser motivo de censura. Destac\u00f3 que estos espacios son una burbuja de conocimiento en un pa\u00eds donde hablar de sexualidad todav\u00eda es visto como algo indebido. Invit\u00f3 a los presentes a aprovechar la feria para reflexionar sobre su propia historia y vivencia sexual, as\u00ed como para abrirse al di\u00e1logo y al aprendizaje.<\/p>\n\n\n\n<p>El programa de la feria incluy\u00f3 una serie de conferencias y foros dise\u00f1ados para abordar diversos aspectos de la sexualidad desde una perspectiva cient\u00edfica y humanista. Se presentaron las conferencias \u201cSalud Mental en la Mujer\u201d, a cargo de Mar\u00eda Guadalupe Rodr\u00edguez Ferretiz; \u201cMasculinidades y Salud Sexual\u201d, impartida por Pablo Loredo Dyervidez, y \u201cSexualidad y Neurodivergencia\u201d, presentada por Edgar David Flores Garc\u00eda, todas en el auditorio de la Facultad de Psicolog\u00eda.<\/p>\n\n\n\n<p>Adem\u00e1s, hubo varios foros que permitieron la participaci\u00f3n activa del p\u00fablico en temas de gran relevancia. Entre ellos se encontraron \u201cExperiencias en torno al uso y consumo de la pornograf\u00eda\u201d, \u201cExperiencias en torno al uso de m\u00e9todos anticonceptivos\u201d, \u201cOrientaciones Sexuales\u201d e \u201cIdentidades Sexuales\u201d, espacios ofrecieron la oportunidad de compartir vivencias, derribar prejuicios y promover una visi\u00f3n m\u00e1s libre, informada y respetuosa sobre el tema.<\/p>\n\n\n\n<p>La feria tambi\u00e9n cont\u00f3 con un mercadito, donde diferentes instituciones y profesionales ofrecieron m\u00f3dulos con informaci\u00f3n \u00fatil sobre salud sexual, m\u00e9todos de prevenci\u00f3n, diversidad y m\u00e1s.<\/p>\n\n\n\n<figure class=\"wp-block-gallery has-nested-images columns-default is-cropped wp-block-gallery-1 is-layout-flex wp-block-gallery-is-layout-flex\">\n<figure class=\"wp-block-image size-large\"><img loading=\"lazy\" decoding=\"async\" width=\"1278\" height=\"900\" data-id=\"19457\" src=\"https:\/\/wp.uaslp.mx\/noticias\/wp-content\/uploads\/sites\/5\/2025\/05\/WhatsApp-Image-2025-05-22-at-13.37.02.jpeg\" alt=\"\" class=\"wp-image-19457\" srcset=\"https:\/\/wp.uaslp.mx\/noticias\/wp-content\/uploads\/sites\/5\/2025\/05\/WhatsApp-Image-2025-05-22-at-13.37.02.jpeg 1278w, https:\/\/wp.uaslp.mx\/noticias\/wp-content\/uploads\/sites\/5\/2025\/05\/WhatsApp-Image-2025-05-22-at-13.37.02-1024x721.jpeg 1024w, https:\/\/wp.uaslp.mx\/noticias\/wp-content\/uploads\/sites\/5\/2025\/05\/WhatsApp-Image-2025-05-22-at-13.37.02-768x541.jpeg 768w\" sizes=\"auto, (max-width: 1278px) 100vw, 1278px\" \/><\/figure>\n\n\n\n<figure class=\"wp-block-image size-large\"><img loading=\"lazy\" decoding=\"async\" width=\"2560\" height=\"1920\" data-id=\"19456\" src=\"https:\/\/wp.uaslp.mx\/noticias\/wp-content\/uploads\/sites\/5\/2025\/05\/WhatsApp-Image-2025-05-22-at-13.52.19-scaled.jpeg\" alt=\"\" class=\"wp-image-19456\" srcset=\"https:\/\/wp.uaslp.mx\/noticias\/wp-content\/uploads\/sites\/5\/2025\/05\/WhatsApp-Image-2025-05-22-at-13.52.19-scaled.jpeg 2560w, https:\/\/wp.uaslp.mx\/noticias\/wp-content\/uploads\/sites\/5\/2025\/05\/WhatsApp-Image-2025-05-22-at-13.52.19-1024x768.jpeg 1024w, https:\/\/wp.uaslp.mx\/noticias\/wp-content\/uploads\/sites\/5\/2025\/05\/WhatsApp-Image-2025-05-22-at-13.52.19-768x576.jpeg 768w, https:\/\/wp.uaslp.mx\/noticias\/wp-content\/uploads\/sites\/5\/2025\/05\/WhatsApp-Image-2025-05-22-at-13.52.19-1536x1152.jpeg 1536w, https:\/\/wp.uaslp.mx\/noticias\/wp-content\/uploads\/sites\/5\/2025\/05\/WhatsApp-Image-2025-05-22-at-13.52.19-2048x1536.jpeg 2048w, https:\/\/wp.uaslp.mx\/noticias\/wp-content\/uploads\/sites\/5\/2025\/05\/WhatsApp-Image-2025-05-22-at-13.52.19-1320x990.jpeg 1320w\" sizes=\"auto, (max-width: 2560px) 100vw, 2560px\" \/><\/figure>\n<\/figure>\n\n\n\n<p class=\"has-text-align-right\"><em>Hugo Lauss\u00edn<\/em><\/p>\n","protected":false},"excerpt":{"rendered":"<p>Este 22 de mayo se llev\u00f3 a cabo la 4ta. Feria de la Sexualidad en&#8230;<\/p>\n","protected":false},"author":12,"featured_media":19455,"comment_status":"closed","ping_status":"closed","sticky":false,"template":"","format":"standard","meta":{"pgc_sgb_lightbox_settings":"","footnotes":""},"categories":[2,782],"tags":[181,316,2888],"class_list":["post-19454","post","type-post","status-publish","format-standard","has-post-thumbnail","hentry","category-academica","category-uaslp","tag-conferencias","tag-facultad-de-psicologia","tag-feria-de-sexualidad"],"featured_image_urls":{"full":["https:\/\/wp.uaslp.mx\/noticias\/wp-content\/uploads\/sites\/5\/2025\/05\/WhatsApp-Image-2025-05-22-at-13.37.04.jpeg",1600,900,false],"thumbnail":["https:\/\/wp.uaslp.mx\/noticias\/wp-content\/uploads\/sites\/5\/2025\/05\/WhatsApp-Image-2025-05-22-at-13.37.04-150x150.jpeg",150,150,true],"medium":["https:\/\/wp.uaslp.mx\/noticias\/wp-content\/uploads\/sites\/5\/2025\/05\/WhatsApp-Image-2025-05-22-at-13.37.04-1024x576.jpeg",1024,576,true],"medium_large":["https:\/\/wp.uaslp.mx\/noticias\/wp-content\/uploads\/sites\/5\/2025\/05\/WhatsApp-Image-2025-05-22-at-13.37.04-768x432.jpeg",640,360,true],"large":["https:\/\/wp.uaslp.mx\/noticias\/wp-content\/uploads\/sites\/5\/2025\/05\/WhatsApp-Image-2025-05-22-at-13.37.04.jpeg",1600,900,false],"1536x1536":["https:\/\/wp.uaslp.mx\/noticias\/wp-content\/uploads\/sites\/5\/2025\/05\/WhatsApp-Image-2025-05-22-at-13.37.04-1536x864.jpeg",1536,864,true],"2048x2048":["https:\/\/wp.uaslp.mx\/noticias\/wp-content\/uploads\/sites\/5\/2025\/05\/WhatsApp-Image-2025-05-22-at-13.37.04.jpeg",1600,900,false],"newsever-slider-full":["https:\/\/wp.uaslp.mx\/noticias\/wp-content\/uploads\/sites\/5\/2025\/05\/WhatsApp-Image-2025-05-22-at-13.37.04-1280x845.jpeg",1280,845,true],"newsever-featured":["https:\/\/wp.uaslp.mx\/noticias\/wp-content\/uploads\/sites\/5\/2025\/05\/WhatsApp-Image-2025-05-22-at-13.37.04-1024x576.jpeg",1024,576,true],"newsever-medium":["https:\/\/wp.uaslp.mx\/noticias\/wp-content\/uploads\/sites\/5\/2025\/05\/WhatsApp-Image-2025-05-22-at-13.37.04-720x475.jpeg",720,475,true],"mailpoet_newsletter_max":["https:\/\/wp.uaslp.mx\/noticias\/wp-content\/uploads\/sites\/5\/2025\/05\/WhatsApp-Image-2025-05-22-at-13.37.04-1320x743.jpeg",1320,743,true]},"author_info":{"display_name":"Prensa y difusi\u00f3n","author_link":"https:\/\/wp.uaslp.mx\/noticias\/author\/giovannamorales\/"},"category_info":"<a href=\"https:\/\/wp.uaslp.mx\/noticias\/category\/academica\/\" rel=\"category tag\">Acad\u00e9mica<\/a> <a href=\"https:\/\/wp.uaslp.mx\/noticias\/category\/uaslp\/\" rel=\"category tag\">UASLP<\/a>","tag_info":"UASLP","comment_count":"0","_links":{"self":[{"href":"https:\/\/wp.uaslp.mx\/noticias\/wp-json\/wp\/v2\/posts\/19454","targetHints":{"allow":["GET"]}}],"collection":[{"href":"https:\/\/wp.uaslp.mx\/noticias\/wp-json\/wp\/v2\/posts"}],"about":[{"href":"https:\/\/wp.uaslp.mx\/noticias\/wp-json\/wp\/v2\/types\/post"}],"author":[{"embeddable":true,"href":"https:\/\/wp.uaslp.mx\/noticias\/wp-json\/wp\/v2\/users\/12"}],"replies":[{"embeddable":true,"href":"https:\/\/wp.uaslp.mx\/noticias\/wp-json\/wp\/v2\/comments?post=19454"}],"version-history":[{"count":1,"href":"https:\/\/wp.uaslp.mx\/noticias\/wp-json\/wp\/v2\/posts\/19454\/revisions"}],"predecessor-version":[{"id":19458,"href":"https:\/\/wp.uaslp.mx\/noticias\/wp-json\/wp\/v2\/posts\/19454\/revisions\/19458"}],"wp:featuredmedia":[{"embeddable":true,"href":"https:\/\/wp.uaslp.mx\/noticias\/wp-json\/wp\/v2\/media\/19455"}],"wp:attachment":[{"href":"https:\/\/wp.uaslp.mx\/noticias\/wp-json\/wp\/v2\/media?parent=19454"}],"wp:term":[{"taxonomy":"category","embeddable":true,"href":"https:\/\/wp.uaslp.mx\/noticias\/wp-json\/wp\/v2\/categories?post=19454"},{"taxonomy":"post_tag","embeddable":true,"href":"https:\/\/wp.uaslp.mx\/noticias\/wp-json\/wp\/v2\/tags?post=19454"}],"curies":[{"name":"wp","href":"https:\/\/api.w.org\/{rel}","templated":true}]}}